{"id":1074,"date":"2021-08-18T13:56:09","date_gmt":"2021-08-18T11:56:09","guid":{"rendered":"https:\/\/fotovolgroup.com\/?p=1074"},"modified":"2025-05-27T12:21:02","modified_gmt":"2025-05-27T10:21:02","slug":"sector-fotovoltaic-a-espanya","status":"publish","type":"post","link":"https:\/\/fotovol.com\/ca\/energies-renovables\/sector-fotovoltaic-a-espanya\/","title":{"rendered":"La paradoxa del sector fotovoltaic a Espanya, en comparaci\u00f3 amb Europa"},"content":{"rendered":"<p>La regulaci\u00f3 sobre com els Estats membres de la Uni\u00f3 Europea han d\u2019establir els seus r\u00e8gims d\u2019ajuda a les energies renovables es troba recollida conjuntament. Aquesta informaci\u00f3 es troba a la Directiva Sobre Energies Renovables (2009\/28\/CE). Aquesta dota d\u2019una \u00e0mplia llibertat als Estats membres a l\u2019hora de triar els r\u00e8gims d\u2019ajuda.<\/p>\n<p>Si b\u00e9 \u00e9s cert que Espanya sempre ha estat un dels pa\u00efsos l\u00edders en el suport a les energies renovables, el marc normatiu va canviar al 2007. Abans de l\u2019any 2007 el nivell d\u2019ajuda per a l\u2019energia fotovoltaica era relativament elevat, la qual cosa va provocar l\u2019expansi\u00f3 de la capacitat fotovoltaica instal\u00b7lada. Per\u00f2 aquesta expansi\u00f3 del sector fotovoltaic sumat a altres factors externs, van provocar el d\u00e8ficit en el sector el\u00e8ctric espanyol. Aquest d\u00e8ficit es va utilitzar com la justificaci\u00f3 oficial per a retallar ostensiblement el sistema espanyol d\u2019ajudes a les energies renovables. Aquests canvis legislatius de car\u00e0cter retroactiu i la morat\u00f2ria per al suport a les instal\u00b7lacions ja existents, van provocar canvis. Aquests van ser que les inversions en l\u2019energia fotovoltaica gaireb\u00e9 desapareguessin. A m\u00e9s, l\u2019any 2015 es va introduir una nova Llei sobre l\u2019autoconsum, que va establir \u201cl\u2019impost solar\u201d, ja que s\u2019aplicava \u00fanicament a l\u2019electricitat solar autogenerada.<\/p>\n<h6 id=\"un-nou-marc-normatiu-liberalitzat\"><strong>Un nou marc normatiu liberalitzat<\/strong><\/h6>\n<p>Tanmateix, a partir de l\u2019any 2018 i l\u2019any 2019 es va establir un nou marc normatiu liberalitzat. Aquest es va concretar en el <a href=\"https:\/\/www.boe.es\/boe_catalan\/dias\/2019\/04\/06\/pdfs\/BOE-A-2019-5089-C.pdf\" target=\"_blank\" rel=\"noopener\">Reial decret d\u2019Autoconsum 244\/2019<\/a> i el <a href=\"https:\/\/www.boe.es\/buscar\/doc.php?id=BOE-A-2018-13593\" target=\"_blank\" rel=\"noopener\">Reial decret llei 15\/2008<\/a>. Es van eliminar les barreres econ\u00f2miques i administratives, incloent \u201cl\u2019impost al sol\u201d. A m\u00e9s, es va establir un mecanisme de compensaci\u00f3 simplificada. A trav\u00e9s d\u2019aquests els autoconsumidors poden rebre una compensaci\u00f3 econ\u00f2mica pels excedents d\u2019energia que aboquen en la xarxa.<\/p>\n<p>\u00c9s important entendre que els r\u00e8gims d\u2019ajuda i la legislaci\u00f3 sobre l\u2019autoconsum resulten essencials per a fer viables les energies renovables. Per exemple, \u00e9s essencial definir una tarifa el\u00e8ctrica que acompanyi el proc\u00e9s de transici\u00f3 ecol\u00f2gica i que s\u2019erradiquin les barreres a l\u2019autoconsum i l\u2019efici\u00e8ncia energ\u00e8tica. Per exemple, es podria baixar el pes de la part fixa de la llum a la mitjana de la Uni\u00f3 Europea que se situa en un 23%. La d\u2019Espanya se situa en un 40%, sent el terme fix m\u00e9s alt de la Uni\u00f3 Europea. A trav\u00e9s d\u2019aquestes mesures els consumidors podran veure reflectits en la seva factura els estalvis energ\u00e8tics i econ\u00f2mics. A m\u00e9s, se\u2019ls incentivar\u00e0 a fer un \u00fas racional de l\u2019energia.<\/p>\n<h6 id=\"comparacio-del-marc-legislatiu-daltres-paisos\"><strong>Comparaci\u00f3 del marc legislatiu d&#8217;altres pa\u00efsos<\/strong><\/h6>\n<p>Encara que la renovaci\u00f3 legislativa del Reial decret 244\/2019 ha estat ben rebuda pel sector, la comparaci\u00f3 del marc legislatiu d\u2019altres pa\u00efsos europeus \u00e9s necess\u00e0ria. Per exemple Alemanya, un dels pa\u00efsos l\u00edders globals de producci\u00f3 d\u2019energia neta, registra una de les produccions d\u2019energia fotovoltaica m\u00e9s altes del m\u00f3n.<\/p>\n<p>A Alemanya, m\u00e9s del 39% del consum net del pa\u00eds procedeix de sistemes renovables, amb un 7% provinent de l\u2019energia fotovoltaica. Aix\u00f2 ha estat possible gr\u00e0cies a la Llei d\u2019Energies Renovables de l\u2019any 2000. A m\u00e9s, tamb\u00e9 va establir un sistema de subhasta per als grans productors, el que ha estat essencial per al creixement del sector. El Govern Alemany fins i tot va modificar les normatives a l\u2019any 2019 ja que considerava que el mercat de les energies renovables estava sobre-subvencionat. Fran\u00e7a va presentar al 2015 la Llei de Transici\u00f3 Energ\u00e8tica per al Creixement Verd. Aquesta llei introdu\u00efa plans de millora per a l\u2019efici\u00e8ncia energ\u00e8tica d\u2019edificis per a fer costat a l\u2019autoconsum. A m\u00e9s, el govern franc\u00e8s s\u2019ha comprom\u00e8s a incrementar el pressupost per a les energies renovables en uns 71.000 milions d\u2019euros fins a 2028.<\/p>\n<p>Per conseg\u00fcent, Espanya, segueix lluny de ser un pa\u00eds pioner en l\u2019impuls i la promoci\u00f3 de les energies renovables i l\u2019autoconsum energ\u00e8tic. Per tant, Espanya hauria de continuar evolucionant en la normativa de l\u2019autoconsum i les renovables. A Espanya produir un megawatt d\u2019energia costa 30 euros. En canvi, a Alemanya o Fran\u00e7a costa 40 euros, sumat a l\u2019abund\u00e0ncia d\u2019hores de sol que existeix a Espanya. A m\u00e9s, els beneficis no serien simplement mediambientals sin\u00f3 econ\u00f2mics. Per tant, seria una oportunitat per a reduir la depend\u00e8ncia del petroli i gas exterior que comporta cada any 40.000 milions d\u2019euros.<\/p>\n","protected":false},"excerpt":{"rendered":"<p>Major rendibilitat per\u00f2 menor inversi\u00f3. La regulaci\u00f3 sobre com els Estats membres de la Uni\u00f3 Europea han d&#8217;establir els seus r\u00e8gims d&#8217;ajuda.<\/p>\n","protected":false},"author":1,"featured_media":1076,"comment_status":"open","ping_status":"closed","sticky":false,"template":"","format":"standard","meta":{"_acf_changed":false,"footnotes":""},"categories":[25],"tags":[],"class_list":["post-1074","post","type-post","status-publish","format-standard","has-post-thumbnail","hentry","category-energies-renovables"],"acf":[],"_links":{"self":[{"href":"https:\/\/fotovol.com\/ca\/wp-json\/wp\/v2\/posts\/1074","targetHints":{"allow":["GET"]}}],"collection":[{"href":"https:\/\/fotovol.com\/ca\/wp-json\/wp\/v2\/posts"}],"about":[{"href":"https:\/\/fotovol.com\/ca\/wp-json\/wp\/v2\/types\/post"}],"author":[{"embeddable":true,"href":"https:\/\/fotovol.com\/ca\/wp-json\/wp\/v2\/users\/1"}],"replies":[{"embeddable":true,"href":"https:\/\/fotovol.com\/ca\/wp-json\/wp\/v2\/comments?post=1074"}],"version-history":[{"count":0,"href":"https:\/\/fotovol.com\/ca\/wp-json\/wp\/v2\/posts\/1074\/revisions"}],"wp:featuredmedia":[{"embeddable":true,"href":"https:\/\/fotovol.com\/ca\/wp-json\/wp\/v2\/media\/1076"}],"wp:attachment":[{"href":"https:\/\/fotovol.com\/ca\/wp-json\/wp\/v2\/media?parent=1074"}],"wp:term":[{"taxonomy":"category","embeddable":true,"href":"https:\/\/fotovol.com\/ca\/wp-json\/wp\/v2\/categories?post=1074"},{"taxonomy":"post_tag","embeddable":true,"href":"https:\/\/fotovol.com\/ca\/wp-json\/wp\/v2\/tags?post=1074"}],"curies":[{"name":"wp","href":"https:\/\/api.w.org\/{rel}","templated":true}]}}