{"id":11068,"date":"2025-03-31T23:26:10","date_gmt":"2025-03-31T21:26:10","guid":{"rendered":"https:\/\/fotovol.com\/energies-renovables\/catalunya-supera-els-100-000-cotxes-electrics-que-vol-dir-per-als-punts-de-recarrega\/"},"modified":"2026-02-20T10:11:38","modified_gmt":"2026-02-20T09:11:38","slug":"catalunya-supera-els-100-000-cotxes-electrics-que-vol-dir-per-als-punts-de-recarrega","status":"publish","type":"post","link":"https:\/\/fotovol.com\/ca\/mobilitat-electrica\/catalunya-supera-els-100-000-cotxes-electrics-que-vol-dir-per-als-punts-de-recarrega\/","title":{"rendered":"Catalunya supera els 100.000 cotxes el\u00e8ctrics: qu\u00e8 vol dir per als punts de rec\u00e0rrega?"},"content":{"rendered":"\n<p>Catalunya ha marcat una nova fita en mobilitat sostenible: m\u00e9s de <strong>100.000 vehicles el\u00e8ctrics matriculats<\/strong> fins al 2024, segons dades recents del Govern. Aquesta xifra no nom\u00e9s reflecteix un canvi de mentalitat en els usuaris, sin\u00f3 tamb\u00e9 una transformaci\u00f3 que impacta en la manera com carreguem els nostres vehicles. <\/p>\n\n<h2 class=\"wp-block-heading\" id=\"limpuls-del-pla-illa\">L&#8217;impuls del pla illa<\/h2>\n\n<p>Un dels factors clau en aquest creixement ha estat el <strong>Pla Illa<\/strong> , una estrat\u00e8gia institucional per fomentar l&#8217;electrificaci\u00f3 al sector transport. Aquest pla no nom\u00e9s busca reduir emissions, sin\u00f3 tamb\u00e9 ampliar la <strong>infraestructura de c\u00e0rrega p\u00fablica i privada<\/strong> . <\/p>\n\n<p>L&#8217;augment de cotxes el\u00e8ctrics va acompanyat, necess\u00e0riament, d&#8217;una necessitat m\u00e9s gran de punts de rec\u00e0rrega accessibles, eficients i ben distribu\u00efts.<\/p>\n\n<h2 class=\"wp-block-heading\" id=\"per-que-aixo-tafecta-encara-que-no-tinguis-un-cotxe-electric\">Per qu\u00e8 aix\u00f2 t&#8217;afecta encara que no tinguis un cotxe el\u00e8ctric?<\/h2>\n\n<p>El creixement al parc de vehicles el\u00e8ctrics t\u00e9 un efecte directe a:<\/p>\n\n<ul class=\"wp-block-list\">\n<li><strong>la demanda de carregadors en habitatges unifamiliars i p\u00e0rquings comunitaris<\/strong><\/li>\n\n\n\n<li><strong>la pressi\u00f3 sobre els punts de c\u00e0rrega p\u00fablics<\/strong> , que ja comencen a mostrar signes de saturaci\u00f3<\/li>\n\n\n\n<li><strong>la urg\u00e8ncia d&#8217;adaptar infraestructures a empreses<\/strong> per a flotes sostenibles i empleats<\/li>\n<\/ul>\n\n<p>Aquest context converteix la <strong>instal\u00b7laci\u00f3 dun punt de rec\u00e0rrega privat<\/strong> en una decisi\u00f3 estrat\u00e8gica tant per al present com per al futur.<\/p>\n\n<div class=\"wp-block-cover alignfull is-light wp-duotone-grayscale\"><span aria-hidden=\"true\" class=\"wp-block-cover__background has-background-dim-100 has-background-dim\" style=\"background-color:#ffffff\"><\/span><div class=\"wp-block-cover__inner-container is-layout-constrained wp-container-core-cover-is-layout-bea02a06 wp-block-cover-is-layout-constrained\">\n<div class=\"wp-block-media-text alignwide is-stacked-on-mobile is-vertically-aligned-center is-image-fill-element has-luminous-vivid-orange-color has-text-color has-link-color has-small-font-size wp-elements-47fbdefb1ba1668f8eb8a622afc16f56\" style=\"border-radius:56px;border-top-color:var(--wp--preset--color--luminous-vivid-orange);border-right-color:var(--wp--preset--color--luminous-vivid-orange);border-right-width:5px;border-bottom-color:var(--wp--preset--color--luminous-vivid-orange);border-bottom-width:5px;border-left-color:var(--wp--preset--color--luminous-vivid-orange);margin-top:89;margin-right:89;margin-bottom:89;margin-left:89;padding-top:78;padding-right:78;padding-bottom:78;padding-left:78;grid-template-columns:23% auto\"><figure class=\"wp-block-media-text__media\"><img fetchpriority=\"high\" decoding=\"async\" width=\"492\" height=\"492\" src=\"https:\/\/fotovol.com\/wp-content\/uploads\/2024\/03\/punts-carrega-fotovol-serveis.png\" alt=\"\" class=\"wp-image-8221 size-full\" style=\"object-position:50% 50%\" srcset=\"https:\/\/fotovol.com\/wp-content\/uploads\/2024\/03\/punts-carrega-fotovol-serveis.png 492w, https:\/\/fotovol.com\/wp-content\/uploads\/2024\/03\/punts-carrega-fotovol-serveis-300x300.png 300w, https:\/\/fotovol.com\/wp-content\/uploads\/2024\/03\/punts-carrega-fotovol-serveis-150x150.png 150w\" sizes=\"(max-width: 492px) 100vw, 492px\" \/><\/figure><div class=\"wp-block-media-text__content\">\n<p class=\"has-text-color\" style=\"color:#000000;font-size:32px\"><strong><strong>Fotovol t&#8217;ajuda a fer el pas<\/strong><\/strong><\/p>\n\n\n\n<p class=\"has-text-color\" style=\"color:#000000;font-size:17px\">A Fotovol portem anys instal\u00b7lant solucions personalitzades per <strong>a punts de rec\u00e0rrega a llars, comunitats i empreses<\/strong> . Treballem amb equips homologats, ens ocupem de la gesti\u00f3 de subvencions i adaptem la instal\u00b7laci\u00f3 al teu consum. <\/p>\n\n\n\n<div class=\"wp-block-buttons is-layout-flex wp-block-buttons-is-layout-flex\">\n<div class=\"wp-block-button is-style-fill\"><a class=\"wp-block-button__link wp-element-button\" href=\"https:\/\/fotovol.com\/ca\/servei\/punts-de-recarrega-per-a-vehicles-electrics\/\">Veure servei de punts de rec\u00e0rrega<\/a><\/div>\n<\/div>\n<\/div><\/div>\n<\/div><\/div>\n\n<h2 class=\"wp-block-heading\" id=\"beneficis-dinstallar-el-teu-propi-punt-de-recarrega\">Beneficis d&#8217;instal\u00b7lar el teu propi punt de rec\u00e0rrega<\/h2>\n\n<ul class=\"wp-block-list\">\n<li><strong>Comoditat<\/strong> : carrega el teu vehicle des de casa o la feina sense dependre de tercers.<\/li>\n\n\n\n<li><strong>Estalvi<\/strong> : aprofita tarifes nocturnes o excedent solar si tens plaques.<\/li>\n\n\n\n<li><strong>Revaloraci\u00f3<\/strong> : una pla\u00e7a amb punt de c\u00e0rrega guanya valor al mercat immobiliari.<\/li>\n\n\n\n<li><strong>Independ\u00e8ncia energ\u00e8tica<\/strong> : evites cues i esperes en estacions p\u00fabliques.<\/li>\n\n\n\n<li><\/li>\n<\/ul>\n\n<p>El r\u00e8cord de cotxes el\u00e8ctrics a Catalunya no \u00e9s nom\u00e9s una not\u00edcia positiva per al medi ambient. \u00c9s tamb\u00e9 una <strong>crida a preparar-nos<\/strong> per a un canvi que ja est\u00e0 en marxa. Si est\u00e0s pensant en instal\u00b7lar un punt de rec\u00e0rrega, aquest \u00e9s el millor moment per fer-ho.  <\/p>\n","protected":false},"excerpt":{"rendered":"<p>l&#8217;auge del cotxe el\u00e8ctric a catalunya impulsa la demanda de punts de rec\u00e0rrega privats. descobreix per qu\u00e8 \u00e9s el moment ideal per instal\u00b7lar-ne un al teu habitatge o empresa. <\/p>\n","protected":false},"author":7,"featured_media":11055,"comment_status":"open","ping_status":"closed","sticky":false,"template":"","format":"standard","meta":{"_acf_changed":false,"footnotes":""},"categories":[113],"tags":[],"class_list":["post-11068","post","type-post","status-publish","format-standard","has-post-thumbnail","hentry","category-mobilitat-electrica"],"acf":[],"_links":{"self":[{"href":"https:\/\/fotovol.com\/ca\/wp-json\/wp\/v2\/posts\/11068","targetHints":{"allow":["GET"]}}],"collection":[{"href":"https:\/\/fotovol.com\/ca\/wp-json\/wp\/v2\/posts"}],"about":[{"href":"https:\/\/fotovol.com\/ca\/wp-json\/wp\/v2\/types\/post"}],"author":[{"embeddable":true,"href":"https:\/\/fotovol.com\/ca\/wp-json\/wp\/v2\/users\/7"}],"replies":[{"embeddable":true,"href":"https:\/\/fotovol.com\/ca\/wp-json\/wp\/v2\/comments?post=11068"}],"version-history":[{"count":1,"href":"https:\/\/fotovol.com\/ca\/wp-json\/wp\/v2\/posts\/11068\/revisions"}],"predecessor-version":[{"id":17865,"href":"https:\/\/fotovol.com\/ca\/wp-json\/wp\/v2\/posts\/11068\/revisions\/17865"}],"wp:featuredmedia":[{"embeddable":true,"href":"https:\/\/fotovol.com\/ca\/wp-json\/wp\/v2\/media\/11055"}],"wp:attachment":[{"href":"https:\/\/fotovol.com\/ca\/wp-json\/wp\/v2\/media?parent=11068"}],"wp:term":[{"taxonomy":"category","embeddable":true,"href":"https:\/\/fotovol.com\/ca\/wp-json\/wp\/v2\/categories?post=11068"},{"taxonomy":"post_tag","embeddable":true,"href":"https:\/\/fotovol.com\/ca\/wp-json\/wp\/v2\/tags?post=11068"}],"curies":[{"name":"wp","href":"https:\/\/api.w.org\/{rel}","templated":true}]}}