{"id":11074,"date":"2025-03-31T23:04:19","date_gmt":"2025-03-31T21:04:19","guid":{"rendered":"https:\/\/fotovol.com\/energies-renovables\/quina-autonomia-te-un-cotxe-electric\/"},"modified":"2025-09-08T16:34:02","modified_gmt":"2025-09-08T14:34:02","slug":"quina-autonomia-te-un-cotxe-electric","status":"publish","type":"post","link":"https:\/\/fotovol.com\/ca\/mobilitat-electrica\/quina-autonomia-te-un-cotxe-electric\/","title":{"rendered":"Quina autonomia t\u00e9 un cotxe el\u00e8ctric?"},"content":{"rendered":"\n<p>L&#8217;autonomia \u00e9s una de les primeres preguntes que sorgeixen en considerar un cotxe el\u00e8ctric: quants quil\u00f2metres puc fer amb una sola c\u00e0rrega? La resposta no \u00e9s \u00fanica, ja que dep\u00e8n de m\u00faltiples factors que van m\u00e9s enll\u00e0 de la bateria.   <\/p>\n\n<h2 class=\"wp-block-heading\" id=\"que-es-lautonomia-en-un-cotxe-electric\">Qu\u00e8 \u00e9s lautonomia en un cotxe el\u00e8ctric?<\/h2>\n\n<p>L&#8217;autonomia \u00e9s la dist\u00e0ncia que pot rec\u00f3rrer un cotxe el\u00e8ctric des que la bateria est\u00e0 completament carregada fins que s&#8217;esgota. Es mesura en quil\u00f2metres i pot variar molt en funci\u00f3 de les condicions d\u00fas, fins i tot en un mateix vehicle. <\/p>\n\n<h2 class=\"wp-block-heading\" id=\"principals-factors-que-afecten-lautonomia-real-dun-cotxe\">Principals factors que afecten l&#8217;autonomia real d&#8217;un cotxe<\/h2>\n\n<h3 class=\"wp-block-heading\" id=\"capacitat-de-la-bateria\">Capacitat de la bateria<\/h3>\n\n<p>La bateria \u00e9s el cor del cotxe el\u00e8ctric. Com m\u00e9s gran \u00e9s la seva capacitat \u2014mesura en quilovats hora (kWh)\u2014 m\u00e9s energia pot emmagatzemar i, per tant, m\u00e9s gran pot ser l&#8217;autonomia. <\/p>\n\n<ul class=\"wp-block-list\">\n<li><strong>bateries grans<\/strong> : ofereixen m\u00e9s autonomia, per\u00f2 tamb\u00e9 augmenten el pes i el cost del vehicle.<\/li>\n\n\n\n<li><strong>bateries petites<\/strong> : solen trobar-se en models urbans o compactes, pensats per a trajectes curts.<\/li>\n<\/ul>\n\n<h3 class=\"wp-block-heading\" id=\"eficiencia-energetica-del-vehicle\">Efici\u00e8ncia energ\u00e8tica del vehicle<\/h3>\n\n<p>No tots els cotxes el\u00e8ctrics consumeixen la mateixa quantitat denergia per quil\u00f2metre. L&#8217;efici\u00e8ncia dep\u00e8n del disseny del vehicle, el pes, l&#8217;aerodin\u00e0mica i la gesti\u00f3 del sistema el\u00e8ctric. <\/p>\n\n<ul class=\"wp-block-list\">\n<li><strong>consum mitj\u00e0<\/strong> : s&#8217;expressa en kWh\/100 km o km\/kWh.<\/li>\n\n\n\n<li><strong>recuperaci\u00f3 d&#8217;energia<\/strong> : molts vehicles el\u00e8ctrics regeneren energia durant la frenada, cosa que ajuda a estendre l&#8217;autonomia.<\/li>\n<\/ul>\n\n<h3 class=\"wp-block-heading\" id=\"condicions-de-conduccio\">Condicions de conducci\u00f3<\/h3>\n\n<p>La manera com condueixes influeix directament en l&#8217;autonomia. Alguns exemples: <\/p>\n\n<ul class=\"wp-block-list\">\n<li><strong>velocitat constant i moderada<\/strong> : maximitza el rendiment.<\/li>\n\n\n\n<li><strong>acceleracions brusques i frenades fortes<\/strong> : incrementen el consum.<\/li>\n\n\n\n<li><strong>conducci\u00f3 urbana<\/strong> : afavoreix la regeneraci\u00f3 per\u00f2 pot afectar si hi ha molts sem\u00e0fors i tr\u00e0nsit.<\/li>\n\n\n\n<li><strong>carreteres o autopistes<\/strong> : el consum s&#8217;estabilitza, per\u00f2 a altes velocitats s&#8217;incrementa notablement.<\/li>\n<\/ul>\n\n<h3 class=\"wp-block-heading\" id=\"temperatura-ambient\">Temperatura ambient<\/h3>\n\n<p>El clima tamb\u00e9 hi t\u00e9 un paper rellevant:<\/p>\n\n<ul class=\"wp-block-list\">\n<li><strong>fred extrem<\/strong> : redueix l&#8217;efici\u00e8ncia de la bateria i requereix m\u00e9s energia per a calefacci\u00f3.<\/li>\n\n\n\n<li><strong>calor intensa<\/strong> : pot activar sistemes de refrigeraci\u00f3 que tamb\u00e9 consumeixen bateria.<\/li>\n\n\n\n<li><strong>temperatura \u00f2ptima<\/strong> : entre 15 \u00b0C i 25 \u00b0C, on les bateries funcionen de forma m\u00e9s eficient.<\/li>\n<\/ul>\n\n<h3 class=\"wp-block-heading\" id=\"carrega-i-tipus-de-carregador\">C\u00e0rrega i tipus de carregador<\/h3>\n\n<p>Encara que no modifica directament l&#8217;autonomia, la manera com carregues el teu cotxe pot afectar el seu rendiment a llarg termini.<\/p>\n\n<ul class=\"wp-block-list\">\n<li><strong>c\u00e0rrega dom\u00e8stica lenta<\/strong> : ideal per preservar la salut de la bateria.<\/li>\n\n\n\n<li><strong>c\u00e0rrega r\u00e0pida<\/strong> : \u00fatil per a viatges llargs, per\u00f2 el seu \u00fas continu pot degradar m\u00e9s r\u00e0pid la bateria.<\/li>\n\n\n\n<li><strong>percentatge de c\u00e0rrega recomanat<\/strong> : mantenir la bateria entre el 20% i el 80% per prolongar la seva vida \u00fatil.<\/li>\n<\/ul>\n\n<div class=\"wp-block-cover alignfull is-light wp-duotone-grayscale\"><span aria-hidden=\"true\" class=\"wp-block-cover__background has-background-dim-100 has-background-dim\" style=\"background-color:#ffffff\"><\/span><div class=\"wp-block-cover__inner-container is-layout-constrained wp-container-core-cover-is-layout-bea02a06 wp-block-cover-is-layout-constrained\">\n<div class=\"wp-block-media-text alignwide is-stacked-on-mobile is-vertically-aligned-center is-image-fill-element has-luminous-vivid-orange-color has-text-color has-link-color has-small-font-size wp-elements-fb27acb8be5c42450c2a4ccac5e717df\" style=\"border-radius:56px;border-top-color:var(--wp--preset--color--luminous-vivid-orange);border-right-color:var(--wp--preset--color--luminous-vivid-orange);border-right-width:5px;border-bottom-color:var(--wp--preset--color--luminous-vivid-orange);border-bottom-width:5px;border-left-color:var(--wp--preset--color--luminous-vivid-orange);margin-top:89;margin-right:89;margin-bottom:89;margin-left:89;padding-top:78;padding-right:78;padding-bottom:78;padding-left:78;grid-template-columns:23% auto\"><figure class=\"wp-block-media-text__media\"><img fetchpriority=\"high\" decoding=\"async\" width=\"492\" height=\"492\" src=\"https:\/\/fotovol.com\/wp-content\/uploads\/2024\/03\/punts-carrega-fotovol-serveis.png\" alt=\"\" class=\"wp-image-8221 size-full\" style=\"object-position:50% 50%\" srcset=\"https:\/\/fotovol.com\/wp-content\/uploads\/2024\/03\/punts-carrega-fotovol-serveis.png 492w, https:\/\/fotovol.com\/wp-content\/uploads\/2024\/03\/punts-carrega-fotovol-serveis-300x300.png 300w, https:\/\/fotovol.com\/wp-content\/uploads\/2024\/03\/punts-carrega-fotovol-serveis-150x150.png 150w\" sizes=\"(max-width: 492px) 100vw, 492px\" \/><\/figure><div class=\"wp-block-media-text__content\">\n<p class=\"has-text-color\" style=\"color:#000000;font-size:32px\">Necessites un punt de rec\u00e0rrega a casa oa la teva empresa?<\/p>\n\n\n\n<p class=\"has-text-color\" style=\"color:#000000;font-size:17px\">Instal\u00b7lem carregadors per a vehicles el\u00e8ctrics adaptats a les teves necessitats. R\u00e0pid, segur i amb assessorament personalitzat. <\/p>\n\n\n\n<div class=\"wp-block-buttons is-layout-flex wp-block-buttons-is-layout-flex\">\n<div class=\"wp-block-button is-style-fill\"><a class=\"wp-block-button__link wp-element-button\" href=\"https:\/\/fotovol.com\/ca\/servei\/punts-de-recarrega-per-a-vehicles-electrics\/\">Veure servei de punts de rec\u00e0rrega<\/a><\/div>\n<\/div>\n<\/div><\/div>\n<\/div><\/div>\n\n<h2 class=\"wp-block-heading\" id=\"diferencies-entre-autonomia-teorica-i-real\">Difer\u00e8ncies entre autonomia te\u00f2rica i real<\/h2>\n\n<p>Molts conductors se sorprenen en veure que l&#8217;autonomia real sol ser inferior a la xifra que apareix al cat\u00e0leg. Aix\u00f2 \u00e9s perqu\u00e8 els valors te\u00f2rics es basen en cicles d&#8217;homologaci\u00f3 com el <strong>WLTP<\/strong> (Worldwide Harmonised Light Vehicles Test Procedure), que simulen una conducci\u00f3 est\u00e0ndard per\u00f2 no reflecteixen totes les situacions reals. <\/p>\n\n<h2 class=\"wp-block-heading\" id=\"consells-per-millorar-quilometres-es-poden-fer-amb-un-cotxe-electric\">Consells per millorar quil\u00f2metres es poden fer amb un cotxe el\u00e8ctric<\/h2>\n\n<ul class=\"wp-block-list\">\n<li>Condueix de manera suau i constant.<\/li>\n\n\n\n<li>Aprofiteu la regeneraci\u00f3 d&#8217;energia.<\/li>\n\n\n\n<li>Mantingues la pressi\u00f3 adequada dels pneum\u00e0tics.<\/li>\n\n\n\n<li>Evita carregar objectes innecessaris.<\/li>\n\n\n\n<li>Planifica les teves rutes per evitar embussos o pendents pronunciats.<\/li>\n<\/ul>\n","protected":false},"excerpt":{"rendered":"<p>La capacitat de la bateria, estil de conducci\u00f3 i les condicions ambientals afecten la dist\u00e0ncia que un cotxe el\u00e8ctric pot rec\u00f3rrer amb una sola c\u00e0rrega.<\/p>\n","protected":false},"author":7,"featured_media":11040,"comment_status":"open","ping_status":"closed","sticky":false,"template":"","format":"standard","meta":{"_acf_changed":false,"footnotes":""},"categories":[113],"tags":[],"class_list":["post-11074","post","type-post","status-publish","format-standard","has-post-thumbnail","hentry","category-mobilitat-electrica"],"acf":[],"_links":{"self":[{"href":"https:\/\/fotovol.com\/ca\/wp-json\/wp\/v2\/posts\/11074","targetHints":{"allow":["GET"]}}],"collection":[{"href":"https:\/\/fotovol.com\/ca\/wp-json\/wp\/v2\/posts"}],"about":[{"href":"https:\/\/fotovol.com\/ca\/wp-json\/wp\/v2\/types\/post"}],"author":[{"embeddable":true,"href":"https:\/\/fotovol.com\/ca\/wp-json\/wp\/v2\/users\/7"}],"replies":[{"embeddable":true,"href":"https:\/\/fotovol.com\/ca\/wp-json\/wp\/v2\/comments?post=11074"}],"version-history":[{"count":0,"href":"https:\/\/fotovol.com\/ca\/wp-json\/wp\/v2\/posts\/11074\/revisions"}],"wp:featuredmedia":[{"embeddable":true,"href":"https:\/\/fotovol.com\/ca\/wp-json\/wp\/v2\/media\/11040"}],"wp:attachment":[{"href":"https:\/\/fotovol.com\/ca\/wp-json\/wp\/v2\/media?parent=11074"}],"wp:term":[{"taxonomy":"category","embeddable":true,"href":"https:\/\/fotovol.com\/ca\/wp-json\/wp\/v2\/categories?post=11074"},{"taxonomy":"post_tag","embeddable":true,"href":"https:\/\/fotovol.com\/ca\/wp-json\/wp\/v2\/tags?post=11074"}],"curies":[{"name":"wp","href":"https:\/\/api.w.org\/{rel}","templated":true}]}}