{"id":11304,"date":"2025-04-14T07:33:00","date_gmt":"2025-04-14T05:33:00","guid":{"rendered":"https:\/\/fotovol.com\/energies-renovables\/es-pot-installar-aerotermia-en-una-casa-ja-construida\/"},"modified":"2025-04-16T10:51:12","modified_gmt":"2025-04-16T08:51:12","slug":"es-pot-installar-aerotermia-en-una-casa-ja-construida","status":"publish","type":"post","link":"https:\/\/fotovol.com\/ca\/energies-renovables\/es-pot-installar-aerotermia-en-una-casa-ja-construida\/","title":{"rendered":"Es pot instal\u00b7lar aerot\u00e8rmia en una casa ja constru\u00efda?"},"content":{"rendered":"\n<p>Et trobes b\u00e9 al pis on ets per\u00f2 et preguntes si pots instal\u00b7lar aerot\u00e8rmia en un habitatge ja constru\u00eft o \u00fanicament es pot incloure si \u00e9s obra nova. La resposta \u00e9s s\u00ed, tot i ser habitatge constru\u00eft es pot amb algunes adaptacions pr\u00e8vies. <\/p>\n\n<p>Saps que l&#8217; <strong>aerot\u00e8rmia<\/strong> \u00e9s una tecnologia eficient i sostenible que aprofita l&#8217;energia de l&#8217;aire exterior per climatitzar casa teva per\u00f2&#8230; <strong>qu\u00e8 necessites tenir en compte<\/strong> , com preparar el teu habitatge i <strong>quins passos seguir per a una instal\u00b7laci\u00f3<\/strong> .<\/p>\n\n<h2 class=\"wp-block-heading\" id=\"beneficis-dinstallar-aerotermia-en-un-habitatge-ja-construit\"><strong>Beneficis d&#8217;instal\u00b7lar aerot\u00e8rmia en un habitatge ja constru\u00eft<\/strong><\/h2>\n\n<p>Abans d&#8217;entrar en els detalls t\u00e8cnics, cal recordar per qu\u00e8 tantes persones estan apostant per aquest sistema:<\/p>\n\n<ul class=\"wp-block-list\">\n<li><strong>Estalvi energ\u00e8tic:<\/strong> redueix la factura de la llum i elimina el gas.<\/li>\n\n\n\n<li><strong>Energia neta<\/strong> : aprofita una font renovable (l&#8217;aire).<\/li>\n\n\n\n<li><strong>Confort tot l\u00b4any:<\/strong> calefacci\u00f3 a l\u00b4hivern, refrigeraci\u00f3 al\u00b4estiu.<\/li>\n\n\n\n<li><strong>Compatible amb subvencions i ajuts<\/strong> per a rehabilitaci\u00f3 energ\u00e8tica.<br\/><\/li>\n<\/ul>\n\n<h2 class=\"wp-block-heading\" id=\"que-cal-tenir-en-compte-abans-dinstallar-aerotermia-en-una-casa-existent\"><strong>Qu\u00e8 cal tenir en compte abans d&#8217;instal\u00b7lar aerot\u00e8rmia en una casa existent<\/strong><\/h2>\n\n<p>Encara que s\u00ed que es pot instal\u00b7lar, <strong>hi ha aspectes clau que has de valorar perqu\u00e8 el sistema funcioni correctament<\/strong> i no tinguis problemes a mitj\u00e0 termini.<\/p>\n\n<h3 class=\"wp-block-heading\" id=\"1-aillament-de-lhabitatge\"><strong>1. A\u00efllament de l&#8217;habitatge<\/strong><\/h3>\n\n<p>L&#8217;a\u00efllament \u00e9s crucial. Si casa teva perd molta calor, l&#8217;aerot\u00e8rmia haur\u00e0 de treballar m\u00e9s, i la seva efici\u00e8ncia baixar\u00e0. <\/p>\n\n<p><strong>Qu\u00e8 hi pots fer?<\/strong><\/p>\n\n<ul class=\"wp-block-list\">\n<li>A\u00efllar parets buides i golfes.<\/li>\n\n\n\n<li>Instal\u00b7lar finestres de doble vidre amb trencament de pont t\u00e8rmic.<\/li>\n\n\n\n<li>Segellar buits a portes, endolls, caixes de persianes, etc.<\/li>\n<\/ul>\n\n<h3 class=\"wp-block-heading\" id=\"2-sistema-de-calefaccio-actual\"><strong>2. Sistema de calefacci\u00f3 actual<\/strong><\/h3>\n\n<p><strong>Puc fer servir els meus radiadors de tota la vida?<\/strong>  S\u00ed, encara que si s\u00f3n d&#8217;alta temperatura, el rendiment ser\u00e0 m\u00e9s baix. Els nostres t\u00e8cnics d&#8217;aerot\u00e8rmia us ajudaran a prendre la decisi\u00f3 correcta: aprofitar el que tens o \u00e9s millor canviar tot el sistema. <\/p>\n\n<p><strong>Opcions recomanades:<\/strong><\/p>\n\n<ul class=\"wp-block-list\">\n<li>Radiadors de baixa temperatura.<\/li>\n\n\n\n<li>S\u00f2l radiant (si reformar\u00e0s).<\/li>\n\n\n\n<li>Fancoils (emissors daigua amb ventilador, molt eficients).<\/li>\n<\/ul>\n\n<h3 class=\"wp-block-heading\" id=\"3-distribucio-despais\"><strong>3. Distribuci\u00f3 d&#8217;espais<\/strong><\/h3>\n\n<p>No tots els habitatges requereixen climatitzaci\u00f3 completa. Pots optar per zones concretes (sal\u00f3, dormitoris\u2026) per <strong>reduir el cost inicial i adaptar el sistema als teus h\u00e0bits d\u00fas<\/strong> . <\/p>\n\n<h3 class=\"wp-block-heading\" id=\"4-espai-per-a-la-unitat-exterior\"><strong>4. Espai per a la unitat exterior<\/strong><\/h3>\n\n<p>La bomba de calor necessita instal\u00b7lar-se a l&#8217;exterior i ha de tenir <strong>ventilaci\u00f3 adequada<\/strong> . No tinguis por pel soroll que pots ocasionar als ve\u00efns ja que ara hi ha models molt sielenciosos que amb prou feines es nota quan estan en funcionament si es col\u00b7loquen correctament.   <\/p>\n\n<p><strong>On col\u00b7locar-la?<\/strong><\/p>\n\n<ul class=\"wp-block-list\">\n<li>Terrassa o pati.<\/li>\n\n\n\n<li>Fa\u00e7ana (consultant normativa municipal o comunitat de ve\u00efns).<\/li>\n\n\n\n<li>Coberta o teulada plana.<\/li>\n<\/ul>\n\n<h3 class=\"wp-block-heading\" id=\"5-installacio-electrica\"><strong>5. Instal\u00b7laci\u00f3 el\u00e8ctrica<\/strong><\/h3>\n\n<p>L&#8217;aerot\u00e8rmia requereix electricitat. En alguns habitatges caldr\u00e0: <\/p>\n\n<ul class=\"wp-block-list\">\n<li>Ampliar la pot\u00e8ncia contractada.<\/li>\n\n\n\n<li>Millorar el quadre el\u00e8ctric.<\/li>\n\n\n\n<li>Instal\u00b7lar proteccions addicionals.<\/li>\n<\/ul>\n\n<p>L&#8217;aerot\u00e8rmia \u00e9s compatible amb la <a href=\"https:\/\/fotovol.com\/servicio\/instalaciones-fotovoltaicas-residenciales\/\">instal\u00b7laci\u00f3 de plaques solars al teu habitatge<\/a> , aix\u00ed que si est\u00e0s pensant a integrar-lo ara \u00e9s el moment.  <\/p>\n\n<h2 class=\"wp-block-heading\" id=\"el-que-thas-de-preguntar-abans-de-decidir-te\"><strong>El que t&#8217;has de preguntar abans de decidir-te<\/strong><\/h2>\n\n<p>Fes-te aquestes preguntes per saber si est\u00e0s preparat per fer el pas:<\/p>\n\n<ul class=\"wp-block-list\">\n<li>  \u00bf El meu habitatge est\u00e0 ben a\u00efllat?<\/li>\n\n\n\n<li>  Tinc espai per a la unitat exterior?<\/li>\n\n\n\n<li>\u00das calefacci\u00f3 amb freq\u00fc\u00e8ncia?<\/li>\n\n\n\n<li>Quin tipus de radiadors tinc?<\/li>\n\n\n\n<li>Disposo d&#8217;instal\u00b7laci\u00f3 el\u00e8ctrica adequada?<\/li>\n\n\n\n<li>Estic disposat a fer una petita obra si cal?<\/li>\n<\/ul>\n\n<h2 class=\"wp-block-heading\" id=\"millores-recomanades-abans-dinstallar-aerotermia\"><strong>Millores recomanades abans d&#8217;instal\u00b7lar aerot\u00e8rmia<\/strong><\/h2>\n\n<p>Algunes de les <strong>millores m\u00e9s recomanables<\/strong> abans d&#8217;instal\u00b7lar un sistema aerot\u00e8rmic:<\/p>\n\n<ul class=\"wp-block-list\">\n<li>A\u00efllar golfes i parets sense c\u00e0mera.<\/li>\n\n\n\n<li>Instal\u00b7lar portes i finestres estanques.<\/li>\n\n\n\n<li>Segellar fissures en murs, marcs i punts de pas.<\/li>\n\n\n\n<li>Revisar instal\u00b7laci\u00f3 el\u00e8ctrica.<\/li>\n\n\n\n<li>Avaluar tipus d&#8217;emissors (radiadors o terra radiant).<br\/><\/li>\n<\/ul>\n\n<h2 class=\"wp-block-heading\" id=\"que-fer-si-tens-dubtes\"><strong>Qu\u00e8 fer si tens dubtes<\/strong><\/h2>\n\n<p>No totes les cases s\u00f3n iguals, ni totes les unitats familiars tenen les mateixes necessitats energ\u00e8tiques. Per aix\u00f2, el millor \u00e9s fer uns petits c\u00e0lculs abans de fer el canvi: <\/p>\n\n<ul class=\"wp-block-list\">\n<li>Fer un estudi t\u00e8rmic de la vivenda.<\/li>\n\n\n\n<li>Calculeu la pot\u00e8ncia necess\u00e0ria.<\/li>\n\n\n\n<li>Valorar els equips m\u00e9s adients.<\/li>\n\n\n\n<li>Estimar l&#8217;estalvi i l&#8217;amortitzaci\u00f3.<\/li>\n\n\n\n<li>Ajudar-te a sol\u00b7licitar subvencions o deduccions fiscals.<br\/><\/li>\n<\/ul>\n\n<p>Nom\u00e9s necessites <strong>una bona avaluaci\u00f3 pr\u00e8via, un disseny a mida i un instal\u00b7lador de confian\u00e7a<\/strong> . Si es fa b\u00e9, \u00e9s una inversi\u00f3 que millora el teu confort, redueix el consum i revalora el teu habitatge. <\/p>\n\n<p>T&#8217;agradaria saber si el teu habitatge \u00e9s apte per instal\u00b7lar aerot\u00e8rmia? A Fotovol t&#8217;oferim un <a href=\"https:\/\/fotovol.com\/servicio\/instalacion-aerotermia\/\">estudi personalitzat i sense comprom\u00eds per instal\u00b7lar aerot\u00e8rmia al teu habitatge actual<\/a> .   <br\/><\/p>\n","protected":false},"excerpt":{"rendered":"<p>Instal\u00b7lar aerot\u00e8rmia en un habitatge ja constru\u00eft \u00e9s possible, per\u00f2 la seva instal\u00b7laci\u00f3 requereix certs ajustaments. Tot el que has de tenir en compte per fer-ho b\u00e9. <\/p>\n","protected":false},"author":7,"featured_media":11254,"comment_status":"open","ping_status":"closed","sticky":false,"template":"","format":"standard","meta":{"_acf_changed":false,"footnotes":""},"categories":[25],"tags":[],"class_list":["post-11304","post","type-post","status-publish","format-standard","has-post-thumbnail","hentry","category-energies-renovables"],"acf":[],"_links":{"self":[{"href":"https:\/\/fotovol.com\/ca\/wp-json\/wp\/v2\/posts\/11304","targetHints":{"allow":["GET"]}}],"collection":[{"href":"https:\/\/fotovol.com\/ca\/wp-json\/wp\/v2\/posts"}],"about":[{"href":"https:\/\/fotovol.com\/ca\/wp-json\/wp\/v2\/types\/post"}],"author":[{"embeddable":true,"href":"https:\/\/fotovol.com\/ca\/wp-json\/wp\/v2\/users\/7"}],"replies":[{"embeddable":true,"href":"https:\/\/fotovol.com\/ca\/wp-json\/wp\/v2\/comments?post=11304"}],"version-history":[{"count":0,"href":"https:\/\/fotovol.com\/ca\/wp-json\/wp\/v2\/posts\/11304\/revisions"}],"wp:featuredmedia":[{"embeddable":true,"href":"https:\/\/fotovol.com\/ca\/wp-json\/wp\/v2\/media\/11254"}],"wp:attachment":[{"href":"https:\/\/fotovol.com\/ca\/wp-json\/wp\/v2\/media?parent=11304"}],"wp:term":[{"taxonomy":"category","embeddable":true,"href":"https:\/\/fotovol.com\/ca\/wp-json\/wp\/v2\/categories?post=11304"},{"taxonomy":"post_tag","embeddable":true,"href":"https:\/\/fotovol.com\/ca\/wp-json\/wp\/v2\/tags?post=11304"}],"curies":[{"name":"wp","href":"https:\/\/api.w.org\/{rel}","templated":true}]}}