{"id":12566,"date":"2025-04-17T08:22:00","date_gmt":"2025-04-17T06:22:00","guid":{"rendered":"https:\/\/fotovol.com\/energies-renovables\/problemes-del-terra-radiant-amb-aerotermia-causes-reals-solucions-i-com-prevenir-los\/"},"modified":"2025-05-27T14:09:46","modified_gmt":"2025-05-27T12:09:46","slug":"problemes-del-terra-radiant-amb-aerotermia-causes-reals-solucions-i-com-prevenir-los","status":"publish","type":"post","link":"https:\/\/fotovol.com\/ca\/manteniment-i-emmagatzematge\/problemes-del-terra-radiant-amb-aerotermia-causes-reals-solucions-i-com-prevenir-los\/","title":{"rendered":"Problemes del terra radiant amb aerot\u00e8rmia: causes reals, solucions i com prevenir-los"},"content":{"rendered":"\n<p>L&#8217; <strong>aerot\u00e8rmia amb s\u00f2l radiant<\/strong> \u00e9s sens dubte una de les opcions m\u00e9s eficients per climatitzar un habitatge, ia Problemes del s\u00f2l radiant per aerot\u00e8rmia: causes, prevenci\u00f3 i solucions<\/p>\n\n<p>Tant en pisos com en cases unifamiliars, el terra radiant per aerot\u00e8rmia ofereix confort i efici\u00e8ncia energ\u00e8tica. No obstant aix\u00f2, si no es dissenya, s \u201cinstal\u00b7la o es mant\u00e9 adequadament, poden sorgir problemes que afecten el rendiment, la comoditat i l\u201d estalvi esperat. <\/p>\n\n<p>En base a la nostra experi\u00e8ncia com a instal\u00b7ladors, hem recopilat els problemes m\u00e9s comuns del terra radiant: per qu\u00e8 passen, com prevenir-los i qu\u00e8 fer si ja els est\u00e0s patint.<\/p>\n\n<h2 class=\"wp-block-heading\" id=\"problemes-del-terra-radiant-per-aerotermia\">Problemes del terra radiant per aerot\u00e8rmia<\/h2>\n\n<h3 class=\"wp-block-heading\" id=\"inversio-inicial-elevada\">Inversi\u00f3 inicial elevada<\/h3>\n\n<p>Instal\u00b7lar un sistema d \u201caerot\u00e8rmia amb terra radiant requereix una inversi\u00f3 important, especialment fora d\u201d obra nova. Aix\u00f2 \u00e9s degut a treballs com anivellar s\u00f2ls, integrar a\u00efllament, adaptar la instal\u00b7laci\u00f3 el\u00e8ctrica i realitzar obra civil. <\/p>\n\n<p><strong>\u00bf Com es compensa?<\/strong><\/p>\n\n<ul class=\"wp-block-list\">\n<li>Estudi energ\u00e8tic previ per estimar lestalvi a mitj\u00e0 i llarg termini.<\/li>\n\n\n\n<li>Acc\u00e9s a subvencions i deduccions fiscals.<\/li>\n\n\n\n<li>Amortitzaci\u00f3 mitjana de 5-7 anys en habitatges ben a\u00efllats.<\/li>\n<\/ul>\n\n<h3 class=\"wp-block-heading\" id=\"perdua-deficiencia-en-climes-freds\">P\u00e8rdua d&#8217;efici\u00e8ncia en climes freds<\/h3>\n\n<p>L&#8217;aerot\u00e8rmia en redueix el rendiment quan la temperatura exterior baixa de 5 \u00baC. El sistema necessita m\u00e9s energia per mantenir el confort interior. <\/p>\n\n<p><strong>Solucions:<\/strong><\/p>\n\n<ul class=\"wp-block-list\">\n<li>Equips Inverter amb pot\u00e8ncia sobredimensionada per a clima fred.<\/li>\n\n\n\n<li>Sistemes de suport com a resist\u00e8ncia el\u00e8ctrica, solar t\u00e8rmica o caldera h\u00edbrida.<\/li>\n<\/ul>\n\n<h3 class=\"wp-block-heading\" id=\"inercia-termica-elevada\">In\u00e8rcia t\u00e8rmica elevada<\/h3>\n\n<p>El terra radiant requereix temps per escalfar-se, ja que primer ha d&#8217;elevar la temperatura del formig\u00f3 abans d&#8217;escalfar l&#8217;ambient.<\/p>\n\n<p><strong>Com gestionar-la?<\/strong><\/p>\n\n<ul class=\"wp-block-list\">\n<li>Programar el sistema per mantenir una temperatura constant.<\/li>\n\n\n\n<li>Combinar amb emissors r\u00e0pids (radiadors de baixa temperatura o fancoils).<\/li>\n<\/ul>\n\n<h3 class=\"wp-block-heading\" id=\"condensacio-en-mode-refrescant\">Condensaci\u00f3 en mode refrescant<\/h3>\n\n<p>En mode fred, si el terra es refreda per sota del punt de rosada, pot produir-se condensaci\u00f3, amb risc per a paviments i mobiliari.<\/p>\n\n<p><strong>Prevenci\u00f3:<\/strong><\/p>\n\n<ul class=\"wp-block-list\">\n<li>Instal\u00b7lar sondes d&#8217;humitat i sensors de punt de rosada.<\/li>\n\n\n\n<li>Usar deshumidificadors o ventilaci\u00f3 controlada.<\/li>\n\n\n\n<li>Limiteu la temperatura m\u00ednima de l \u201caigua a l\u201d estiu.<\/li>\n<\/ul>\n\n<h3 class=\"wp-block-heading\" id=\"distribucio-desigual-de-la-calor\">Distribuci\u00f3 desigual de la calor<\/h3>\n\n<p>Zones m\u00e9s fredes o calentes dins del mateix habitatge solen ser deguts a un disseny hidr\u00e0ulic deficient o un a\u00efllament irregular.<\/p>\n\n<p><strong>Soluci\u00f3:<\/strong><\/p>\n\n<ul class=\"wp-block-list\">\n<li>C\u00e0lcul t\u00e8cnic adequat de cabals i longituds.<\/li>\n\n\n\n<li>Col\u00b7lectors amb v\u00e0lvules d&#8217;equilibrat hidr\u00e0ulic.<\/li>\n\n\n\n<li>A\u00efllament t\u00e8rmic homogeni a tot l&#8217;habitatge.<\/li>\n<\/ul>\n\n<h3 class=\"wp-block-heading\" id=\"fuites-a-la-installacio\">Fuites a la instal\u00b7laci\u00f3<\/h3>\n\n<p>Encara que poc freq\u00fcents, les fuites poden ser degudes a errors a la instal\u00b7laci\u00f3 o materials de baixa qualitat.<\/p>\n\n<p><strong>Actuaci\u00f3 recomanada:<\/strong><\/p>\n\n<ul class=\"wp-block-list\">\n<li>Apagar el sistema i revisar pressi\u00f3.<\/li>\n\n\n\n<li>Sol\u00b7licitar prova d&#8217;estanquitat per localitzar la fugida.<\/li>\n\n\n\n<li>Reparar prioritzant zones accessibles des de col\u00b7lectors.<\/li>\n<\/ul>\n\n<h3 class=\"wp-block-heading\" id=\"impacte-visual-i-sonor-de-la-unitat-exterior\">Impacte visual i sonor de la unitat exterior<\/h3>\n\n<p>La bomba de calor exterior pot resultar molesta si no s \u201cescull ni s\u201d ubica correctament.<\/p>\n\n<p><strong>Recomanacions:<\/strong><\/p>\n\n<ul class=\"wp-block-list\">\n<li>Seleccionar models silenciosos (40-55 dB).<\/li>\n\n\n\n<li>Ubicar-la a zones protegides (pati, coberta, caseta).<\/li>\n\n\n\n<li>Usar suports antivibraci\u00f3 i barreres ac\u00fastiques si cal.<\/li>\n<\/ul>\n\n<h3 class=\"wp-block-heading\" id=\"necessitat-de-permisos-i-obra\">Necessitat de permisos i obra<\/h3>\n\n<p>La instal\u00b7laci\u00f3 pot requerir tr\u00e0mits administratius, sobretot en reformes i comunitats de ve\u00efns.<\/p>\n\n<p><strong>Consell:<\/strong><\/p>\n\n<ul class=\"wp-block-list\">\n<li>Contractar un instal\u00b7lador que gestioni permisos i projecte.<\/li>\n\n\n\n<li>Avaluar alternatives si no hi ha espai exterior.<\/li>\n<\/ul>\n\n<h3 class=\"wp-block-heading\" id=\"sobrecarrega-electrica\">Sobrec\u00e0rrega el\u00e8ctrica<\/h3>\n\n<p>Un sistema d&#8217;aerot\u00e8rmia exigeix \u200b\u200buna pot\u00e8ncia contractada adequada. En alguns casos, caldr\u00e0 ampliar-la. <\/p>\n\n<p><strong>Prevenci\u00f3:<\/strong><\/p>\n\n<ul class=\"wp-block-list\">\n<li>Estudi de c\u00e0rregues abans de la instal\u00b7laci\u00f3.<\/li>\n\n\n\n<li>Valorar tarifes amb discriminaci\u00f3 hor\u00e0ria o autoconsum fotovoltaic.<\/li>\n<\/ul>\n\n<h2 class=\"wp-block-heading\" id=\"com-prevenir-problemes-des-de-linici\">Com prevenir problemes des de l&#8217;inici<\/h2>\n\n<ul class=\"wp-block-list\">\n<li>Realitzar un estudi energ\u00e8tic professional.<\/li>\n\n\n\n<li>Avaluar el nivell d\u201fa\u00efllament de l\u201fhabitatge.<\/li>\n\n\n\n<li>Verificar compatibilitat del paviment amb terra radiant.<\/li>\n\n\n\n<li>Confirmeu espai suficient per a la unitat exterior.<\/li>\n\n\n\n<li>Comptar amb instal\u00b7ladors certificats.<\/li>\n\n\n\n<li>Establir un pla de manteniment preventiu.<\/li>\n<\/ul>\n\n<h2 class=\"wp-block-heading\" id=\"problemes-comuns-en-sistemes-ja-installats\">Problemes comuns en sistemes ja instal\u00b7lats<\/h2>\n\n<h3 class=\"wp-block-heading\" id=\"sol-radiant-no-escalfa\">S\u00f2l radiant no escalfa<\/h3>\n\n<p>Es pot deure a baixa pressi\u00f3, aire al circuit, bomba parada, v\u00e0lvules tancades o mal \u00fas del term\u00f2stat.<\/p>\n\n<h3 class=\"wp-block-heading\" id=\"una-habitacio-no-escalfa\">Una habitaci\u00f3 no escalfa<\/h3>\n\n<p>Falles localitzades solen estar lligades a desequilibris hidr\u00e0ulics, v\u00e0lvules tancades o term\u00f2stat avariat.<\/p>\n\n<h3 class=\"wp-block-heading\" id=\"caudalimetre-no-funciona\">Caudal\u00edmetre no funciona<\/h3>\n\n<p>Si no gira o marca malament, hi pot haver cal\u00e7, brut\u00edcia o fallada mec\u00e0nica. Revisar i netejar. <\/p>\n\n<h3 class=\"wp-block-heading\" id=\"el-sistema-triga-molt-a-escalfar\">El sistema triga molt a escalfar<\/h3>\n\n<p>Podria ser una combinaci\u00f3 de baixa temperatura d\u02bbimpuls de baixa temperatura d\u02bbimpuls, mala regulaci\u00f3, o alta in\u00e8rcia t\u00e8rmica sense compensaci\u00f3.<\/p>\n\n<h3 class=\"wp-block-heading\" id=\"fa-soroll\">Fa soroll<\/h3>\n\n<p>El soroll indica aire al circuit, dilatacions o fixacions incorrectes. Cal purgar i revisar subjecci\u00f3 de canonades. <\/p>\n\n<h3 class=\"wp-block-heading\" id=\"perdua-de-pressio\">P\u00e8rdua de pressi\u00f3<\/h3>\n\n<p>Si la pressi\u00f3 baixa sovint, pot ser una fuita, purgador defectu\u00f3s o problema en el got d&#8217;expansi\u00f3.<\/p>\n\n<h3 class=\"wp-block-heading\" id=\"problemes-al-collector\">Problemes al col\u00b7lector<\/h3>\n\n<p>Pot haver-hi v\u00e0lvules encallades, cabals mal equilibrats o petites fuites. La neteja peri\u00f2dica \u00e9s essencial. <\/p>\n\n<h3 class=\"wp-block-heading\" id=\"termostat-no-respon\">Term\u00f2stat no respon<\/h3>\n\n<p>Un term\u00f2stat avariat o mal ubicat afecta el confort i l&#8217;efici\u00e8ncia. Revisar alimentaci\u00f3, sensors i ubicaci\u00f3. <\/p>\n\n<h2 class=\"wp-block-heading\" id=\"problemes-dhumitat-i-condensacio\">Problemes d&#8217;humitat i condensaci\u00f3<\/h2>\n\n<h3 class=\"wp-block-heading\" id=\"condensacio-en-mode-fred\">Condensaci\u00f3 en mode fred<\/h3>\n\n<p>\u00c9s un dels riscos m\u00e9s grans. Es produeix quan el terra est\u00e0 m\u00e9s fred que el punt de rosada de l&#8217;aire ambient. <\/p>\n\n<p><strong>Prevenci\u00f3:<\/strong><\/p>\n\n<ul class=\"wp-block-list\">\n<li>Sensors dhumitat i temperatura de superf\u00edcie.<\/li>\n\n\n\n<li>Control per zones i ventilaci\u00f3 adequada.<\/li>\n<\/ul>\n\n<h3 class=\"wp-block-heading\" id=\"humitat-per-mal-aillament\">Humitat per mal a\u00efllament<\/h3>\n\n<p>Si l \u201cenvoltant de l\u201d habitatge no est\u00e0 ben a\u00efllat, es poden formar condensacions no desitjades.<\/p>\n\n<h3 class=\"wp-block-heading\" id=\"condensacio-en-mobles-i-parets\">Condensaci\u00f3 en mobles i parets<\/h3>\n\n<p>Zones estanques o sense ventilaci\u00f3 poden provocar humitat secund\u00e0ria. <\/p>\n\n<h2 class=\"wp-block-heading\" id=\"manteniment-del-terra-radiant-per-evitar-fallades\">Manteniment del terra radiant per evitar fallades<\/h2>\n\n<h3 class=\"wp-block-heading\" id=\"purgat-diari\">Purgat diari<\/h3>\n\n<p>L \u201caire al sistema redueix el rendiment. \u00c9s essencial purgar despr\u00e9s de la instal\u00b7laci\u00f3 i una vegada a l\u201d any com a m\u00ednim. <\/p>\n\n<h3 class=\"wp-block-heading\" id=\"revisio-anual\">Revisi\u00f3 anual<\/h3>\n\n<p>Reviseu pressi\u00f3, got d&#8217;expansi\u00f3, term\u00f2stats, bombes i v\u00e0lvules. Idealment abans de lhivern. <\/p>\n\n<h3 class=\"wp-block-heading\" id=\"neteja-del-collector\">Neteja del col\u00b7lector<\/h3>\n\n<p>El col\u00b7lector pot acumular cal\u00e7 o fangs. Una neteja anual ajuda a mantenir els cabals equilibrats. <\/p>\n\n<h3 class=\"wp-block-heading\" id=\"reactivacio-despres-de-mesos-dinactivitat\">Reactivaci\u00f3 despr\u00e9s de mesos d&#8217;inactivitat<\/h3>\n\n<p>Abans de tornar a posar en marxa el sistema (per exemple, a la tardor), conv\u00e9 revisar purgues, cabals i pressi\u00f3.<\/p>\n\n<h2 class=\"wp-block-heading\" id=\"que-fer-si-ja-tens-problemes-amb-el-teu-sistema\">Qu\u00e8 fer si ja tens problemes amb el teu sistema<\/h2>\n\n<ul class=\"wp-block-list\">\n<li>Comprova el term\u00f2stat i la programaci\u00f3.<\/li>\n\n\n\n<li>Verifica la pressi\u00f3 del circuit.<\/li>\n\n\n\n<li>Demana una revisi\u00f3 t\u00e8cnica del sistema complet (unitat exterior, col\u00b7lectors, bombes).<\/li>\n\n\n\n<li>Considereu netejar filtres i revisar els cabal\u00edmetres.<\/li>\n\n\n\n<li>Valoreu actualitzar el sistema de control (term\u00f2stats, sensors).<\/li>\n<\/ul>\n\n<p>La majoria dels problemes amb el terra radiant per aerot\u00e8rmia es deuen a errors de disseny, instal\u00b7laci\u00f3 o manca de manteniment. Comptar amb professionals certificats des del principi \u00e9s la millor garantia per evitar avaries i garantir un confort t\u00e8rmic real i durador. <\/p>\n\n<p>Est\u00e0s valorant instal\u00b7lar un sistema d&#8217;aerot\u00e8rmia amb terra radiant i vols fer-ho b\u00e9 des del principi? Coneix el nostre <a href=\"https:\/\/fotovol.com\/ca\/servei\/aerotermia\/\">servei d&#8217;instal\u00b7laci\u00f3 d&#8217;aerot\u00e8rmia<br\/><br\/><\/a> <\/p>\n","protected":false},"excerpt":{"rendered":"<p>Tens dubtes sobre el rendiment o possibles fallades del terra radiant amb aerot\u00e8rmia? T&#8217;expliquem els problemes reals, les causes i com prevenir-los amb solucions efectives. <\/p>\n","protected":false},"author":7,"featured_media":11260,"comment_status":"open","ping_status":"closed","sticky":false,"template":"","format":"standard","meta":{"_acf_changed":false,"footnotes":""},"categories":[116],"tags":[],"class_list":["post-12566","post","type-post","status-publish","format-standard","has-post-thumbnail","hentry","category-manteniment-i-emmagatzematge"],"acf":[],"_links":{"self":[{"href":"https:\/\/fotovol.com\/ca\/wp-json\/wp\/v2\/posts\/12566","targetHints":{"allow":["GET"]}}],"collection":[{"href":"https:\/\/fotovol.com\/ca\/wp-json\/wp\/v2\/posts"}],"about":[{"href":"https:\/\/fotovol.com\/ca\/wp-json\/wp\/v2\/types\/post"}],"author":[{"embeddable":true,"href":"https:\/\/fotovol.com\/ca\/wp-json\/wp\/v2\/users\/7"}],"replies":[{"embeddable":true,"href":"https:\/\/fotovol.com\/ca\/wp-json\/wp\/v2\/comments?post=12566"}],"version-history":[{"count":0,"href":"https:\/\/fotovol.com\/ca\/wp-json\/wp\/v2\/posts\/12566\/revisions"}],"wp:featuredmedia":[{"embeddable":true,"href":"https:\/\/fotovol.com\/ca\/wp-json\/wp\/v2\/media\/11260"}],"wp:attachment":[{"href":"https:\/\/fotovol.com\/ca\/wp-json\/wp\/v2\/media?parent=12566"}],"wp:term":[{"taxonomy":"category","embeddable":true,"href":"https:\/\/fotovol.com\/ca\/wp-json\/wp\/v2\/categories?post=12566"},{"taxonomy":"post_tag","embeddable":true,"href":"https:\/\/fotovol.com\/ca\/wp-json\/wp\/v2\/tags?post=12566"}],"curies":[{"name":"wp","href":"https:\/\/api.w.org\/{rel}","templated":true}]}}