{"id":12752,"date":"2023-06-20T14:16:57","date_gmt":"2023-06-20T12:16:57","guid":{"rendered":"https:\/\/fotovol.com\/energies-renovables\/ajuts-publics-per-a-la-installacio-de-plaques-solars-i-retirada-damiant\/"},"modified":"2026-01-28T01:55:33","modified_gmt":"2026-01-28T00:55:33","slug":"ajuts-publics-per-a-la-installacio-de-plaques-solars-i-retirada-damiant","status":"publish","type":"post","link":"https:\/\/fotovol.com\/ca\/normativa-i-subvencions\/ajuts-publics-per-a-la-installacio-de-plaques-solars-i-retirada-damiant\/","title":{"rendered":"Ajuts p\u00fablics per a la instal\u00b7laci\u00f3 de plaques solars i retirada d&#8217;amiant"},"content":{"rendered":"<p>El 2025, a Girona i al conjunt de Catalunya, hi ha ajudes espec\u00edfiques per a la retirada d \u201camiant (uralita) i per a la instal\u00b7laci\u00f3 de plaques solars fotovoltaiques. A m\u00e9s, \u00e9s possible accedir a subvencions combinades si les dues actuacions s\u201d executen conjuntament, fet que suposa una gran oportunitat per rehabilitar cobertes antigues i generar energia neta.<\/p>\n<h2 id=\"quines-subvencions-hi-ha-per-treure-uralita-a-catalunya-el-2025\">Quines subvencions hi ha per treure uralita a Catalunya el 2025?<\/h2>\n<p>La Generalitat de Catalunya, a trav\u00e9s de l \u201c<a href=\"https:\/\/residus.gencat.cat\/ca\/consultes_i_tramits_-_nou\/subvencions\/amiant\/\" target=\"_blank\" rel=\"noopener\"><strong>Ag\u00e8ncia Catalana de Residus<\/strong><\/a> , mant\u00e9 activa una l\u00ednia de subvencions per a la retirada, el transport i el tractament d\u201d elements que contenen amiant. <strong>Beneficiaris:<\/strong> particulars, comunitats de ve\u00efns, empreses i entitats locals.<br \/>\n<strong>Actuacions subvencionables:<\/strong> cobertes d&#8217;uralita, baixants, tubs, dep\u00f2sits o altres elements.<br \/>\n<strong>Quanties:<\/strong><br \/>\nFins a 2.000 \u20ac per a superf\u00edcies menors de 49 m\u00b2<br \/>\n40 \u20ac\/m\u00b2 per a superf\u00edcies entre 50 i 99 m\u00b2<br \/>\n30 \u20ac\/m\u00b2 entre 100 i 499 m\u00b2<br \/>\n25 \u20ac\/m\u00b2 entre 500 i 999 m\u00b2<br \/>\n20 \u20ac\/m\u00b2 a partir de 1.000 m\u00b2<br \/>\n<strong>Termini:<\/strong> Fins esgotar fons<\/p>\n<h2 id=\"es-poden-combinar-les-ajudes-per-treure-uralita-i-posar-plaques-solars\">Es poden combinar les ajudes per treure uralita i posar plaques solars?<\/h2>\n<p>S\u00ed. A Catalunya \u00e9s perfectament possible presentar projectes combinats per retirar uralita i substituir-la per una coberta amb panells solars. De fet, aquesta estrat\u00e8gia est\u00e0 sent promoguda per la Generalitat com a via per a la transici\u00f3 energ\u00e8tica. <strong>Avantatges:<\/strong><\/p>\n<ul>\n<li>Podeu accedir a dues l\u00ednies de subvenci\u00f3 simult\u00e0nies.<\/li>\n<li>Es redueix el cost total de lobra.<\/li>\n<li>S \u201cadapta a la normativa de residus i l\u201d efici\u00e8ncia energ\u00e8tica.<\/li>\n<\/ul>\n<p>A Fotovol us assessorem sobre la retirada d&#8217;amiant com la instal\u00b7laci\u00f3 solar amb tots els permisos, plans de seguretat i documentaci\u00f3 requerida per sol\u00b7licitar la subvenci\u00f3.<\/p>\n<h2 id=\"requisits-per-demanar-la-subvencio-per-retirada-duralita-a-girona\">Requisits per demanar la subvenci\u00f3 per retirada d&#8217;uralita a girona<\/h2>\n<ul>\n<li>Ser propietari\/\u00e0ria de limmoble.<\/li>\n<li>No tindre deutes amb Hisenda ni Seguretat Social.<\/li>\n<li>Contractar una empresa homologada per RERA.<\/li>\n<li>Presentar un pla de treballs i una mem\u00f2ria t\u00e8cnica.<\/li>\n<li>No haver iniciat els treballs abans de sol\u00b7licitar lajuda.<\/li>\n<\/ul>\n<h2 id=\"quins-tipus-d-edificacions-se-n-poden-beneficiar\">Quins tipus d \u201cedificacions se\u201d n poden beneficiar?<\/h2>\n<ul>\n<li>Habitatges unifamiliars<\/li>\n<li>Comunitats de propietaris<\/li>\n<li>Naus industrials<\/li>\n<li>Locals comercials<\/li>\n<li>Edificis p\u00fablics o privats<\/li>\n<\/ul>\n<h2 id=\"a-fotovol-us-oferim-pressupost-gratuit-i-sense-compromis\">A Fotovol us oferim: Pressupost gratu\u00eft i sense comprom\u00eds.<\/h2>\n<p>A Fotovol <a href=\"https:\/\/fotovol.com\/ca\/ajuts-eficiencia-energetica\/\">tramitem subvencions per a energia solar a Catalunya:<\/a><\/p>\n<ul>\n<li>Projecte t\u00e8cnic complet per sol\u00b7licitar els ajuts.<\/li>\n<li>Tramitaci\u00f3 de permisos i gesti\u00f3 de residus.<\/li>\n<li>Instal\u00b7laci\u00f3 de plaques solars amb enginyeria pr\u00f2pia.<\/li>\n<\/ul>\n<p>Aprofita les subvencions combinades el 2025 i transforma la teua coberta en una instal\u00b7laci\u00f3 energ\u00e8ticament eficient i lliure d&#8217;amiant amb Fotovol.<\/p>\n<h2 id=\"normativa\">Normativa<\/h2>\n<ul>\n<li><a href=\"https:\/\/residus.gencat.cat\/web\/.content\/home\/consultes_i_tramits_-_nou\/subvencions\/subvencions_mixtes\/ajuts_amiant\/ajuts_2024\/resol_TER_4547_2024_es.pdf\" target=\"_blank\" rel=\"noopener\">RESOLUCI\u00d3 TER\/4547\/2024, de 17 de desembre, per la qual s \u201caproven les bases reguladores que han de regir la convocat\u00f2ria d\u201d ajuts destinats a la retirada, en origen, de residus de materials d \u201ca\u00efllament i de la construcci\u00f3 que continguin amiant, ubicats a l\u201d \u00e0mbit territorial de Catalunya. (Tipus de fitxer pdf)(Pes del fitxer)[20 Bytes] <\/a><\/li>\n<li><a href=\"https:\/\/residus.gencat.cat\/web\/.content\/home\/consultes_i_tramits_-_nou\/subvencions\/subvencions_mixtes\/ajuts_amiant\/ajuts_2024\/resol_TER_4638_2024_es.pdf\" target=\"_blank\" rel=\"noopener\">RESOLUCI\u00d3 TER\/4638\/2024, de 19 de desembre, de convocat\u00f2ria d&#8217;ajudes destinades a la retirada, en origen, de residus de materials d&#8217;a\u00efllament i de la construcci\u00f3 que continguin amiant, ubicats a l&#8217;\u00e0mbit territorial de Catalunya (Tipus de fitxer pdf)(Pes del fitxer)[20 Bytes]<\/a><\/li>\n<\/ul>\n","protected":false},"excerpt":{"rendered":"<p>Aprofita el 2025 les subvencions combinades a Girona per retirar uralita i generar energia solar. Fotovol gestiona tot el proc\u00e9s per tu: retirada, instal\u00b7laci\u00f3 i tr\u00e0mits. <\/p>\n","protected":false},"author":7,"featured_media":6349,"comment_status":"open","ping_status":"closed","sticky":false,"template":"","format":"standard","meta":{"_acf_changed":false,"footnotes":""},"categories":[55],"tags":[],"class_list":["post-12752","post","type-post","status-publish","format-standard","has-post-thumbnail","hentry","category-normativa-i-subvencions"],"acf":[],"_links":{"self":[{"href":"https:\/\/fotovol.com\/ca\/wp-json\/wp\/v2\/posts\/12752","targetHints":{"allow":["GET"]}}],"collection":[{"href":"https:\/\/fotovol.com\/ca\/wp-json\/wp\/v2\/posts"}],"about":[{"href":"https:\/\/fotovol.com\/ca\/wp-json\/wp\/v2\/types\/post"}],"author":[{"embeddable":true,"href":"https:\/\/fotovol.com\/ca\/wp-json\/wp\/v2\/users\/7"}],"replies":[{"embeddable":true,"href":"https:\/\/fotovol.com\/ca\/wp-json\/wp\/v2\/comments?post=12752"}],"version-history":[{"count":0,"href":"https:\/\/fotovol.com\/ca\/wp-json\/wp\/v2\/posts\/12752\/revisions"}],"wp:featuredmedia":[{"embeddable":true,"href":"https:\/\/fotovol.com\/ca\/wp-json\/wp\/v2\/media\/6349"}],"wp:attachment":[{"href":"https:\/\/fotovol.com\/ca\/wp-json\/wp\/v2\/media?parent=12752"}],"wp:term":[{"taxonomy":"category","embeddable":true,"href":"https:\/\/fotovol.com\/ca\/wp-json\/wp\/v2\/categories?post=12752"},{"taxonomy":"post_tag","embeddable":true,"href":"https:\/\/fotovol.com\/ca\/wp-json\/wp\/v2\/tags?post=12752"}],"curies":[{"name":"wp","href":"https:\/\/api.w.org\/{rel}","templated":true}]}}