{"id":12786,"date":"2025-06-16T23:02:23","date_gmt":"2025-06-16T21:02:23","guid":{"rendered":"https:\/\/fotovol.com\/energies-renovables\/pla-dimpuls-del-vehicle-electric-a-catalunya-2025-2030-claus-i-oportunitats\/"},"modified":"2026-02-16T08:55:32","modified_gmt":"2026-02-16T07:55:32","slug":"pla-dimpuls-del-vehicle-electric-a-catalunya-2025-2030-claus-i-oportunitats","status":"publish","type":"post","link":"https:\/\/fotovol.com\/ca\/normativa-i-subvencions\/pla-dimpuls-del-vehicle-electric-a-catalunya-2025-2030-claus-i-oportunitats\/","title":{"rendered":"Pla d&#8217;impuls del vehicle el\u00e8ctric a Catalunya 2025-2030: claus i oportunitats"},"content":{"rendered":"\t\t<div data-elementor-type=\"wp-post\" data-elementor-id=\"12786\" class=\"elementor elementor-12786 elementor-12764\" data-elementor-post-type=\"post\">\n\t\t\t\t\t\t<section class=\"elementor-section elementor-top-section elementor-element elementor-element-3e89e0e8 elementor-section-boxed elementor-section-height-default elementor-section-height-default\" data-id=\"3e89e0e8\" data-element_type=\"section\" data-e-type=\"section\">\n\t\t\t\t\t\t<div class=\"elementor-container elementor-column-gap-default\">\n\t\t\t\t\t<div class=\"elementor-column elementor-col-100 elementor-top-column elementor-element elementor-element-46da86c2\" data-id=\"46da86c2\" data-element_type=\"column\" data-e-type=\"column\">\n\t\t\t<div class=\"elementor-widget-wrap elementor-element-populated\">\n\t\t\t\t\t\t<div class=\"elementor-element elementor-element-3930f64c elementor-widget elementor-widget-text-editor\" data-id=\"3930f64c\" data-element_type=\"widget\" data-e-type=\"widget\" data-widget_type=\"text-editor.default\">\n\t\t\t\t<div class=\"elementor-widget-container\">\n\t\t\t\t\t\t\t\t\t\n<p>.<\/p>\n\t\t\t\t\t\t\t\t<\/div>\n\t\t\t\t<\/div>\n\t\t\t\t\t<\/div>\n\t\t<\/div>\n\t\t\t\t\t<\/div>\n\t\t<\/section>\n\t\t\t\t<section class=\"elementor-section elementor-top-section elementor-element elementor-element-0d3f3d5 elementor-section-boxed elementor-section-height-default elementor-section-height-default\" data-id=\"0d3f3d5\" data-element_type=\"section\" data-e-type=\"section\">\n\t\t\t\t\t\t<div class=\"elementor-container elementor-column-gap-default\">\n\t\t\t\t\t<div class=\"elementor-column elementor-col-100 elementor-top-column elementor-element elementor-element-744d7f4\" data-id=\"744d7f4\" data-element_type=\"column\" data-e-type=\"column\">\n\t\t\t<div class=\"elementor-widget-wrap elementor-element-populated\">\n\t\t\t\t\t\t<div class=\"elementor-element elementor-element-87484a3 elementor-widget elementor-widget-text-editor\" data-id=\"87484a3\" data-element_type=\"widget\" data-e-type=\"widget\" data-widget_type=\"text-editor.default\">\n\t\t\t\t<div class=\"elementor-widget-container\">\n\t\t\t\t\t\t\t\t\t<p>Catalunya ha llan\u00e7at el Pla d \u201cImpuls del Vehicle El\u00e8ctric 2025-2030, un projecte ambici\u00f3s que mobilitzar\u00e0 m\u00e9s de 1.400 milions d\u201d euros en inversi\u00f3 p\u00fablica i privada. El seu objectiu \u00e9s clar: accelerar la transici\u00f3 cap a una mobilitat el\u00e8ctrica, sostenible i accessible a tot el territori catal\u00e0.<\/p><h2 id=\"objectius-clau-del-pla\">Objectius clau del pla<\/h2><ul><li>Duplicar el desplegament de punts de rec\u00e0rrega<\/li><li>90% d&#8217;electrificaci\u00f3 de la flota de la Generalitat<\/li><li>Triplicar la penetraci\u00f3 del VE fins assolir la mitjana europea<\/li><li>Millorar la percepci\u00f3 del VE i els seus avantatges<\/li><li>Refor\u00e7ar la ind\u00fastria catalana del VE<\/li><li>Crear una governan\u00e7a publicoprivada estable<\/li><\/ul><h2 id=\"xifres-i-metes-per-al-2030\">Xifres i metes per al 2030<\/h2><p>\u2714\ufe0f 120.000 cotxes el\u00e8ctrics purs matriculats<br \/>\u2714\ufe0f 30.000 h\u00edbrids endollables<br \/>\u2714\ufe0f 30.000 motocicles el\u00e8ctrics<br \/>\u2714\ufe0f 9.000 nous punts de rec\u00e0rrega de titularitat p\u00fablica<br \/>\u2714\ufe0f 470.000 tones de CO2 evitades<\/p><h2 id=\"inversions-previstes-pla-impuls-vehicle-electric\">Inversions previstes Pla impuls Vehicle El\u00e8ctric<\/h2><p>380 M\u20ac: infraestructures de rec\u00e0rrega p\u00fabliques<br \/>880 M\u20ac: incentius a la compra de vehicles el\u00e8ctrics<br \/>10 M\u20ac: campanyes per millorar la percepci\u00f3 social<br \/>135 M\u20ac: ind\u00fastria i innovaci\u00f3 tecnol\u00f2gica<br \/>10 M\u20ac: millora de la governan\u00e7a i efici\u00e8ncia<\/p><h2 id=\"que-significa-aixo-per-a-tu-com-a-usuari-o-empresa\">\u00bf Qu\u00e8 significa aix\u00f2 per a tu com a usuari o empresa?<\/h2><h3 id=\"per-a-particulars\">Per a particulars:<\/h3><p>Major xarxa de punts de rec\u00e0rrega a ciutats i zones rurals<br \/>Possibles subvencions per comprar el teu primer cotxe el\u00e8ctric<br \/>Reducci\u00f3 de costos de mobilitat i emissions<\/p><h3 id=\"per-a-empreses\">Per a empreses:<\/h3><p>Oportunitat d \u201celectrificar la teva flota amb ajuts directes<br \/>Avantatges fiscals i subvencions acumulables<br \/>Millora d\u201d imatge de marca i comprom\u00eds ambiental<\/p><h3 id=\"per-a-municipis\">Per a municipis:<\/h3><p>Acc\u00e9s a fons per instal\u00b7lar infraestructura p\u00fablica<br \/>Incentius per incloure el VE en serveis urbans<\/p><p>A Fotovol instal\u00b7lem punts de rec\u00e0rrega per a cotxes el\u00e8ctrics tant a llars com a empreses i p\u00e0rquings p\u00fablics. Com <a href=\"https:\/\/fotovol.com\/ca\/servei\/punts-de-recarrega-per-a-vehicles-electrics\/\">a especialistes en punts de rec\u00e0rrega<\/a> i energies renovables, analitzem com aquest pla et pot beneficiar i ens encarreguem de:<\/p><ul><li>L&#8217;an\u00e0lisi t\u00e8cnica i viabilitat del punt de rec\u00e0rrega<\/li><li>Instal\u00b7laci\u00f3 amb equips certificats i assegurances<\/li><li>Tramitaci\u00f3 de subvencions i deduccions fiscals<\/li><\/ul><p>Amb el suport del Pla d \u201cImpuls 2025\u20132030, el cotxe el\u00e8ctric ja no \u00e9s el futur sin\u00f3 el present. A Fotovol podem ajudar-te a fer el pas, sigui per a la teva llar, la teva comunitat o el teu negoci. Sol\u00b7licita informaci\u00f3 o pressupost sense comprom\u00eds i beneficia\u201d t de les ajudes actives per a punts de rec\u00e0rrega a Catalunya.<\/p>\t\t\t\t\t\t\t\t<\/div>\n\t\t\t\t<\/div>\n\t\t\t\t\t<\/div>\n\t\t<\/div>\n\t\t\t\t\t<\/div>\n\t\t<\/section>\n\t\t\t\t<section class=\"elementor-section elementor-top-section elementor-element elementor-element-cb2467f elementor-section-boxed elementor-section-height-default elementor-section-height-default\" data-id=\"cb2467f\" data-element_type=\"section\" data-e-type=\"section\">\n\t\t\t\t\t\t<div class=\"elementor-container elementor-column-gap-default\">\n\t\t\t\t\t<div class=\"elementor-column elementor-col-100 elementor-top-column elementor-element elementor-element-2926e58\" data-id=\"2926e58\" data-element_type=\"column\" data-e-type=\"column\">\n\t\t\t<div class=\"elementor-widget-wrap elementor-element-populated\">\n\t\t\t\t\t\t<div class=\"elementor-element elementor-element-768c2a7 elementor-widget elementor-widget-text-editor\" data-id=\"768c2a7\" data-element_type=\"widget\" data-e-type=\"widget\" data-widget_type=\"text-editor.default\">\n\t\t\t\t<div class=\"elementor-widget-container\">\n\t\t\t\t\t\t\t\t\t<h2 id=\"fonts\">Fonts<\/h2><ul><li>Pla d\u00b4impuls del vehicle el\u00e8ctric 2025-2030. (sf). gencat.cat.   https:\/\/web.gencat.cat\/es\/actualitat\/detall\/Pla-dImpuls-del-Vehicle-Electric-2025-2030<\/li><\/ul>\t\t\t\t\t\t\t\t<\/div>\n\t\t\t\t<\/div>\n\t\t\t\t\t<\/div>\n\t\t<\/div>\n\t\t\t\t\t<\/div>\n\t\t<\/section>\n\t\t\t\t<\/div>\n\t\t","protected":false},"excerpt":{"rendered":"<p>El nou pla de Catalunya mobilitza m\u00e9s de 1.400 milions per fomentar el cotxe el\u00e8ctric. A Fotovol t&#8217;ajudem a instal\u00b7lar punts de rec\u00e0rrega amb ajuts p\u00fablics. <\/p>\n","protected":false},"author":7,"featured_media":11055,"comment_status":"open","ping_status":"closed","sticky":false,"template":"","format":"standard","meta":{"_acf_changed":false,"footnotes":""},"categories":[55],"tags":[],"class_list":["post-12786","post","type-post","status-publish","format-standard","has-post-thumbnail","hentry","category-normativa-i-subvencions"],"acf":[],"_links":{"self":[{"href":"https:\/\/fotovol.com\/ca\/wp-json\/wp\/v2\/posts\/12786","targetHints":{"allow":["GET"]}}],"collection":[{"href":"https:\/\/fotovol.com\/ca\/wp-json\/wp\/v2\/posts"}],"about":[{"href":"https:\/\/fotovol.com\/ca\/wp-json\/wp\/v2\/types\/post"}],"author":[{"embeddable":true,"href":"https:\/\/fotovol.com\/ca\/wp-json\/wp\/v2\/users\/7"}],"replies":[{"embeddable":true,"href":"https:\/\/fotovol.com\/ca\/wp-json\/wp\/v2\/comments?post=12786"}],"version-history":[{"count":3,"href":"https:\/\/fotovol.com\/ca\/wp-json\/wp\/v2\/posts\/12786\/revisions"}],"predecessor-version":[{"id":17286,"href":"https:\/\/fotovol.com\/ca\/wp-json\/wp\/v2\/posts\/12786\/revisions\/17286"}],"wp:featuredmedia":[{"embeddable":true,"href":"https:\/\/fotovol.com\/ca\/wp-json\/wp\/v2\/media\/11055"}],"wp:attachment":[{"href":"https:\/\/fotovol.com\/ca\/wp-json\/wp\/v2\/media?parent=12786"}],"wp:term":[{"taxonomy":"category","embeddable":true,"href":"https:\/\/fotovol.com\/ca\/wp-json\/wp\/v2\/categories?post=12786"},{"taxonomy":"post_tag","embeddable":true,"href":"https:\/\/fotovol.com\/ca\/wp-json\/wp\/v2\/tags?post=12786"}],"curies":[{"name":"wp","href":"https:\/\/api.w.org\/{rel}","templated":true}]}}