{"id":13389,"date":"2025-07-24T00:19:56","date_gmt":"2025-07-23T22:19:56","guid":{"rendered":"https:\/\/fotovol.com\/energies-renovables\/cas-dexit-estalvi-del-90-a-la-factura-electrica-gracies-a-una-installacio-solar-a-sant-antoni-de-calonge\/"},"modified":"2026-02-20T10:11:11","modified_gmt":"2026-02-20T09:11:11","slug":"cas-dexit-estalvi-del-90-a-la-factura-electrica-gracies-a-una-installacio-solar-a-sant-antoni-de-calonge","status":"publish","type":"post","link":"https:\/\/fotovol.com\/ca\/casos-dexit\/cas-dexit-estalvi-del-90-a-la-factura-electrica-gracies-a-una-installacio-solar-a-sant-antoni-de-calonge\/","title":{"rendered":"Cas d&#8217;\u00e8xit: estalvi del 90% a la factura el\u00e8ctrica gr\u00e0cies a una instal\u00b7laci\u00f3 solar a Sant Antoni de Calonge"},"content":{"rendered":"\n<p>Avui et compartim un cas molt especial: el de la fam\u00edlia Esteve-Fern\u00e1ndez, que va decidir apostar per l&#8217;autoconsum solar a casa seva a Sant Antoni de Calonge. El que va comen\u00e7ar com una estimaci\u00f3 conservadora d&#8217;estalvi, ha acabat sent un <strong>\u00e8xit rotund<\/strong> : de pagar uns 3.600\u20ac a l&#8217;any en electricitat\u2026 han passat a pagar nom\u00e9s 300\u20ac! <\/p>\n\n<h2 class=\"wp-block-heading\" id=\"situacio-inicial-consum-elevat-en-un-habitatge-totalment-electric\">Situaci\u00f3 inicial: consum elevat en un habitatge totalment el\u00e8ctric<\/h2>\n\n<p>En aquesta casa hi viuen dues persones, per\u00f2 el seu consum era molt superior a la mitjana. Parlem d&#8217;un habitatge d&#8217;uns <strong>230 m\u00b2 constru\u00efts<\/strong> , amb piscina (el motor de la qual funciona 8 hores al dia), diversos aires condicionats i electrodom\u00e8stics que funcionen exclusivament amb electricitat. <\/p>\n\n<p>Com que es tracta d&#8217;un habitatge sense cap altre tipus d&#8217;energia complement\u00e0ria, com ara gas o gasoil, <strong>tot el consum energ\u00e8tic requeia a la xarxa el\u00e8ctrica<\/strong> , cosa que suposava una despesa anual propera als 3.600 \u20ac.<\/p>\n\n<h2 class=\"wp-block-heading\" id=\"lestudi-una-previsio-conservadora-i-realista\">L&#8217;estudi: una previsi\u00f3 conservadora i realista<\/h2>\n\n<p>Com fem sempre, realitzem un estudi personalitzat per estimar lestalvi que podien aconseguir amb una instal\u00b7laci\u00f3 solar adaptada a les seves necessitats. La nostra previsi\u00f3 inicial va ser prudent: <br\/><strong>un estalvi estimat de 1.700 \u20ac a l&#8217;any<\/strong> , gr\u00e0cies a una instal\u00b7laci\u00f3 d&#8217;autoconsum sense bateries de <strong>6,56 kWp<\/strong> .<\/p>\n\n<p><strong>Dades t\u00e8cniques de lestudi:<\/strong><\/p>\n\n<ul class=\"wp-block-list\">\n<li>Consum previ: 9.060 kWh\/any<\/li>\n\n\n\n<li>Tecnologia: sistema <strong>SolarEdge amb optimitzadors<\/strong> , ideal per a zones amb ombres parcials (com antenes, xemeneies o arbres propers)<\/li>\n\n\n\n<li>Subvenci\u00f3 aplicada: <strong>reducci\u00f3 del 30% de l&#8217;IBI<\/strong> durant 3 anys<\/li>\n\n\n\n<li>Instal\u00b7laci\u00f3 realitzada al novembre de 2023<\/li>\n\n\n\n<li>Durada dels treballs: <strong>nom\u00e9s 3 dies<\/strong><\/li>\n\n\n\n<li>Cost total: <strong>9.994,69 \u20ac<\/strong><\/li>\n\n\n\n<li>Amortitzaci\u00f3 estimada: <strong>3 anys<\/strong><\/li>\n<\/ul>\n\n<figure class=\"wp-block-image size-full\"><img fetchpriority=\"high\" decoding=\"async\" width=\"768\" height=\"1024\" src=\"https:\/\/fotovol.com\/wp-content\/uploads\/2025\/07\/WhatsApp-Image-2024-06-28-at-10.21.58.jpeg\" alt=\"\" class=\"wp-image-13459\" srcset=\"https:\/\/fotovol.com\/wp-content\/uploads\/2025\/07\/WhatsApp-Image-2024-06-28-at-10.21.58.jpeg 768w, https:\/\/fotovol.com\/wp-content\/uploads\/2025\/07\/WhatsApp-Image-2024-06-28-at-10.21.58-225x300.jpeg 225w\" sizes=\"(max-width: 768px) 100vw, 768px\" \/><\/figure>\n\n<h2 class=\"wp-block-heading\" id=\"els-resultats-reals-mes-del-doble-del-previst\">Els resultats reals: m\u00e9s del doble del previst<\/h2>\n\n<p>Avui, un any i mig despr\u00e9s de la instal\u00b7laci\u00f3, podem dir que l&#8217;experi\u00e8ncia ha superat amb escreix totes les expectatives:<\/p>\n\n<p>De pagar 3.600\u20ac a l&#8217;any han passat a pagar <strong>nom\u00e9s 300\u20ac<\/strong><br\/> L&#8217;estalvi real ha estat de <strong>3.300 \u20ac\/any<\/strong> , pr\u00e0cticament el <strong>doble<\/strong> del previst<br\/> L&#8217;amortitzaci\u00f3 real del sistema ser\u00e0 fins i tot m\u00e9s r\u00e0pida del que s&#8217;estima<\/p>\n\n<p>I tot plegat, sense necessitat de bateries ni grans complicacions.<\/p>\n\n<blockquote class=\"wp-block-quote is-layout-flow wp-block-quote-is-layout-flow\">\n<p><em>Els nostres <a href=\"https:\/\/fotovol.com\/wp-content\/uploads\/2025\/07\/pressupostFranciscaFernandez_v.pdf\">estudis s\u00f3n sempre conservadors<\/a> , perqu\u00e8 cada llar \u00e9s un m\u00f3n. Per\u00f2 si s&#8217;adopten rutines com posar rentadores a les hores de m\u00e9s sol o programar el funcionament de certs electrodom\u00e8stics, \u00e9s molt f\u00e0cil <strong>superar les previsions inicials.<\/strong> <\/em><\/p>\n<\/blockquote>\n\n<h2 class=\"wp-block-heading\" id=\"beneficis-addicionals\">Beneficis addicionals<\/h2>\n\n<p>A m\u00e9s del brutal estalvi en la factura el\u00e8ctrica, aquesta instal\u00b7laci\u00f3 tamb\u00e9 ha comportat altres avantatges:<\/p>\n\n<ul class=\"wp-block-list\">\n<li><strong>30 % de bonificaci\u00f3 a l&#8217;IBI<\/strong> durant 3 anys (uns 900 \u20ac d&#8217;estalvi extra)<\/li>\n\n\n\n<li><strong>Millor rendiment energ\u00e8tic<\/strong> gr\u00e0cies a l&#8217;\u00fas d&#8217;optimitzadors<\/li>\n\n\n\n<li><strong>M\u00e9s autonomia energ\u00e8tica<\/strong> i tranquil\u00b7litat davant la pujada del preu de la llum<\/li>\n\n\n\n<li><strong>Impacte ambiental positiu<\/strong> gr\u00e0cies a una notable reducci\u00f3 d&#8217;emissions<\/li>\n<\/ul>\n\n<h2 class=\"wp-block-heading\" id=\"testimoni-real\">Testimoni real<\/h2>\n\n<blockquote class=\"wp-block-quote is-layout-flow wp-block-quote-is-layout-flow\">\n<p><em>&#8220;Abans pag\u00e0vem m\u00e9s de 300 \u20ac al mes. Ara, ho paguem en tot un any.&#8221;<\/em><br\/> &#8211; <strong>Francisca Fern\u00e1ndez<\/strong> , propiet\u00e0ria de l&#8217;habitatge<\/p>\n<\/blockquote>\n\n<h2 class=\"wp-block-heading\" id=\"i-tu-quant-podries-estalviar\">I tu, quant podries estalviar?<\/h2>\n\n<p>Aquest \u00e9s nom\u00e9s un exemple real dels molts casos d&#8217;\u00e8xit que gestionem cada dia. Cada habitatge \u00e9s diferent, per\u00f2 amb un bon estudi personalitzat, l&#8217;autoconsum solar es converteix en una inversi\u00f3 rendible, sostenible i molt satisfact\u00f2ria. <\/p>\n\n<p>Vols descobrir quant podries estalviar tu? Contacta&#8217;ns i et preparem el teu propi estudi gratu\u00eft i sense cap comprom\u00eds. <\/p>\n\n<h2 class=\"wp-block-heading\" id=\"resum-del-cas-en-xifres\">Resum del cas en xifres<\/h2>\n\n<figure class=\"wp-block-table\"><table class=\"has-fixed-layout\"><thead><tr><th>Dada<\/th><th>Resultat<\/th><\/tr><\/thead><tbody><tr><td>Tipus d&#8217;instal\u00b7laci\u00f3<\/td><td>Autoconsum sense bateries (6,56 kWp)<\/td><\/tr><tr><td>Consum previ<\/td><td>9.060 kWh\/any<\/td><\/tr><tr><td>Estalvi estimat<\/td><td>1.700 \u20ac\/any<\/td><\/tr><tr><td>Estalvi real<\/td><td>3.300 \u20ac\/any<\/td><\/tr><tr><td>Inversi\u00f3<\/td><td>9.994,69 \u20ac (any 2023)<\/td><\/tr><tr><td>Temps estimat d&#8217;amortitzaci\u00f3<\/td><td>3 anys<\/td><\/tr><tr><td>Subvenci\u00f3 aplicada<\/td><td>30% de reducci\u00f3 de l&#8217;IBI (900 \u20ac)<\/td><\/tr><\/tbody><\/table><\/figure>\n","protected":false},"excerpt":{"rendered":"<p>La fam\u00edlia Esteve-Fern\u00e1ndez va apostar per l&#8217;autoconsum solar a casa seva d&#8217;alt consum. Avui, la factura el\u00e8ctrica ha baixat un 90 %.   <\/p>\n","protected":false},"author":7,"featured_media":13375,"comment_status":"open","ping_status":"closed","sticky":false,"template":"","format":"standard","meta":{"_acf_changed":false,"footnotes":""},"categories":[141],"tags":[],"class_list":["post-13389","post","type-post","status-publish","format-standard","has-post-thumbnail","hentry","category-casos-dexit"],"acf":[],"_links":{"self":[{"href":"https:\/\/fotovol.com\/ca\/wp-json\/wp\/v2\/posts\/13389","targetHints":{"allow":["GET"]}}],"collection":[{"href":"https:\/\/fotovol.com\/ca\/wp-json\/wp\/v2\/posts"}],"about":[{"href":"https:\/\/fotovol.com\/ca\/wp-json\/wp\/v2\/types\/post"}],"author":[{"embeddable":true,"href":"https:\/\/fotovol.com\/ca\/wp-json\/wp\/v2\/users\/7"}],"replies":[{"embeddable":true,"href":"https:\/\/fotovol.com\/ca\/wp-json\/wp\/v2\/comments?post=13389"}],"version-history":[{"count":1,"href":"https:\/\/fotovol.com\/ca\/wp-json\/wp\/v2\/posts\/13389\/revisions"}],"predecessor-version":[{"id":17859,"href":"https:\/\/fotovol.com\/ca\/wp-json\/wp\/v2\/posts\/13389\/revisions\/17859"}],"wp:featuredmedia":[{"embeddable":true,"href":"https:\/\/fotovol.com\/ca\/wp-json\/wp\/v2\/media\/13375"}],"wp:attachment":[{"href":"https:\/\/fotovol.com\/ca\/wp-json\/wp\/v2\/media?parent=13389"}],"wp:term":[{"taxonomy":"category","embeddable":true,"href":"https:\/\/fotovol.com\/ca\/wp-json\/wp\/v2\/categories?post=13389"},{"taxonomy":"post_tag","embeddable":true,"href":"https:\/\/fotovol.com\/ca\/wp-json\/wp\/v2\/tags?post=13389"}],"curies":[{"name":"wp","href":"https:\/\/api.w.org\/{rel}","templated":true}]}}