{"id":13797,"date":"2025-08-24T10:37:20","date_gmt":"2025-08-24T08:37:20","guid":{"rendered":"https:\/\/fotovol.com\/energies-renovables\/cas-dexit-zero-emissions-i-estalvi-total-amb-aerotermia-i-energia-solar-fotovoltaica-a-una-casa-unifamiliar-a-palafrugell-girona\/"},"modified":"2026-02-20T10:11:02","modified_gmt":"2026-02-20T09:11:02","slug":"cas-dexit-zero-emissions-i-estalvi-total-amb-aerotermia-i-energia-solar-fotovoltaica-a-una-casa-unifamiliar-a-palafrugell-girona","status":"publish","type":"post","link":"https:\/\/fotovol.com\/ca\/casos-dexit\/cas-dexit-zero-emissions-i-estalvi-total-amb-aerotermia-i-energia-solar-fotovoltaica-a-una-casa-unifamiliar-a-palafrugell-girona\/","title":{"rendered":"Cas d&#8217;\u00e8xit: zero emissions i estalvi total amb aerot\u00e8rmia i energia solar fotovoltaica a una casa unifamiliar a Palafrugell (Girona)"},"content":{"rendered":"\n<h2 class=\"wp-block-heading\" id=\"situacio-inicial-una-llar-amb-dependencia-energetica-i-factures-elevades\">Situaci\u00f3 inicial: una llar amb depend\u00e8ncia energ\u00e8tica i factures elevades<\/h2>\n\n<p>La fam\u00edlia Riera viu en un <strong>habitatge unifamiliar de 180 m\u00b2 a Palafrugell (Girona)<\/strong> . Fins no fa gaire, depenien d&#8217;una caldera de gas per a la calefacci\u00f3 i d&#8217;un sistema d&#8217;aire condicionat per a la refrigeraci\u00f3. A m\u00e9s, comptaven amb un termo el\u00e8ctric per a l&#8217;aigua calenta sanit\u00e0ria (ACS).  <\/p>\n\n<p>El resultat era una despesa energ\u00e8tica anual propera als <strong>2.200\u20ac<\/strong> , a m\u00e9s d&#8217;un impacte ambiental important per l&#8217;\u00fas de gas. El seu objectiu era clar: <strong>assolir l&#8217;autosufici\u00e8ncia energ\u00e8tica<\/strong> amb un sistema m\u00e9s sostenible, reduir costos i millorar el confort de la vivenda. <\/p>\n\n<h2 class=\"wp-block-heading\" id=\"lestudi-una-solucio-hibrida-i-personalitzada\">Lestudi: una soluci\u00f3 h\u00edbrida i personalitzada<\/h2>\n\n<p>Despr\u00e9s de l&#8217;an\u00e0lisi energ\u00e8tica de l&#8217;habitatge, es va optar per un sistema integral basat en tres eixos:<\/p>\n\n<ul class=\"wp-block-list\">\n<li><strong>Aerot\u00e8rmia aire-aigua<\/strong> per a calefacci\u00f3, refrigeraci\u00f3 i ACS. La bomba de calor extreu energia de l&#8217;aire exterior, aconseguint un alt rendiment fins i tot en climes freds com els hiverns de Girona. <\/li>\n\n\n\n<li><strong>S\u00f2l radiant refrescant<\/strong> a tot l&#8217;habitatge, que garanteix confort t\u00e8rmic tot l&#8217;any amb calor homog\u00e8nia a l&#8217;hivern i frescor a l&#8217;estiu, sense corrents d&#8217;aire.<\/li>\n\n\n\n<li><strong>Instal\u00b7laci\u00f3 solar fotovoltaica<\/strong> dimensionada per cobrir el 80% de la demanda energ\u00e8tica de l&#8217;habitatge, amb bateria d&#8217;emmagatzematge per maximitzar l&#8217;autoconsum.<\/li>\n<\/ul>\n\n<p>La previsi\u00f3 inicial estimava un estalvi de <strong>1.900 \u20ac\/any<\/strong> , a m\u00e9s de reduir significativament les emissions de CO\u2082 associades al consum denergia.<\/p>\n\n<h2 class=\"wp-block-heading\" id=\"la-installacio-aerotermia-i-fotovoltaica-de-darrera-generacio\">La instal\u00b7laci\u00f3: aerot\u00e8rmia i fotovoltaica de darrera generaci\u00f3<\/h2>\n\n<p>La instal\u00b7laci\u00f3 es va completar en tan sols 6 dies:<\/p>\n\n<ul class=\"wp-block-list\">\n<li><strong>Aerot\u00e8rmia Panasonic Aquarea de 7 kW<\/strong> , reconeguda per la seva efici\u00e8ncia i fiabilitat.<\/li>\n\n\n\n<li><strong>Dip\u00f2sit d&#8217;ACS de 200 l<\/strong> , suficient per cobrir les necessitats de la fam\u00edlia.<\/li>\n\n\n\n<li><strong>14 panells solars monocristal\u00b7lins (6,44 kWp)<\/strong> , ideals per aprofitar al m\u00e0xim la radiaci\u00f3 solar de la Costa Brava.<\/li>\n\n\n\n<li><strong>Inversor de 6 kW amb bateria de liti de 5 kWh<\/strong> , que permet emmagatzemar excedents solars i consumir-los en hores sense sol.<\/li>\n<\/ul>\n\n<figure class=\"wp-block-image size-large\"><img fetchpriority=\"high\" decoding=\"async\" width=\"1024\" height=\"768\" src=\"https:\/\/fotovol.com\/wp-content\/uploads\/2025\/08\/Aerotermia-Panasonic-Aquarea-de-7-kW-1024x768.jpg\" alt=\"\" class=\"wp-image-13750\" srcset=\"https:\/\/fotovol.com\/wp-content\/uploads\/2025\/08\/Aerotermia-Panasonic-Aquarea-de-7-kW-1024x768.jpg 1024w, https:\/\/fotovol.com\/wp-content\/uploads\/2025\/08\/Aerotermia-Panasonic-Aquarea-de-7-kW-300x225.jpg 300w, https:\/\/fotovol.com\/wp-content\/uploads\/2025\/08\/Aerotermia-Panasonic-Aquarea-de-7-kW-768x576.jpg 768w, https:\/\/fotovol.com\/wp-content\/uploads\/2025\/08\/Aerotermia-Panasonic-Aquarea-de-7-kW.jpg 1200w\" sizes=\"(max-width: 1024px) 100vw, 1024px\" \/><\/figure>\n\n<h2 class=\"wp-block-heading\" id=\"resultats-reals-independencia-energetica-i-estalvi-del-82\">Resultats reals: independ\u00e8ncia energ\u00e8tica i estalvi del 82%<\/h2>\n\n<p>Despr\u00e9s d&#8217;un any complet de funcionament, els resultats han superat les expectatives:<\/p>\n\n<ul class=\"wp-block-list\">\n<li><strong>Factura energ\u00e8tica zero durant 9 mesos a l&#8217;any<\/strong> .<\/li>\n\n\n\n<li><strong>Despesa anual redu\u00efda a 400 \u20ac<\/strong> , fet que suposa un <strong>estalvi del 82%<\/strong> respecte a la situaci\u00f3 anterior.<\/li>\n\n\n\n<li><strong>Reducci\u00f3 de m\u00e9s de 3 tones de CO\u2082 a l&#8217;any<\/strong> , contribuint activament a la transici\u00f3 energ\u00e8tica i la sostenibilitat local.<\/li>\n\n\n\n<li><strong>Confort total durant tot l&#8217;any<\/strong> , amb calefacci\u00f3 silenciosa a l&#8217;hivern i refrigeraci\u00f3 natural a l&#8217;estiu gr\u00e0cies al terra radiant.<\/li>\n<\/ul>\n\n<h2 class=\"wp-block-heading\" id=\"beneficis-addicionals\">Beneficis addicionals<\/h2>\n\n<ul class=\"wp-block-list\">\n<li>Habitatge m\u00e9s eficient i revaloritzat al mercat immobiliari.<\/li>\n\n\n\n<li>Independ\u00e8ncia energ\u00e8tica davant les pujades del preu de lelectricitat i el gas.<\/li>\n\n\n\n<li>Menys manteniment que els sistemes tradicionals de calefacci\u00f3 i ACS.<\/li>\n\n\n\n<li>Contribuci\u00f3 directa als objectius de descarbonitzaci\u00f3 a Girona i Catalunya.<\/li>\n<\/ul>\n\n<h2 class=\"wp-block-heading\" id=\"testimoni-real\">Testimoni real<\/h2>\n\n<p><em>&#8220;Ara no nom\u00e9s hem redu\u00eft despeses, sin\u00f3 que tamb\u00e9 sentim que fem alguna cosa positiva pel planeta. La casa \u00e9s m\u00e9s confortable i tenim la tranquil\u00b7litat de no dependre de les companyies energ\u00e8tiques.&#8221;<\/em><br\/> \u2014 Joan Riera, propietari de la vivenda<\/p>\n\n<h2 class=\"wp-block-heading\" id=\"resum-del-cas-en-xifres\">Resum del cas en xifres<\/h2>\n\n<figure class=\"wp-block-table\"><table class=\"has-fixed-layout\"><thead><tr><th>Dada<\/th><th>Resultat<\/th><\/tr><\/thead><tbody><tr><td>Tipus d&#8217;instal\u00b7laci\u00f3<\/td><td>Aerot\u00e8rmia + fotovoltaica + terra radiant<\/td><\/tr><tr><td>Pot\u00e8ncia aerot\u00e8rmia<\/td><td>7 kW<\/td><\/tr><tr><td>Pot\u00e8ncia FV<\/td><td>6,44 kWp<\/td><\/tr><tr><td>Consum previ<\/td><td>2.200 \u20ac\/any<\/td><\/tr><tr><td>Estalvi real<\/td><td>1.800 \u20ac\/any<\/td><\/tr><tr><td>Amortitzaci\u00f3<\/td><td>5 anys<\/td><\/tr><tr><td>Emissions evitades<\/td><td>3 t de CO\u2082\/any<\/td><\/tr><\/tbody><\/table><\/figure>\n\n<p><strong>I tu, quant podries estalviar a casa teva a Girona?<\/strong> Demana el teu <strong>estudi energ\u00e8tic gratu\u00eft i sense comprom\u00eds<\/strong> i descobreix si pots combinar <a href=\"https:\/\/fotovol.com\/en\/our-services\/aerothermal\/\"><strong>aerot\u00e8rmia amb plaques solars<\/strong><\/a> per reduir la factura i millorar el confort de la teva llar.<\/p>\n\n<p><\/p>\n","protected":false},"excerpt":{"rendered":"<p>La fam\u00edlia Riera buscava una soluci\u00f3 integral per eliminar-ne la depend\u00e8ncia del gas i l&#8217;electricitat de la xarxa. Avui, gr\u00e0cies a un sistema h\u00edbrid d&#8217;aerot\u00e8rmia i fotovoltaica, gaudeixen de calefacci\u00f3, refrigeraci\u00f3 i aigua calenta sense pagar factures gran part de l&#8217;any. <\/p>\n","protected":false},"author":7,"featured_media":13756,"comment_status":"open","ping_status":"closed","sticky":false,"template":"","format":"standard","meta":{"_acf_changed":false,"footnotes":""},"categories":[141],"tags":[],"class_list":["post-13797","post","type-post","status-publish","format-standard","has-post-thumbnail","hentry","category-casos-dexit"],"acf":[],"_links":{"self":[{"href":"https:\/\/fotovol.com\/ca\/wp-json\/wp\/v2\/posts\/13797","targetHints":{"allow":["GET"]}}],"collection":[{"href":"https:\/\/fotovol.com\/ca\/wp-json\/wp\/v2\/posts"}],"about":[{"href":"https:\/\/fotovol.com\/ca\/wp-json\/wp\/v2\/types\/post"}],"author":[{"embeddable":true,"href":"https:\/\/fotovol.com\/ca\/wp-json\/wp\/v2\/users\/7"}],"replies":[{"embeddable":true,"href":"https:\/\/fotovol.com\/ca\/wp-json\/wp\/v2\/comments?post=13797"}],"version-history":[{"count":1,"href":"https:\/\/fotovol.com\/ca\/wp-json\/wp\/v2\/posts\/13797\/revisions"}],"predecessor-version":[{"id":17853,"href":"https:\/\/fotovol.com\/ca\/wp-json\/wp\/v2\/posts\/13797\/revisions\/17853"}],"wp:featuredmedia":[{"embeddable":true,"href":"https:\/\/fotovol.com\/ca\/wp-json\/wp\/v2\/media\/13756"}],"wp:attachment":[{"href":"https:\/\/fotovol.com\/ca\/wp-json\/wp\/v2\/media?parent=13797"}],"wp:term":[{"taxonomy":"category","embeddable":true,"href":"https:\/\/fotovol.com\/ca\/wp-json\/wp\/v2\/categories?post=13797"},{"taxonomy":"post_tag","embeddable":true,"href":"https:\/\/fotovol.com\/ca\/wp-json\/wp\/v2\/tags?post=13797"}],"curies":[{"name":"wp","href":"https:\/\/api.w.org\/{rel}","templated":true}]}}