{"id":13822,"date":"2025-08-24T12:33:18","date_gmt":"2025-08-24T10:33:18","guid":{"rendered":"https:\/\/fotovol.com\/energies-renovables\/exemples-de-comunitats-energetiques-a-girona-projectes-reals-i-beneficis\/"},"modified":"2026-02-20T10:10:37","modified_gmt":"2026-02-20T09:10:37","slug":"exemples-de-comunitats-energetiques-a-girona-projectes-reals-i-beneficis","status":"publish","type":"post","link":"https:\/\/fotovol.com\/ca\/energies-renovables\/exemples-de-comunitats-energetiques-a-girona-projectes-reals-i-beneficis\/","title":{"rendered":"Exemples de comunitats energ\u00e8tiques a Girona: projectes reals i beneficis"},"content":{"rendered":"\n<p>Les comunitats energ\u00e8tiques han esdevingut una de les solucions m\u00e9s efectives per avan\u00e7ar cap a un model energ\u00e8tic m\u00e9s net, just i sostenible. A Girona, nombrosos municipis ja han engegat projectes que permeten a ve\u00efns, empreses i ajuntaments compartir electricitat renovable, reduir la factura de la llum i contribuir a la lluita contra el canvi clim\u00e0tic. <\/p>\n\n<p>En aquest article us mostrem <strong>exemples reals de comunitats energ\u00e8tiques a Girona<\/strong> , amb dades concretes de pot\u00e8ncia instal\u00b7lada, estalvi ambiental i l&#8217;impacte positiu que generen a cada localitat.<\/p>\n\n<h2 class=\"wp-block-heading\" id=\"que-es-una-comunitat-energetica\">Qu\u00e8 \u00e9s una comunitat energ\u00e8tica?<\/h2>\n\n<p>Una <strong>comunitat energ\u00e8tica<\/strong> \u00e9s una organitzaci\u00f3 formada per ve\u00efns, administracions o petites empreses que decideixen compartir una instal\u00b7laci\u00f3 d&#8217; <strong>energia renovable<\/strong> , normalment solar fotovoltaica. El seu objectiu no \u00e9s obtenir benefici econ\u00f2mic sin\u00f3 generar estalvi, efici\u00e8ncia energ\u00e8tica i sostenibilitat per a tots els participants. <\/p>\n\n<p>Els beneficis principals s\u00f3n:<\/p>\n\n<ul class=\"wp-block-list\">\n<li><strong>Estalvi econ\u00f2mic<\/strong> a la factura de la llum.<\/li>\n\n\n\n<li><strong>Reducci\u00f3 d&#8217;emissions de CO\u2082<\/strong> .<\/li>\n\n\n\n<li><strong>Independ\u00e8ncia energ\u00e8tica local<\/strong> davant de les grans companyies.<\/li>\n\n\n\n<li><strong>Cohesi\u00f3 social<\/strong> , ja que tots els membres participen de forma equitativa.<\/li>\n<\/ul>\n\n<p>A Girona, aquest model est\u00e0 creixent amb for\u00e7a tant a municipis rurals com urbans.<\/p>\n\n<h2 class=\"wp-block-heading\" id=\"exemples-de-comunitats-energetiques-a-girona\">Exemples de comunitats energ\u00e8tiques a Girona<\/h2>\n\n<h3 class=\"wp-block-heading\" id=\"sant-miquel-de-campmajor\">Sant Miquel de Campmajor<\/h3>\n\n<p>La comunitat energ\u00e8tica de Sant Miquel de Campmajor compta amb una instal\u00b7laci\u00f3 de <strong>3,5 kWp<\/strong> , amb un impacte ambiental equivalent a l&#8217;absorci\u00f3 de <strong>10 arbres madurs<\/strong> a l&#8217;any. El projecte abasteix ve\u00efns i depend\u00e8ncies municipals amb energia neta i suposa un gran exemple de sostenibilitat en un entorn rural. <\/p>\n\n<figure class=\"wp-block-image size-large\"><img fetchpriority=\"high\" decoding=\"async\" width=\"1024\" height=\"1024\" src=\"https:\/\/fotovol.com\/wp-content\/uploads\/2023\/05\/Sant-Miquel-de-Campmajor-35-kWp-10-ARBRES-1024x1024.jpg\" alt=\"\" class=\"wp-image-5962\" srcset=\"https:\/\/fotovol.com\/wp-content\/uploads\/2023\/05\/Sant-Miquel-de-Campmajor-35-kWp-10-ARBRES-1024x1024.jpg 1024w, https:\/\/fotovol.com\/wp-content\/uploads\/2023\/05\/Sant-Miquel-de-Campmajor-35-kWp-10-ARBRES-300x300.jpg 300w, https:\/\/fotovol.com\/wp-content\/uploads\/2023\/05\/Sant-Miquel-de-Campmajor-35-kWp-10-ARBRES-150x150.jpg 150w, https:\/\/fotovol.com\/wp-content\/uploads\/2023\/05\/Sant-Miquel-de-Campmajor-35-kWp-10-ARBRES-768x768.jpg 768w, https:\/\/fotovol.com\/wp-content\/uploads\/2023\/05\/Sant-Miquel-de-Campmajor-35-kWp-10-ARBRES-1536x1536.jpg 1536w, https:\/\/fotovol.com\/wp-content\/uploads\/2023\/05\/Sant-Miquel-de-Campmajor-35-kWp-10-ARBRES-2048x2048.jpg 2048w\" sizes=\"(max-width: 1024px) 100vw, 1024px\" \/><\/figure>\n\n<h3 class=\"wp-block-heading\" id=\"figueres\">Figueres<\/h3>\n\n<p>En ple nucli urb\u00e0, Figueres ha posat en marxa una comunitat energ\u00e8tica amb una pot\u00e8ncia instal\u00b7lada de <strong>3,7 kWp<\/strong> , equivalent a <strong>11 arbres madurs<\/strong> . Aquest projecte redueix les emissions a la ciutat i mostra com es pot integrar l&#8217;energia solar en zones urbanes per millorar la qualitat de l&#8217;aire i generar estalvi. <\/p>\n\n<figure class=\"wp-block-image size-large\"><img decoding=\"async\" width=\"1024\" height=\"1024\" src=\"https:\/\/fotovol.com\/wp-content\/uploads\/2023\/05\/FIGUERES-37-kWp-11-ARBRES-1024x1024.jpeg\" alt=\"\" class=\"wp-image-5862\" srcset=\"https:\/\/fotovol.com\/wp-content\/uploads\/2023\/05\/FIGUERES-37-kWp-11-ARBRES-1024x1024.jpeg 1024w, https:\/\/fotovol.com\/wp-content\/uploads\/2023\/05\/FIGUERES-37-kWp-11-ARBRES-300x300.jpeg 300w, https:\/\/fotovol.com\/wp-content\/uploads\/2023\/05\/FIGUERES-37-kWp-11-ARBRES-150x150.jpeg 150w, https:\/\/fotovol.com\/wp-content\/uploads\/2023\/05\/FIGUERES-37-kWp-11-ARBRES-768x768.jpeg 768w, https:\/\/fotovol.com\/wp-content\/uploads\/2023\/05\/FIGUERES-37-kWp-11-ARBRES.jpeg 1400w\" sizes=\"(max-width: 1024px) 100vw, 1024px\" \/><\/figure>\n\n<h3 class=\"wp-block-heading\" id=\"cornella-del-terri\">Cornell\u00e0 del Terri<\/h3>\n\n<p>Amb una instal\u00b7laci\u00f3 de <strong>3,8 kWp<\/strong> (11 arbres equivalents), Cornell\u00e0 del Terri aposta per l&#8217;autoconsum col\u00b7lectiu per a ve\u00efns i serveis municipals. La comunitat energ\u00e8tica ha esdevingut un referent local de sostenibilitat i participaci\u00f3 ciutadana. <\/p>\n\n<figure class=\"wp-block-image size-full\"><img decoding=\"async\" width=\"800\" height=\"600\" src=\"https:\/\/fotovol.com\/wp-content\/uploads\/2023\/05\/Cornella-del-Terri-38-KWp-11-ARBRES-5.jpg\" alt=\"\" class=\"wp-image-5979\" srcset=\"https:\/\/fotovol.com\/wp-content\/uploads\/2023\/05\/Cornella-del-Terri-38-KWp-11-ARBRES-5.jpg 800w, https:\/\/fotovol.com\/wp-content\/uploads\/2023\/05\/Cornella-del-Terri-38-KWp-11-ARBRES-5-300x225.jpg 300w, https:\/\/fotovol.com\/wp-content\/uploads\/2023\/05\/Cornella-del-Terri-38-KWp-11-ARBRES-5-768x576.jpg 768w\" sizes=\"(max-width: 800px) 100vw, 800px\" \/><\/figure>\n\n<h3 class=\"wp-block-heading\" id=\"tossa-de-mar\">Tossa de Mar<\/h3>\n\n<p>En aquest municipi costaner s&#8217;ha impulsat una instal\u00b7laci\u00f3 de <strong>4,3 kWp<\/strong> , equivalent a <strong>13 arbres madurs<\/strong> . La comunitat energ\u00e8tica de Tossa de Mar abasteix edificis municipals i ve\u00efns, refor\u00e7ant el comprom\u00eds del municipi amb la sostenibilitat i el turisme responsable. <\/p>\n\n<figure class=\"wp-block-image size-full\"><img loading=\"lazy\" decoding=\"async\" width=\"800\" height=\"602\" src=\"https:\/\/fotovol.com\/wp-content\/uploads\/2023\/05\/Tossa-de-Mar-43-KW-13-ARBRES-8.jpg\" alt=\"\" class=\"wp-image-6019\" srcset=\"https:\/\/fotovol.com\/wp-content\/uploads\/2023\/05\/Tossa-de-Mar-43-KW-13-ARBRES-8.jpg 800w, https:\/\/fotovol.com\/wp-content\/uploads\/2023\/05\/Tossa-de-Mar-43-KW-13-ARBRES-8-300x226.jpg 300w, https:\/\/fotovol.com\/wp-content\/uploads\/2023\/05\/Tossa-de-Mar-43-KW-13-ARBRES-8-768x578.jpg 768w\" sizes=\"(max-width: 800px) 100vw, 800px\" \/><\/figure>\n\n<h3 class=\"wp-block-heading\" id=\"montagut\">Montagut<\/h3>\n\n<p>Montagut compta amb una de les comunitats energ\u00e8tiques m\u00e9s destacades de la zona rural, amb <strong>5,5 kWp<\/strong> de pot\u00e8ncia i un benefici ambiental equivalent a <strong>38 arbres madurs<\/strong> . Aquest projecte reflecteix com els pobles petits tamb\u00e9 poden liderar la transici\u00f3 energ\u00e8tica. <\/p>\n\n<figure class=\"wp-block-image size-full\"><img loading=\"lazy\" decoding=\"async\" width=\"800\" height=\"600\" src=\"https:\/\/fotovol.com\/wp-content\/uploads\/2023\/05\/Montagut-125-KW-38-ARBRES-6.jpg\" alt=\"\" class=\"wp-image-5986\" srcset=\"https:\/\/fotovol.com\/wp-content\/uploads\/2023\/05\/Montagut-125-KW-38-ARBRES-6.jpg 800w, https:\/\/fotovol.com\/wp-content\/uploads\/2023\/05\/Montagut-125-KW-38-ARBRES-6-300x225.jpg 300w, https:\/\/fotovol.com\/wp-content\/uploads\/2023\/05\/Montagut-125-KW-38-ARBRES-6-768x576.jpg 768w\" sizes=\"(max-width: 800px) 100vw, 800px\" \/><\/figure>\n\n<h3 class=\"wp-block-heading\" id=\"oix\">Oix<\/h3>\n\n<p>En aquest entorn de muntanya, Oix ha desenvolupat una comunitat energ\u00e8tica de <strong>5,5 kWp<\/strong> , amb un estalvi ambiental similar a <strong>17 arbres madurs<\/strong> . Un exemple dintegraci\u00f3 denergies renovables en espais naturals amb baix impacte visual. <\/p>\n\n<figure class=\"wp-block-image size-large\"><img loading=\"lazy\" decoding=\"async\" width=\"1024\" height=\"471\" src=\"https:\/\/fotovol.com\/wp-content\/uploads\/2023\/05\/Oix-55-kWp-17-ARBRES-1024x471.jpg\" alt=\"\" class=\"wp-image-5996\" srcset=\"https:\/\/fotovol.com\/wp-content\/uploads\/2023\/05\/Oix-55-kWp-17-ARBRES-1024x471.jpg 1024w, https:\/\/fotovol.com\/wp-content\/uploads\/2023\/05\/Oix-55-kWp-17-ARBRES-300x138.jpg 300w, https:\/\/fotovol.com\/wp-content\/uploads\/2023\/05\/Oix-55-kWp-17-ARBRES-768x353.jpg 768w, https:\/\/fotovol.com\/wp-content\/uploads\/2023\/05\/Oix-55-kWp-17-ARBRES-1536x707.jpg 1536w, https:\/\/fotovol.com\/wp-content\/uploads\/2023\/05\/Oix-55-kWp-17-ARBRES.jpg 2000w\" sizes=\"(max-width: 1024px) 100vw, 1024px\" \/><\/figure>\n\n<h3 class=\"wp-block-heading\" id=\"pals\">Pals<\/h3>\n\n<p>El municipi de Pals disposa d&#8217;una instal\u00b7laci\u00f3 de <strong>6,2 kWp<\/strong> , fet que suposa una reducci\u00f3 d&#8217;emissions equivalent a <strong>36 arbres madurs<\/strong> . El projecte abasteix tant depend\u00e8ncies p\u00fabliques com ve\u00efns, consolidant un model de sostenibilitat local. <\/p>\n\n<figure class=\"wp-block-image size-large\"><img loading=\"lazy\" decoding=\"async\" width=\"1024\" height=\"614\" src=\"https:\/\/fotovol.com\/wp-content\/uploads\/2023\/05\/PALS-115-kWp-36-ARBRES-2-1024x614.jpg\" alt=\"\" class=\"wp-image-5857\" srcset=\"https:\/\/fotovol.com\/wp-content\/uploads\/2023\/05\/PALS-115-kWp-36-ARBRES-2-1024x614.jpg 1024w, https:\/\/fotovol.com\/wp-content\/uploads\/2023\/05\/PALS-115-kWp-36-ARBRES-2-300x180.jpg 300w, https:\/\/fotovol.com\/wp-content\/uploads\/2023\/05\/PALS-115-kWp-36-ARBRES-2-768x461.jpg 768w, https:\/\/fotovol.com\/wp-content\/uploads\/2023\/05\/PALS-115-kWp-36-ARBRES-2.jpg 1500w\" sizes=\"(max-width: 1024px) 100vw, 1024px\" \/><\/figure>\n\n<h3 class=\"wp-block-heading\" id=\"sant-julia-de-ramis\">Sant Juli\u00e0 de Ramis<\/h3>\n\n<p>Amb una instal\u00b7laci\u00f3 de <strong>13,5 kWp<\/strong> , aquesta comunitat energ\u00e8tica \u00e9s la de m\u00e9s pot\u00e8ncia entre els casos de Girona. El seu impacte equival a <strong>42 arbres madurs<\/strong> i refor\u00e7a el paper de l?ajuntament com a motor de la transici\u00f3 energ\u00e8tica a la comarca. <\/p>\n\n<figure class=\"wp-block-image size-large\"><img loading=\"lazy\" decoding=\"async\" width=\"1024\" height=\"576\" src=\"https:\/\/fotovol.com\/wp-content\/uploads\/2023\/05\/Sant-Julia-de-Ramis-135-KWp-42-ARBRES-3-1024x576.jpg\" alt=\"\" class=\"wp-image-5970\" srcset=\"https:\/\/fotovol.com\/wp-content\/uploads\/2023\/05\/Sant-Julia-de-Ramis-135-KWp-42-ARBRES-3-1024x576.jpg 1024w, https:\/\/fotovol.com\/wp-content\/uploads\/2023\/05\/Sant-Julia-de-Ramis-135-KWp-42-ARBRES-3-300x169.jpg 300w, https:\/\/fotovol.com\/wp-content\/uploads\/2023\/05\/Sant-Julia-de-Ramis-135-KWp-42-ARBRES-3-768x432.jpg 768w, https:\/\/fotovol.com\/wp-content\/uploads\/2023\/05\/Sant-Julia-de-Ramis-135-KWp-42-ARBRES-3-1536x864.jpg 1536w, https:\/\/fotovol.com\/wp-content\/uploads\/2023\/05\/elementor\/thumbs\/Sant-Julia-de-Ramis-135-KWp-42-ARBRES-3-rkaluywmfpmphup5472xryv5zud9obpcyyvezhri8k.jpg 515w, https:\/\/fotovol.com\/wp-content\/uploads\/2023\/05\/Sant-Julia-de-Ramis-135-KWp-42-ARBRES-3.jpg 2000w\" sizes=\"(max-width: 1024px) 100vw, 1024px\" \/><\/figure>\n\n<h2 class=\"wp-block-heading\" id=\"beneficis-comuns-a-totes-aquestes-comunitats-energetiques\">Beneficis comuns a totes aquestes comunitats energ\u00e8tiques<\/h2>\n\n<p>Tot i que cada municipi t\u00e9 caracter\u00edstiques diferents, tots els projectes comparteixen una s\u00e8rie de beneficis clau:<\/p>\n\n<ul class=\"wp-block-list\">\n<li><strong>Estalvi econ\u00f2mic col\u00b7lectiu:<\/strong> ve\u00efns i administracions redueixen de manera directa les factures d&#8217;electricitat.<\/li>\n\n\n\n<li><strong>Reducci\u00f3 d&#8217;emissions:<\/strong> centenars de quilos de CO2 menys emesos a l&#8217;atmosfera cada any.<\/li>\n\n\n\n<li><strong>Sostenibilitat local:<\/strong> els municipis es converteixen en referents de transici\u00f3 energ\u00e8tica.<\/li>\n\n\n\n<li><strong>Independ\u00e8ncia energ\u00e8tica:<\/strong> menys depend\u00e8ncia de les grans companyies i m\u00e9s control local sobre l&#8217;energia.<\/li>\n\n\n\n<li><strong>Impacte social positiu:<\/strong> les comunitats enforteixen la col\u00b7laboraci\u00f3 i generen cohesi\u00f3 entre ve\u00efns.<\/li>\n<\/ul>\n\n<h2 class=\"wp-block-heading\" id=\"com-crear-la-teva-propia-comunitat-energetica-a-girona\">Com crear la teva pr\u00f2pia comunitat energ\u00e8tica a Girona?<\/h2>\n\n<p>Els exemples anteriors demostren que \u00e9s possible posar en marxa projectes d&#8217;autoconsum col\u00b7lectiu a municipis grans, mitjans i petits.<\/p>\n\n<p>\ud83d\udc49 Si est\u00e0s pensant en impulsar una comunitat energ\u00e8tica al teu municipi, barri o comunitat de ve\u00efns, podem ajudar-te en totes les fases:<\/p>\n\n<ul class=\"wp-block-list\">\n<li>Estudi de viabilitat.<\/li>\n\n\n\n<li>Disseny i instal\u00b7laci\u00f3 de la planta solar.<\/li>\n\n\n\n<li>Gesti\u00f3 i assessoria t\u00e8cnica.<\/li>\n\n\n\n<li>Posada en marxa del model de comunitat energ\u00e8tica.<\/li>\n<\/ul>\n\n<p>Consulta el nostre servei d&#8217; <a href=\"https:\/\/fotovol.com\/ca\/servei\/comunitats-energetiques\/\" data-type=\"link\" data-id=\"https:\/\/fotovol.com\/servicio\/comunidades-energeticas\/\"><strong>instal\u00b7laci\u00f3 de comunitats energ\u00e8tiques<\/strong><\/a> i descobreix com et podem ajudar a estalviar, generar energia renovable i construir un futur m\u00e9s sostenible a Girona.<\/p>\n","protected":false},"excerpt":{"rendered":"<p>Breu explicaci\u00f3 de qu\u00e8 \u00e9s una comunitat energ\u00e8tica i per qu\u00e8 Girona s&#8217;est\u00e0 convertint en un referent en autoconsum col\u00b7lectiu.<\/p>\n","protected":false},"author":7,"featured_media":5961,"comment_status":"open","ping_status":"closed","sticky":false,"template":"","format":"standard","meta":{"_acf_changed":false,"footnotes":""},"categories":[25],"tags":[],"class_list":["post-13822","post","type-post","status-publish","format-standard","has-post-thumbnail","hentry","category-energies-renovables"],"acf":[],"_links":{"self":[{"href":"https:\/\/fotovol.com\/ca\/wp-json\/wp\/v2\/posts\/13822","targetHints":{"allow":["GET"]}}],"collection":[{"href":"https:\/\/fotovol.com\/ca\/wp-json\/wp\/v2\/posts"}],"about":[{"href":"https:\/\/fotovol.com\/ca\/wp-json\/wp\/v2\/types\/post"}],"author":[{"embeddable":true,"href":"https:\/\/fotovol.com\/ca\/wp-json\/wp\/v2\/users\/7"}],"replies":[{"embeddable":true,"href":"https:\/\/fotovol.com\/ca\/wp-json\/wp\/v2\/comments?post=13822"}],"version-history":[{"count":1,"href":"https:\/\/fotovol.com\/ca\/wp-json\/wp\/v2\/posts\/13822\/revisions"}],"predecessor-version":[{"id":17844,"href":"https:\/\/fotovol.com\/ca\/wp-json\/wp\/v2\/posts\/13822\/revisions\/17844"}],"wp:featuredmedia":[{"embeddable":true,"href":"https:\/\/fotovol.com\/ca\/wp-json\/wp\/v2\/media\/5961"}],"wp:attachment":[{"href":"https:\/\/fotovol.com\/ca\/wp-json\/wp\/v2\/media?parent=13822"}],"wp:term":[{"taxonomy":"category","embeddable":true,"href":"https:\/\/fotovol.com\/ca\/wp-json\/wp\/v2\/categories?post=13822"},{"taxonomy":"post_tag","embeddable":true,"href":"https:\/\/fotovol.com\/ca\/wp-json\/wp\/v2\/tags?post=13822"}],"curies":[{"name":"wp","href":"https:\/\/api.w.org\/{rel}","templated":true}]}}