{"id":13834,"date":"2025-08-24T12:52:51","date_gmt":"2025-08-24T10:52:51","guid":{"rendered":"https:\/\/fotovol.com\/energies-renovables\/comunitats-energetiques-a-espanya-2025-creixement-regulacio-i-futur\/"},"modified":"2025-08-24T12:53:29","modified_gmt":"2025-08-24T10:53:29","slug":"comunitats-energetiques-a-espanya-2025-creixement-regulacio-i-futur","status":"publish","type":"post","link":"https:\/\/fotovol.com\/ca\/energies-renovables\/comunitats-energetiques-a-espanya-2025-creixement-regulacio-i-futur\/","title":{"rendered":"Comunitats Energ\u00e8tiques a Espanya 2025: Creixement, Regulaci\u00f3 i Futur"},"content":{"rendered":"\n<p>Les comunitats energ\u00e8tiques s&#8217;han consolidat com a pilar clau en la <strong>transici\u00f3 cap a un model energ\u00e8tic sostenible i descentralitzat<\/strong> a Espanya. Aquestes iniciatives permeten que <strong>ciutadans, empreses i administracions<\/strong> participin activament en la generaci\u00f3 i el consum d&#8217;energia renovable, fomentant no nom\u00e9s l&#8217;estalvi i l&#8217;efici\u00e8ncia, sin\u00f3 tamb\u00e9 la cohesi\u00f3 social i la lluita contra el canvi clim\u00e0tic. <\/p>\n\n<p>Segons l&#8217; <a href=\"https:\/\/www.eseficiencia.es\/biblioteca\/2-informe-indicadores-comunidades-energeticas-observatorio-energia-comun\" target=\"_blank\" rel=\"noopener\"><em>II Informe d&#8217;Indicadors de Comunitats Energ\u00e8tiques d&#8217;Efici\u00e8ncia<\/em><\/a> (Observatori d&#8217;Energia Com\u00fa, Ecodes, Redeia i MITECO), a finals de 2024 Espanya va assolir les <strong>659 comunitats energ\u00e8tiques<\/strong> , un creixement del <strong>44% respecte a l&#8217;any anterior<\/strong> .<\/p>\n\n<h2 class=\"wp-block-heading\" id=\"estat-actual-de-les-comunitats-energetiques-a-espanya\">Estat actual de les comunitats energ\u00e8tiques a Espanya<\/h2>\n\n<figure class=\"wp-block-table\"><table class=\"has-fixed-layout\"><thead><tr><th>Any<\/th><th>Nombre de comunitats energ\u00e8tiques<\/th><th>% municipis amb CE<\/th><\/tr><\/thead><tbody><tr><td>2023<\/td><td>479<\/td><td>4,0 %<\/td><\/tr><tr><td>2024<\/td><td>659<\/td><td>8,1 %<\/td><\/tr><\/tbody><\/table><\/figure>\n\n<p>\u27a1\ufe0f <strong>200 noves comunitats energ\u00e8tiques en un any.<\/strong><br\/> \u27a1\ufe0f <strong>El doble de municipis implicats<\/strong> en comparaci\u00f3 del 2023.<\/p>\n\n<p>A m\u00e9s, des del 2018 la capacitat instal\u00b7lada d&#8217;autoconsum a Espanya s&#8217;ha multiplicat per <strong>20<\/strong> , arribant a m\u00e9s de <strong>5 GW<\/strong> .<\/p>\n\n<h2 class=\"wp-block-heading\" id=\"factors-que-expliquen-el-creixement\">Factors que expliquen el creixement<\/h2>\n\n<ol class=\"wp-block-list\">\n<li><strong>Suport institucional<\/strong>\n<ul class=\"wp-block-list\">\n<li><em>Pla de Recuperaci\u00f3, Transformaci\u00f3 i Resili\u00e8ncia<\/em> : m\u00e9s de <strong>100 milions d&#8217;euros<\/strong> destinats a comunitats energ\u00e8tiques.<\/li>\n\n\n\n<li><em>Programa CE Implementa<\/em> : 129 projectes recolzats en quatre convocat\u00f2ries, amb <strong>71,79 milions d&#8217;euros<\/strong> mobilitzats.<\/li>\n\n\n\n<li><em>IDAE<\/em> : publicaci\u00f3 del <strong>mapa interactiu<\/strong> amb m\u00e9s de 40 projectes destacats a tot Espanya.<\/li>\n<\/ul>\n<\/li>\n\n\n\n<li><strong>Expansi\u00f3 territorial<\/strong>\n<ul class=\"wp-block-list\">\n<li>El <strong>8,1% dels municipis espanyols<\/strong> ja tenen almenys una comunitat energ\u00e8tica.<\/li>\n\n\n\n<li>Creixement tant a zones urbanes com a entorns rurals.<\/li>\n<\/ul>\n<\/li>\n\n\n\n<li><strong>Innovaci\u00f3 i digitalitzaci\u00f3<\/strong>\n<ul class=\"wp-block-list\">\n<li>Incorporaci\u00f3 de <strong>xarxes intel\u00b7ligents<\/strong> , sistemes d&#8217; <strong>emmagatzematge energ\u00e8tic<\/strong> i projectes de <strong>mobilitat sostenible<\/strong> .<\/li>\n<\/ul>\n<\/li>\n<\/ol>\n\n<h2 class=\"wp-block-heading\" id=\"marc-regulador-a-espanya\">Marc regulador a Espanya<\/h2>\n\n<p>El creixement no seria possible sense un marc legal favorable:<\/p>\n\n<ul class=\"wp-block-list\">\n<li><strong>Reial decret llei 23\/2020<\/strong> : reconeix el dret de ciutadans i entitats a <strong>produir, consumir, emmagatzemar i compartir energia renovable<\/strong> de manera col\u00b7lectiva.<\/li>\n\n\n\n<li><strong>Reial decret a consulta (abril 2023, MITECO)<\/strong> : crea un <strong>marc regulador flexible<\/strong> i assigna <strong>quotes espec\u00edfiques<\/strong> en subhastes de renovables per a comunitats energ\u00e8tiques.<\/li>\n\n\n\n<li>Directives europees: reforcen el paper d&#8217;aquestes figures a la transici\u00f3 energ\u00e8tica.<\/li>\n<\/ul>\n\n<p>\ud83d\udc49 Gr\u00e0cies a aquestes normatives, els consumidors es converteixen en <strong>\u201cprosumidors\u201d<\/strong> , \u00e9s a dir, productors i consumidors alhora.<\/p>\n\n<h2 class=\"wp-block-heading\" id=\"catalunya-referent-en-comunitats-energetiques\">Catalunya: referent en comunitats energ\u00e8tiques<\/h2>\n\n<p>L&#8217;informe assenyala que les comunitats aut\u00f2nomes on m\u00e9s s&#8217;ha desenvolupat aquest model s\u00f3n <strong>Catalunya, el Pa\u00eds Valenci\u00e0, el Pa\u00eds Basc i Navarra<\/strong> .<\/p>\n\n<p>En el cas de <strong>Catalunya<\/strong> , els factors diferencials s\u00f3n:<\/p>\n\n<ul class=\"wp-block-list\">\n<li>Una <strong>forta tradici\u00f3 cooperativa i municipalista<\/strong> , amb ajuntaments liderant projectes.<\/li>\n\n\n\n<li><strong>Suport institucional<\/strong> des de la Generalitat i acc\u00e9s a programes europeus.<\/li>\n\n\n\n<li>Diversitat de models: des de petits pobles de muntanya fins a projectes urbans a <strong>Girona, Barcelona o Figueres<\/strong> .<\/li>\n\n\n\n<li><strong>Impacte social<\/strong> : diversos projectes inclouen mesures contra la <strong>pobresa energ\u00e8tica<\/strong> i reforcen la <strong>participaci\u00f3 femenina<\/strong> en \u00f2rgans de govern.<\/li>\n<\/ul>\n\n<p>Exemples a la prov\u00edncia de Girona com <strong>Sant Miquel de Campmajor, Tossa de Mar, Pals o Sant Juli\u00e0 de Ramis<\/strong> mostren com l&#8217;autoconsum col\u00b7lectiu ja \u00e9s una realitat que combina estalvi, sostenibilitat i cohesi\u00f3 comunit\u00e0ria.<\/p>\n\n<h2 class=\"wp-block-heading\" id=\"avantatges-de-les-comunitats-energetiques\">Avantatges de les comunitats energ\u00e8tiques<\/h2>\n\n<ol class=\"wp-block-list\">\n<li><strong>Estalvi econ\u00f2mic<\/strong>\n<ul class=\"wp-block-list\">\n<li>Disminuci\u00f3 de la factura de la llum.<\/li>\n\n\n\n<li>Estabilitat davant de la volatilitat de preus energ\u00e8tics.<\/li>\n<\/ul>\n<\/li>\n\n\n\n<li><strong>Impacte ambiental<\/strong>\n<ul class=\"wp-block-list\">\n<li>Menor empremta de carboni.<\/li>\n\n\n\n<li>Reducci\u00f3 de la depend\u00e8ncia de combustibles f\u00f2ssils.<\/li>\n<\/ul>\n<\/li>\n\n\n\n<li><strong>Impacte social<\/strong>\n<ul class=\"wp-block-list\">\n<li>Democratitzaci\u00f3 de lacc\u00e9s a lenergia.<\/li>\n\n\n\n<li>Participaci\u00f3 ciutadana a la presa de decisions.<\/li>\n\n\n\n<li>Inclusi\u00f3 energ\u00e8tica de col\u00b7lectius vulnerables.<\/li>\n<\/ul>\n<\/li>\n<\/ol>\n\n<h2 class=\"wp-block-heading\" id=\"desafiaments\">Desafiaments<\/h2>\n\n<ul class=\"wp-block-list\">\n<li><strong>Finan\u00e7ament<\/strong> : dificultat d&#8217;acc\u00e9s a inversi\u00f3 inicial.<\/li>\n\n\n\n<li><strong>Burocr\u00e0cia i regulaci\u00f3 complexa<\/strong> .<\/li>\n\n\n\n<li><strong>Infraestructura limitada<\/strong> en zones rurals (xarxes intel\u00b7ligents, connectivitat).<\/li>\n\n\n\n<li><strong>Difusi\u00f3 insuficient<\/strong> cap a ciutadania i pimes.<\/li>\n<\/ul>\n\n<h2 class=\"wp-block-heading\" id=\"comparativa-amb-europa\">Comparativa amb Europa<\/h2>\n\n<figure class=\"wp-block-table\"><table class=\"has-fixed-layout\"><thead><tr><th>Pa\u00eds<\/th><th>comunitats energ\u00e8tiques (2025)<\/th><\/tr><\/thead><tbody><tr><td>Alemanya<\/td><td>1.750<\/td><\/tr><tr><td>Espanya<\/td><td>659<\/td><\/tr><tr><td>Dinamarca<\/td><td>450<\/td><\/tr><tr><td>Pa\u00efsos Baixos<\/td><td>400<\/td><\/tr><\/tbody><\/table><\/figure>\n\n<p>  Espanya avan\u00e7a r\u00e0pid, per\u00f2 encara t\u00e9 marge de creixement respecte de pa\u00efsos l\u00edders com Alemanya.<\/p>\n\n<h2 class=\"wp-block-heading\" id=\"futur-i-tendencies\">Futur i tend\u00e8ncies<\/h2>\n\n<ul class=\"wp-block-list\">\n<li>Creixement accelerat gr\u00e0cies a <strong>models de finan\u00e7ament col\u00b7lectiu<\/strong> .<\/li>\n\n\n\n<li>Integraci\u00f3 de <strong>bateries d&#8217;emmagatzematge<\/strong> i <strong>vehicles el\u00e8ctrics<\/strong> .<\/li>\n\n\n\n<li>Expansi\u00f3 a <strong>petits municipis<\/strong> amb suport p\u00fablic.<\/li>\n\n\n\n<li>Augment del <strong>lideratge d&#8217;ajuntaments i cooperatives locals<\/strong> .<\/li>\n<\/ul>\n\n<p>Les <strong>659 comunitats energ\u00e8tiques a Espanya<\/strong> mostren que el model ha deixat de ser experimental per convertir-se en <strong>una realitat consolidada<\/strong> . Tot i els reptes, el creixement est\u00e0 recolzat per un marc legal favorable, la innovaci\u00f3 tecnol\u00f2gica i la consci\u00e8ncia social sobre la necessitat d&#8217;un sistema energ\u00e8tic m\u00e9s net, democr\u00e0tic i sostenible. <\/p>\n\n<p>Si vols saber m\u00e9s sobre com crear una comunitat energ\u00e8tica al teu municipi o barri, consulta el nostre servei d&#8217; <strong><a href=\"https:\/\/fotovol.com\/ca\/servei\/comunitats-energetiques\/\">instal\u00b7laci\u00f3 de comunitats energ\u00e8tiques<\/a><\/strong> . T&#8217;acompanyem en el disseny, gesti\u00f3 i implementaci\u00f3 del projecte perqu\u00e8 formis part activa de la transici\u00f3 energ\u00e8tica. <\/p>\n","protected":false},"excerpt":{"rendered":"<p>El 2025 Espanya compta amb 659 comunitats energ\u00e8tiques. T&#8217;expliquem el creixement, els avantatges i el futur en la transici\u00f3 energ\u00e8tica. <\/p>\n","protected":false},"author":7,"featured_media":5987,"comment_status":"open","ping_status":"closed","sticky":false,"template":"","format":"standard","meta":{"_acf_changed":false,"footnotes":""},"categories":[25],"tags":[],"class_list":["post-13834","post","type-post","status-publish","format-standard","has-post-thumbnail","hentry","category-energies-renovables"],"acf":[],"_links":{"self":[{"href":"https:\/\/fotovol.com\/ca\/wp-json\/wp\/v2\/posts\/13834","targetHints":{"allow":["GET"]}}],"collection":[{"href":"https:\/\/fotovol.com\/ca\/wp-json\/wp\/v2\/posts"}],"about":[{"href":"https:\/\/fotovol.com\/ca\/wp-json\/wp\/v2\/types\/post"}],"author":[{"embeddable":true,"href":"https:\/\/fotovol.com\/ca\/wp-json\/wp\/v2\/users\/7"}],"replies":[{"embeddable":true,"href":"https:\/\/fotovol.com\/ca\/wp-json\/wp\/v2\/comments?post=13834"}],"version-history":[{"count":0,"href":"https:\/\/fotovol.com\/ca\/wp-json\/wp\/v2\/posts\/13834\/revisions"}],"wp:featuredmedia":[{"embeddable":true,"href":"https:\/\/fotovol.com\/ca\/wp-json\/wp\/v2\/media\/5987"}],"wp:attachment":[{"href":"https:\/\/fotovol.com\/ca\/wp-json\/wp\/v2\/media?parent=13834"}],"wp:term":[{"taxonomy":"category","embeddable":true,"href":"https:\/\/fotovol.com\/ca\/wp-json\/wp\/v2\/categories?post=13834"},{"taxonomy":"post_tag","embeddable":true,"href":"https:\/\/fotovol.com\/ca\/wp-json\/wp\/v2\/tags?post=13834"}],"curies":[{"name":"wp","href":"https:\/\/api.w.org\/{rel}","templated":true}]}}