{"id":13849,"date":"2025-08-24T18:34:35","date_gmt":"2025-08-24T16:34:35","guid":{"rendered":"https:\/\/fotovol.com\/energies-renovables\/normativa-comunitats-energetiques\/"},"modified":"2025-11-30T23:18:02","modified_gmt":"2025-11-30T22:18:02","slug":"normativa-comunitats-energetiques","status":"publish","type":"post","link":"https:\/\/fotovol.com\/ca\/normativa-i-subvencions\/normativa-comunitats-energetiques\/","title":{"rendered":"Normativa Comunitats Energ\u00e8tiques"},"content":{"rendered":"\n<p>Les <strong>comunitats energ\u00e8tiques<\/strong> s\u00f3n clau en la transici\u00f3 cap a un model energ\u00e8tic <strong>descentralitzat, sostenible i participatiu<\/strong> . Gr\u00e0cies als canvis reguladors de la Uni\u00f3 Europea i la seva transposici\u00f3 a Espanya, avui els ciutadans poden generar, compartir i consumir energia renovable de manera col\u00b7lectiva. <\/p>\n\n<h3 class=\"wp-block-heading\" id=\"normativa-europea-les-dues-figures-clau\">Normativa europea: les dues figures clau<\/h3>\n\n<p>A Europa, el <strong>Paquet d&#8217;Energia Neta<\/strong> distingeix entre dos models:<\/p>\n\n<figure class=\"wp-block-table\"><table class=\"has-fixed-layout\"><thead><tr><th>Figura<\/th><th>Directiva<\/th><th>En qu\u00e8 consisteix?<\/th><th>Qui hi pot participar<\/th><\/tr><\/thead><tbody><tr><td><strong>Comunitats d&#8217;Energies Renovables (CER)<\/strong><\/td><td>UE 2018\/2001<\/td><td>Producci\u00f3 i consum d&#8217;energies renovables (solar, e\u00f2lica, biomassa).<\/td><td>Persones f\u00edsiques, pimes i autoritats locals properes al projecte.<\/td><\/tr><tr><td><strong>Comunitats Ciutadanes d&#8217;Energia (CCE)<\/strong><\/td><td>UE 2019\/944<\/td><td>Gesti\u00f3 m\u00e9s \u00e0mplia: producci\u00f3, consum, emmagatzematge i venda denergia.<\/td><td>Ciutadans, municipis i petites empreses.<\/td><\/tr><\/tbody><\/table><\/figure>\n\n<p>Les <strong>CER<\/strong> estan centrades en renovables, mentre que les <strong>CCE<\/strong> inclouen un ventall d&#8217;activitats m\u00e9s ampli.<\/p>\n\n<h3 class=\"wp-block-heading\" id=\"normativa-espanyola-marc-legal-actualitzat\">Normativa espanyola: marc legal actualitzat<\/h3>\n\n<p>Espanya ha anat adaptant les directives europees a la legislaci\u00f3. Aquestes s\u00f3n les fites principals: <\/p>\n\n<figure class=\"wp-block-table\"><table class=\"has-fixed-layout\"><thead><tr><th>Norma<\/th><th>Any<\/th><th>Qu\u00e8 hi aporta?<\/th><\/tr><\/thead><tbody><tr><td><strong>RD 244\/2019<\/strong><\/td><td>2019<\/td><td>Regula l&#8217; <strong>autoconsum compartit<\/strong> : ve\u00efns o empreses poden compartir una planta solar.<\/td><\/tr><tr><td><strong>RD-Llei 23\/2020<\/strong><\/td><td>2020<\/td><td>Introdueix la figura de les <strong>CER<\/strong> a la Llei del Sector El\u00e8ctric.<\/td><\/tr><tr><td><strong>RD-Llei 20\/2022<\/strong><\/td><td>2022<\/td><td>Amplia a <strong>2 km<\/strong> la dist\u00e0ncia m\u00e0xima entre instal\u00b7laci\u00f3 i consumidors associats.<\/td><\/tr><tr><td><strong>Orde TED\/1446\/2021<\/strong><\/td><td>2021<\/td><td>Crea les bases d&#8217;ajuts <strong>CE Implementa<\/strong> per a projectes pilot.<\/td><\/tr><tr><td><strong>Projecte RD MITECO (2023)<\/strong><\/td><td>2023<\/td><td>A consulta p\u00fablica: marc flexible per a CER i CCE.<\/td><\/tr><tr><td><strong>RD-Llei 5\/2023<\/strong><\/td><td>2023<\/td><td>Reconeix legalment la figura de les <strong>CCE<\/strong> .<\/td><\/tr><tr><td><strong>Ordre TED\/764\/2024<\/strong><\/td><td>2024<\/td><td>Noves bases d&#8217;ajudes CE Implementa (5a i 6a convocat\u00f2ries).<\/td><\/tr><\/tbody><\/table><\/figure>\n\n<h3 class=\"wp-block-heading\" id=\"que-significa-aixo-per-a-tu-com-a-usuari\">Qu\u00e8 significa aix\u00f2 per a tu com a usuari?<\/h3>\n\n<ul class=\"wp-block-list\">\n<li>Pots <strong>compartir energia<\/strong> d&#8217;una planta solar comunit\u00e0ria encara que no estigui a la teulada.<\/li>\n\n\n\n<li>Pots unir-te a una comunitat on participin <strong>ve\u00efns, el teu ajuntament o una pime local<\/strong> .<\/li>\n\n\n\n<li>L&#8217;estalvi en factura i la <strong>reducci\u00f3 d&#8217;emissions<\/strong> s\u00f3n els principals beneficis, no la rendibilitat financera.<\/li>\n\n\n\n<li>Gr\u00e0cies a l&#8217;ampliaci\u00f3 de dist\u00e0ncia (2 km), \u00e9s m\u00e9s f\u00e0cil que la vostra llar pugui associar-se a instal\u00b7lacions en pol\u00edgons industrials o cobertes p\u00fabliques.<\/li>\n\n\n\n<li>Hi ha <strong>subvencions espec\u00edfiques<\/strong> per a projectes pilot a trav\u00e9s del programa CE Implementa.<\/li>\n<\/ul>\n\n<h3 class=\"wp-block-heading\" id=\"requisits-basics-per-crear-una-comunitat-energetica\">Requisits b\u00e0sics per crear una comunitat energ\u00e8tica<\/h3>\n\n<ul class=\"wp-block-list\">\n<li>Tenir <strong>personalitat jur\u00eddica<\/strong> (cooperativa, associaci\u00f3, societat limitada, etc.).<\/li>\n\n\n\n<li><strong>Participaci\u00f3 oberta i volunt\u00e0ria<\/strong> per a ve\u00efns, pimes i administracions.<\/li>\n\n\n\n<li><strong>Control efectiu<\/strong> exercit pels socis (decisions i repartiment de beneficis).<\/li>\n\n\n\n<li>Finalitat <strong>social, ambiental i econ\u00f2mica<\/strong> per a la comunitat, no nom\u00e9s financera.<\/li>\n<\/ul>\n\n<p>La normativa de comunitats energ\u00e8tiques a Espanya est\u00e0 en <strong>ple desenvolupament<\/strong> , per\u00f2 ja permet a ciutadans, empreses i ajuntaments <strong>crear i gestionar projectes d&#8217;autoconsum col\u00b7lectiu<\/strong> amb suport legal.<\/p>\n\n<p>\ud83d\udc49 Al <strong><a href=\"https:\/\/fotovol.com\/ca\/servei\/comunitats-energetiques\/\">nostre servei d&#8217;instal\u00b7laci\u00f3 de comunitats energ\u00e8tiques<\/a><\/strong> t&#8217;assessorem sobre el marc normatiu vigent i com aprofitar-ho per impulsar un projecte al teu municipi o comunitat de ve\u00efns.<\/p>\n","protected":false},"excerpt":{"rendered":"<p>normativa de les comunitats energ\u00e8tiques a Espanya i Europa: quines lleis les regulen, quines figures existeixen (CER i CCE) i com beneficien ciutadans i municipis.<\/p>\n","protected":false},"author":7,"featured_media":7726,"comment_status":"open","ping_status":"closed","sticky":false,"template":"","format":"standard","meta":{"_acf_changed":false,"footnotes":""},"categories":[55],"tags":[],"class_list":["post-13849","post","type-post","status-publish","format-standard","has-post-thumbnail","hentry","category-normativa-i-subvencions"],"acf":[],"_links":{"self":[{"href":"https:\/\/fotovol.com\/ca\/wp-json\/wp\/v2\/posts\/13849","targetHints":{"allow":["GET"]}}],"collection":[{"href":"https:\/\/fotovol.com\/ca\/wp-json\/wp\/v2\/posts"}],"about":[{"href":"https:\/\/fotovol.com\/ca\/wp-json\/wp\/v2\/types\/post"}],"author":[{"embeddable":true,"href":"https:\/\/fotovol.com\/ca\/wp-json\/wp\/v2\/users\/7"}],"replies":[{"embeddable":true,"href":"https:\/\/fotovol.com\/ca\/wp-json\/wp\/v2\/comments?post=13849"}],"version-history":[{"count":0,"href":"https:\/\/fotovol.com\/ca\/wp-json\/wp\/v2\/posts\/13849\/revisions"}],"wp:featuredmedia":[{"embeddable":true,"href":"https:\/\/fotovol.com\/ca\/wp-json\/wp\/v2\/media\/7726"}],"wp:attachment":[{"href":"https:\/\/fotovol.com\/ca\/wp-json\/wp\/v2\/media?parent=13849"}],"wp:term":[{"taxonomy":"category","embeddable":true,"href":"https:\/\/fotovol.com\/ca\/wp-json\/wp\/v2\/categories?post=13849"},{"taxonomy":"post_tag","embeddable":true,"href":"https:\/\/fotovol.com\/ca\/wp-json\/wp\/v2\/tags?post=13849"}],"curies":[{"name":"wp","href":"https:\/\/api.w.org\/{rel}","templated":true}]}}