{"id":13873,"date":"2025-08-24T18:46:21","date_gmt":"2025-08-24T16:46:21","guid":{"rendered":"https:\/\/fotovol.com\/energies-renovables\/que-es-una-comunitat-denergia-renovable-cer-i-en-que-es-diferencia-duna-cce\/"},"modified":"2026-02-20T10:10:33","modified_gmt":"2026-02-20T09:10:33","slug":"que-es-una-comunitat-denergia-renovable-cer-i-en-que-es-diferencia-duna-cce","status":"publish","type":"post","link":"https:\/\/fotovol.com\/ca\/energies-renovables\/que-es-una-comunitat-denergia-renovable-cer-i-en-que-es-diferencia-duna-cce\/","title":{"rendered":"Qu\u00e8 \u00e9s una comunitat d&#8217;energia renovable (CER) i en qu\u00e8 es diferencia d&#8217;una CCE?"},"content":{"rendered":"\n<p>Les <strong>comunitats energ\u00e8tiques<\/strong> s\u00f3n una pe\u00e7a clau en la <strong>transici\u00f3 cap a un model energ\u00e8tic sostenible, descentralitzat i participatiu<\/strong> . Gr\u00e0cies al <em>Paquet d&#8217;Energia Neta<\/em> de la Uni\u00f3 Europea, s&#8217;han creat marcs legals que permeten a ciutadans, pimes i ajuntaments esdevenir protagonistes de la transici\u00f3 energ\u00e8tica. <\/p>\n\n<p>Dins aquest marc, hi ha dues figures principals:<\/p>\n\n<ul class=\"wp-block-list\">\n<li><strong>Comunitats d&#8217;Energies Renovables (CER)<\/strong> (Directiva UE 2018\/2001).<\/li>\n\n\n\n<li><strong>Comunitats Ciutadanes d&#8217;Energia (CCE)<\/strong> (Directiva UE 2019\/944).<\/li>\n<\/ul>\n\n<p>Tot i que totes dues comparteixen un objectiu com\u00fa \u2014fomentar l&#8217;energia neta i la participaci\u00f3 ciutadana\u2014, presenten <strong>difer\u00e8ncies clau en l&#8217;abast i la forma de funcionament<\/strong> .<\/p>\n\n<p>En aquest article veurem qu\u00e8 \u00e9s una <strong>CER<\/strong> , les seves caracter\u00edstiques principals, com es diferencia d&#8217;una <strong>CCE<\/strong> i d&#8217;exemples pr\u00e0ctics a Espanya.<\/p>\n\n<h2 class=\"wp-block-heading\" id=\"que-es-una-comunitat-denergia-renovable-cer\">Qu\u00e8 \u00e9s una comunitat d&#8217;energia renovable (CER)?<\/h2>\n\n<p>Una <strong>Comunitat d&#8217;Energia Renovable (CER)<\/strong> \u00e9s una entitat jur\u00eddica formada per <strong>persones f\u00edsiques, pimes o autoritats locals<\/strong> que s&#8217;associen de manera <strong>oberta i volunt\u00e0ria<\/strong> per desenvolupar projectes d&#8217; <strong>energies renovables de proximitat<\/strong> (fotovoltaica, e\u00f2lica, biomassa, etc.).<\/p>\n\n<h3 class=\"wp-block-heading\" id=\"caracteristiques-principals-de-les-cer\">Caracter\u00edstiques principals de les CER<\/h3>\n\n<ul class=\"wp-block-list\">\n<li><strong>Participaci\u00f3 oberta i volunt\u00e0ria<\/strong> : qualsevol ciutad\u00e0 o pime local es pot unir.<\/li>\n\n\n\n<li><strong>Control democr\u00e0tic<\/strong> : les decisions les prenen els membres de la comunitat.<\/li>\n\n\n\n<li><strong>Proximitat territorial<\/strong> : les instal\u00b7lacions han d&#8217;estar a prop dels socis o del municipi.<\/li>\n\n\n\n<li><strong>Enfocament en beneficis locals<\/strong> : no busquen beneficis financers, sin\u00f3 <strong>impacte ambiental, social i econ\u00f2mic positiu<\/strong> per a la comunitat.<\/li>\n<\/ul>\n\n<h3 class=\"wp-block-heading\" id=\"objectius-de-les-cer\">Objectius de les CER<\/h3>\n\n<ul class=\"wp-block-list\">\n<li>Impulsar la <strong>transici\u00f3 energ\u00e8tica<\/strong> reduint emissions.<\/li>\n\n\n\n<li>Democratitzar l&#8217;acc\u00e9s a l&#8217;energia: els ciutadans deixen de ser nom\u00e9s consumidors i esdevenen <strong>prosumidors<\/strong> (productors i consumidors).<\/li>\n\n\n\n<li>Generar <strong>estalvis econ\u00f2mics<\/strong> a la factura el\u00e8ctrica.<\/li>\n\n\n\n<li>Refor\u00e7ar el desenvolupament local amb projectes sostenibles.<\/li>\n<\/ul>\n\n<p>Exemple: una cooperativa ve\u00efnal instal\u00b7la panells solars a la teulada d&#8217;un poliesportiu municipal per abastir 50 fam\u00edlies del municipi.<\/p>\n\n<h2 class=\"wp-block-heading\" id=\"diferencies-entre-cer-i-cce\">Difer\u00e8ncies entre CER i CCE<\/h2>\n\n<p>Tot i que comparteixen esperit comunitari i sostenible, hi ha difer\u00e8ncies importants:<\/p>\n\n<figure class=\"wp-block-table\"><table class=\"has-fixed-layout\"><thead><tr><th>Aspecte<\/th><th>CER<\/th><th>CCE<\/th><\/tr><\/thead><tbody><tr><td><strong>Normativa<\/strong><\/td><td>Directiva UE 2018\/2001 (Renovables)<\/td><td>Directiva UE 2019\/944 (Electricitat)<\/td><\/tr><tr><td><strong>\u00c0mbit<\/strong><\/td><td>Nom\u00e9s energies renovables (solar, e\u00f2lica, biomassa\u2026)<\/td><td>M\u00e9s ampli: generaci\u00f3, consum, emmagatzematge, venda d&#8217;electricitat<\/td><\/tr><tr><td><strong>Participants<\/strong><\/td><td>Persones f\u00edsiques, pimes i autoritats locals properes<\/td><td>Persones f\u00edsiques, pimes, municipis i petites empreses<\/td><\/tr><tr><td><strong>Proximitat<\/strong><\/td><td>S\u00ed, els projectes han d&#8217;estar a prop dels membres<\/td><td>No sempre s&#8217;exigeix \u200b\u200bproximitat territorial<\/td><\/tr><tr><td><strong>Finalitat<\/strong><\/td><td>Impacte local (social, ambiental, econ\u00f2mic)<\/td><td>Impacte social, ambiental i econ\u00f2mic, per\u00f2 amb m\u00e9s flexibilitat<\/td><\/tr><\/tbody><\/table><\/figure>\n\n<p>\ud83d\udc49 En resum:<\/p>\n\n<ul class=\"wp-block-list\">\n<li>Una <strong>CER<\/strong> \u00e9s <strong>local i centrada en renovables<\/strong> .<\/li>\n\n\n\n<li>Una <strong>CCE<\/strong> \u00e9s <strong>m\u00e9s \u00e0mplia i flexible<\/strong> , amb un ventall d&#8217;activitats energ\u00e8tiques que va m\u00e9s enll\u00e0 de les renovables.<\/li>\n<\/ul>\n\n<h2 class=\"wp-block-heading\" id=\"la-normativa-de-cer-i-cce-a-espanya\">La normativa de CER i CCE a Espanya<\/h2>\n\n<p>Espanya est\u00e0 adaptant les directives europees a la seva <a href=\"https:\/\/fotovol.com\/ca\/normativa-i-subvencions\/normativa-comunitats-energetiques\/\" data-type=\"post\" data-id=\"13845\">legislaci\u00f3 sobre Comunitats Energ\u00e8ties<\/a> . Aquestes s\u00f3n les principals fites: <\/p>\n\n<ul class=\"wp-block-list\">\n<li><strong>RD 244\/2019<\/strong> \u2192 regula l&#8217; <strong>autoconsum compartit<\/strong> (base de moltes CER).<\/li>\n\n\n\n<li><strong>RD-Llei 23\/2020<\/strong> \u2192 introdueix la figura de les CER a la Llei del Sector El\u00e8ctric.<\/li>\n\n\n\n<li><strong>RD-Ley 20\/2022<\/strong> \u2192 amplia a <strong>2 km<\/strong> la dist\u00e0ncia m\u00e0xima entre instal\u00b7laci\u00f3 i consumidors.<\/li>\n\n\n\n<li><strong>RD-Llei 5\/2023<\/strong> \u2192 incorpora la definici\u00f3 de <strong>CCE<\/strong> a la normativa espanyola.<\/li>\n\n\n\n<li><strong>Ordre TED\/1446\/2021 i TED\/764\/2024<\/strong> \u2192 bases d&#8217;ajudes CE Implementa per a projectes pilot.<\/li>\n<\/ul>\n\n<p>Aix\u00f2 significa que ja hi ha un marc legal perqu\u00e8 <strong>ve\u00efns, pimes i ajuntaments cre\u00efn les seves pr\u00f2pies comunitats energ\u00e8tiques<\/strong> amb seguretat jur\u00eddica i suport institucional.<\/p>\n\n<h2 class=\"wp-block-heading\" id=\"exemples-de-cer-i-cce-a-espanya\">Exemples de CER i CCE a Espanya<\/h2>\n\n<ul class=\"wp-block-list\">\n<li><strong>CER (Comunitats d&#8217;Energies Renovables):<\/strong>\n<ul class=\"wp-block-list\">\n<li><em>Sant Miquel de Campmajor (Girona)<\/em> : instal\u00b7laci\u00f3 fotovoltaica de 3,5 kWp per a ve\u00efns i depend\u00e8ncies municipals.<\/li>\n\n\n\n<li><em>Tossa de Mar<\/em> : comunitat amb 4,3 kWp que proveeix edificis p\u00fablics i habitatges locals.<\/li>\n<\/ul>\n<\/li>\n\n\n\n<li><strong>CCE (Comunitats Ciutadanes d&#8217;Energia):<\/strong>\n<ul class=\"wp-block-list\">\n<li><em>Barcelona Energia<\/em> : companyia p\u00fablica municipal que permet als ciutadans consumir electricitat 100% renovable.<\/li>\n\n\n\n<li><em>Pamplona<\/em> : projectes pilot que combinen autoconsum, emmagatzematge i mobilitat el\u00e8ctrica compartida.<\/li>\n<\/ul>\n<\/li>\n<\/ul>\n\n<h2 class=\"wp-block-heading\" id=\"avantatges-de-les-cer\">Avantatges de les CER<\/h2>\n\n<ol class=\"wp-block-list\">\n<li><strong>Estalvi econ\u00f2mic<\/strong> : reducci\u00f3 directa a la factura de la llum.<\/li>\n\n\n\n<li><strong>Impacte ambiental<\/strong> : menys CO\u2082 i depend\u00e8ncia de combustibles f\u00f2ssils.<\/li>\n\n\n\n<li><strong>Impacte social<\/strong> : democratitzaci\u00f3 de l&#8217;acc\u00e9s a l&#8217;energia.<\/li>\n\n\n\n<li><strong>Desenvolupament local<\/strong> : beneficis reinvertits a la comunitat.<\/li>\n<\/ol>\n\n<h2 class=\"wp-block-heading\" id=\"futur-de-les-cer-i-cce-a-espanya\">Futur de les CER i CCE a Espanya<\/h2>\n\n<ul class=\"wp-block-list\">\n<li>S&#8217;espera un creixement accelerat gr\u00e0cies a programes com <strong>CE Implementa<\/strong> .<\/li>\n\n\n\n<li>Els ajuntaments tindran un paper central com a impulsors de comunitats energ\u00e8tiques locals.<\/li>\n\n\n\n<li>El desenvolupament d&#8217; <strong>emmagatzematge en bateries i xarxes intel\u00b7ligents<\/strong> permetr\u00e0 m\u00e9s flexibilitat i estabilitat.<\/li>\n\n\n\n<li><\/li>\n<\/ul>\n\n<p>Les <strong>Comunitats d&#8217;Energia Renovable (CER)<\/strong> s\u00f3n una eina fonamental per empoderar els ciutadans i accelerar la transici\u00f3 energ\u00e8tica. El seu car\u00e0cter local, participatiu i enfocat a renovables les difer\u00e8ncies de les <strong>Comunitats Ciutadanes d&#8217;Energia (CCE)<\/strong> , que ofereixen un marc m\u00e9s ampli i flexible. <\/p>\n\n<p>Si vols saber com crear una <strong>CER o CCE<\/strong> al teu municipi, consulta el nostre servei d&#8217; <a href=\"https:\/\/fotovol.com\/ca\/servei\/comunitats-energetiques\/\"><strong>instal\u00b7laci\u00f3 de comunitats energ\u00e8tiques<\/strong><\/a> .<\/p>\n\n<p><\/p>\n","protected":false},"excerpt":{"rendered":"<p>Una Comunitat d\u00bfEnergia Renovable (CER) impulsa projectes locals d\u00bfenergia neta amb beneficis socials i ambientals. Descobreix en qu\u00e8 es diferencien les CCE. <\/p>\n","protected":false},"author":7,"featured_media":5861,"comment_status":"open","ping_status":"closed","sticky":false,"template":"","format":"standard","meta":{"_acf_changed":false,"footnotes":""},"categories":[25],"tags":[],"class_list":["post-13873","post","type-post","status-publish","format-standard","has-post-thumbnail","hentry","category-energies-renovables"],"acf":[],"_links":{"self":[{"href":"https:\/\/fotovol.com\/ca\/wp-json\/wp\/v2\/posts\/13873","targetHints":{"allow":["GET"]}}],"collection":[{"href":"https:\/\/fotovol.com\/ca\/wp-json\/wp\/v2\/posts"}],"about":[{"href":"https:\/\/fotovol.com\/ca\/wp-json\/wp\/v2\/types\/post"}],"author":[{"embeddable":true,"href":"https:\/\/fotovol.com\/ca\/wp-json\/wp\/v2\/users\/7"}],"replies":[{"embeddable":true,"href":"https:\/\/fotovol.com\/ca\/wp-json\/wp\/v2\/comments?post=13873"}],"version-history":[{"count":1,"href":"https:\/\/fotovol.com\/ca\/wp-json\/wp\/v2\/posts\/13873\/revisions"}],"predecessor-version":[{"id":17841,"href":"https:\/\/fotovol.com\/ca\/wp-json\/wp\/v2\/posts\/13873\/revisions\/17841"}],"wp:featuredmedia":[{"embeddable":true,"href":"https:\/\/fotovol.com\/ca\/wp-json\/wp\/v2\/media\/5861"}],"wp:attachment":[{"href":"https:\/\/fotovol.com\/ca\/wp-json\/wp\/v2\/media?parent=13873"}],"wp:term":[{"taxonomy":"category","embeddable":true,"href":"https:\/\/fotovol.com\/ca\/wp-json\/wp\/v2\/categories?post=13873"},{"taxonomy":"post_tag","embeddable":true,"href":"https:\/\/fotovol.com\/ca\/wp-json\/wp\/v2\/tags?post=13873"}],"curies":[{"name":"wp","href":"https:\/\/api.w.org\/{rel}","templated":true}]}}