{"id":13875,"date":"2025-08-24T18:58:23","date_gmt":"2025-08-24T16:58:23","guid":{"rendered":"https:\/\/fotovol.com\/energies-renovables\/com-inscriures-a-una-comunitat-energetica-a-espanya\/"},"modified":"2026-02-20T10:10:29","modified_gmt":"2026-02-20T09:10:29","slug":"com-inscriures-a-una-comunitat-energetica-a-espanya","status":"publish","type":"post","link":"https:\/\/fotovol.com\/ca\/energies-renovables\/com-inscriures-a-una-comunitat-energetica-a-espanya\/","title":{"rendered":"Com inscriure&#8217;s a una comunitat energ\u00e8tica a Espanya?"},"content":{"rendered":"\n<p>Cada cop m\u00e9s ciutadans a Espanya busquen alternatives per reduir la factura el\u00e8ctrica i consumir energia neta. Una de les opcions m\u00e9s interessants \u00e9s unir-se a una <strong>comunitat energ\u00e8tica<\/strong> , un model col\u00b7laboratiu en qu\u00e8 ve\u00efns, pimes i administracions locals produeixen i consumeixen energia renovable de forma conjunta. <\/p>\n\n<p>Per\u00f2 com es pot <strong>inscriure en una comunitat energ\u00e8tica<\/strong> ja existent? T&#8217;ho expliquem pas a pas, amb consells pr\u00e0ctics i recursos \u00fatils perqu\u00e8 puguis comen\u00e7ar. <\/p>\n\n<h2 class=\"wp-block-heading\" id=\"inscripcio-comunitat-energetica-pas-a-pas\">Inscripci\u00f3 Comunitat Energ\u00e8tica Pas a Pas<\/h2>\n\n<h3 class=\"wp-block-heading\" id=\"informat-sobre-les-comunitats-energetiques-a-la-teva-zona\">Informa&#8217;t sobre les comunitats energ\u00e8tiques a la teva zona<\/h3>\n\n<p>El primer pas \u00e9s identificar si al teu municipi o comarca ja existeix una comunitat energ\u00e8tica activa o en formaci\u00f3.<\/p>\n\n<p><strong>On cercar:<\/strong><\/p>\n\n<ul class=\"wp-block-list\">\n<li><strong>Ajuntaments locals<\/strong> : molts impulsen o col\u00b7laboren en comunitats energ\u00e8tiques.<\/li>\n\n\n\n<li><strong>Cooperatives energ\u00e8tiques<\/strong> : entitats com Som Energia o cooperatives regionals solen gestionar projectes d&#8217;autoconsum col\u00b7lectiu.<\/li>\n\n\n\n<li><strong>Plataformes online<\/strong> : portals com <a href=\"https:\/\/comunidadenergetica.com\/unirme-ccee\/\" target=\"_blank\" rel=\"noopener\">ComunitatEnergetica.com<\/a> agrupen iniciatives a tot el pa\u00eds i permeten inscriure&#8217;s f\u00e0cilment.<\/li>\n\n\n\n<li><strong>Empreses especialitzades<\/strong> : algunes consultores i instal\u00b7ladores ajuden a crear o gestionar comunitats i poden informar-te de projectes a la teva zona.<\/li>\n<\/ul>\n\n<p>Consell: si no hi ha cap comunitat al vostre municipi, pregunta si hi ha projectes en marxa en localitats properes. Amb la normativa actual, et pots unir si el teu habitatge est\u00e0 a menys de <strong>2 km<\/strong> de la instal\u00b7laci\u00f3 solar compartida. <\/p>\n\n<p>Pots consultar iniciatives a plataformes com <a href=\"https:\/\/comunidadenergetica.com\/unirme-ccee\/\" target=\"_blank\" rel=\"noopener\">ComunitatEnergetica.com<\/a> , al <a href=\"https:\/\/wayback.archive-it.org\/12090\/20240807091510\/https:\/\/energy-communities-repository.ec.europa.eu\/energy-communities-repository-energy-communities_en?prefLang=es\" target=\"_blank\" rel=\"noopener\">Mapa de la Comissi\u00f3 Europea de comunitats energ\u00e8tiques<\/a> o preguntar directament al teu ajuntament si participa en algun projecte local.<\/p>\n\n<h3 class=\"wp-block-heading\" id=\"contacta-amb-els-impulsors\">Contacta amb els impulsors<\/h3>\n\n<p>Un cop localitzada la comunitat energ\u00e8tica, el seg\u00fcent pas \u00e9s contactar-hi directament. Normalment trobareu un <strong>formulari de contacte a la vostra web<\/strong> , un correu electr\u00f2nic o fins i tot un tel\u00e8fon d&#8217;informaci\u00f3. <\/p>\n\n<p>En aquesta fase podr\u00e0s resoldre dubtes com:<\/p>\n\n<ul class=\"wp-block-list\">\n<li>Quins requisits he de complir per unir-me?<\/li>\n\n\n\n<li>Quina pot\u00e8ncia o quota denergia puc contractar?<\/li>\n\n\n\n<li>Quin \u00e9s el cost de la participaci\u00f3 inicial o la quota de soci?<\/li>\n\n\n\n<li>Quin estalvi estimat puc aconseguir a la meva factura?<\/li>\n<\/ul>\n\n<h3 class=\"wp-block-heading\" id=\"coneix-i-compleix-els-requisits\">Coneix i compleix els requisits<\/h3>\n\n<p>Cada comunitat energ\u00e8tica estableix els seus requisits de participaci\u00f3. Els m\u00e9s habituals s\u00f3n: <\/p>\n\n<ul class=\"wp-block-list\">\n<li><strong>Quota de soci o participaci\u00f3 inicial<\/strong> : algunes comunitats demanen una aportaci\u00f3 econ\u00f2mica per finan\u00e7ar la instal\u00b7laci\u00f3.<\/li>\n\n\n\n<li><strong>Contracte el\u00e8ctric<\/strong> : de vegades \u00e9s necessari canviar el teu contracte de llum a una <strong>comercialitzadora vinculada<\/strong> a la comunitat.<\/li>\n\n\n\n<li><strong>Comprom\u00eds de perman\u00e8ncia<\/strong> : per garantir l&#8217;estabilitat del projecte, algunes comunitats demanen un temps m\u00ednim de pertinen\u00e7a.<\/li>\n<\/ul>\n\n<p>Important: l&#8217;objectiu d&#8217;una comunitat energ\u00e8tica <strong>no \u00e9s obtenir beneficis financers<\/strong> sin\u00f3 generar <strong>estalvis econ\u00f2mics, beneficis socials i ambientals<\/strong> per als seus membres.<\/p>\n\n<h3 class=\"wp-block-heading\" id=\"formalitza-la-inscripcio\">Formalitza la inscripci\u00f3<\/h3>\n\n<p>Un cop hagis decidit unir-te, haur\u00e0s de <strong>formalitzar la teva adhesi\u00f3<\/strong> . Aix\u00f2 pot incloure: <\/p>\n\n<ul class=\"wp-block-list\">\n<li>Signeu un formulari d&#8217;inscripci\u00f3.<\/li>\n\n\n\n<li>Aportar les teves dades personals i el contracte de subministrament.<\/li>\n\n\n\n<li>Acceptar els estatuts o les normes internes de la comunitat.<\/li>\n<\/ul>\n\n<p>Quan completis aquest proc\u00e9s, et convertir\u00e0s oficialment en <strong>membre de la comunitat energ\u00e8tica<\/strong> , amb dret a beneficiar-te de l&#8217;energia produ\u00efda ia participar en la presa de decisions.<\/p>\n\n<h2 class=\"wp-block-heading\" id=\"com-trobar-comunitats-energetiques-a-espanya\">Com trobar comunitats energ\u00e8tiques a Espanya<\/h2>\n\n<ul class=\"wp-block-list\">\n<li><strong>Ajuntaments<\/strong> : consulta si el teu municipi impulsa un projecte d&#8217;autoconsum col\u00b7lectiu.<\/li>\n\n\n\n<li><strong>Cooperatives<\/strong> : cerca iniciatives de cooperatives com Som Energia o altres a nivell regional.<\/li>\n\n\n\n<li><strong>Plataformes online<\/strong> : webs com <em>comunidadenergetica.com<\/em> et permeten buscar per prov\u00edncia i apuntar-te.<\/li>\n\n\n\n<li><strong>Projectes en marxa<\/strong> : \u00e9s m\u00e9s senzill unir-se a un projecte ja iniciat que a un en fase de creaci\u00f3.<\/li>\n<\/ul>\n\n<p>A Girona, per exemple, ja hi ha comunitats energ\u00e8tiques a municipis com <strong>Pals, Tossa de Mar, Sant Juli\u00e0 de Ramis o Figueres<\/strong> , cosa que facilita que ve\u00efns de la zona puguin unir-se.<\/p>\n\n<h2 class=\"wp-block-heading\" id=\"beneficis-dinscriures-a-una-comunitat-energetica\">Beneficis d&#8217;inscriure&#8217;s a una comunitat energ\u00e8tica<\/h2>\n\n<ol class=\"wp-block-list\">\n<li><strong>Estalvi econ\u00f2mic<\/strong> : reducci\u00f3 de la factura el\u00e8ctrica mensual.<\/li>\n\n\n\n<li><strong>Consum d&#8217;energia neta<\/strong> : electricitat 100% renovable i local.<\/li>\n\n\n\n<li><strong>Participaci\u00f3 democr\u00e0tica<\/strong> : dret a pensar i votar a la gesti\u00f3 de la comunitat.<\/li>\n\n\n\n<li><strong>Impacte ambiental positiu<\/strong> : reducci\u00f3 d&#8217;emissions de CO\u2082.<\/li>\n\n\n\n<li><strong>Benefici social<\/strong> : refor\u00e7 de la cohesi\u00f3 comunit\u00e0ria i suport a l&#8217;economia local.<\/li>\n<\/ol>\n\n<h2 class=\"wp-block-heading\" id=\"consells-abans-dinscriuret\">Consells abans d&#8217;inscriure&#8217;t<\/h2>\n\n<ul class=\"wp-block-list\">\n<li><strong>Informa&#8217;t b\u00e9<\/strong> : revisa estatuts i condicions abans d&#8217;unir-te.<\/li>\n\n\n\n<li><strong>Compara opcions<\/strong> : si hi ha diverses comunitats a la teva zona, compara preus, condicions i serveis.<\/li>\n\n\n\n<li><strong>Pregunta per ajuts<\/strong> : algunes comunitats compten amb subvencions que redueixen la quota d&#8217;entrada.<\/li>\n\n\n\n<li><strong>Pensa a llarg termini<\/strong> : la majoria de comunitats busquen estabilitat, per la qual cosa \u00e9s recomanable comprometre&#8217;s amb visi\u00f3 de futur.<\/li>\n<\/ul>\n\n<p>Unir-se a una <strong>comunitat energ\u00e8tica<\/strong> \u00e9s una oportunitat per estalviar a la factura, consumir energia renovable i formar part d&#8217;un model m\u00e9s just i sostenible. El proc\u00e9s \u00e9s senzill: localitzar un projecte, contactar amb els impulsors, complir els requisits i formalitzar la teva inscripci\u00f3. <\/p>\n\n<p>Si vols fer el pas i no saps com comen\u00e7ar, al <a href=\"https:\/\/fotovol.com\/ca\/servei\/comunitats-energetiques\/\">nostre servei de comunitats energ\u00e8tiques<\/a> t&#8217;assessorem sobre com localitzar la millor opci\u00f3 al teu municipi.\u201d<\/p>\n","protected":false},"excerpt":{"rendered":"<p>Apr\u00e8n com unir-te a una comunitat energ\u00e8tica: localitza projectes, coneix els requisits i comen\u00e7a a estalviar amb energia renovable compartida.<\/p>\n","protected":false},"author":7,"featured_media":5987,"comment_status":"open","ping_status":"closed","sticky":false,"template":"","format":"standard","meta":{"_acf_changed":false,"footnotes":""},"categories":[25],"tags":[],"class_list":["post-13875","post","type-post","status-publish","format-standard","has-post-thumbnail","hentry","category-energies-renovables"],"acf":[],"_links":{"self":[{"href":"https:\/\/fotovol.com\/ca\/wp-json\/wp\/v2\/posts\/13875","targetHints":{"allow":["GET"]}}],"collection":[{"href":"https:\/\/fotovol.com\/ca\/wp-json\/wp\/v2\/posts"}],"about":[{"href":"https:\/\/fotovol.com\/ca\/wp-json\/wp\/v2\/types\/post"}],"author":[{"embeddable":true,"href":"https:\/\/fotovol.com\/ca\/wp-json\/wp\/v2\/users\/7"}],"replies":[{"embeddable":true,"href":"https:\/\/fotovol.com\/ca\/wp-json\/wp\/v2\/comments?post=13875"}],"version-history":[{"count":1,"href":"https:\/\/fotovol.com\/ca\/wp-json\/wp\/v2\/posts\/13875\/revisions"}],"predecessor-version":[{"id":17838,"href":"https:\/\/fotovol.com\/ca\/wp-json\/wp\/v2\/posts\/13875\/revisions\/17838"}],"wp:featuredmedia":[{"embeddable":true,"href":"https:\/\/fotovol.com\/ca\/wp-json\/wp\/v2\/media\/5987"}],"wp:attachment":[{"href":"https:\/\/fotovol.com\/ca\/wp-json\/wp\/v2\/media?parent=13875"}],"wp:term":[{"taxonomy":"category","embeddable":true,"href":"https:\/\/fotovol.com\/ca\/wp-json\/wp\/v2\/categories?post=13875"},{"taxonomy":"post_tag","embeddable":true,"href":"https:\/\/fotovol.com\/ca\/wp-json\/wp\/v2\/tags?post=13875"}],"curies":[{"name":"wp","href":"https:\/\/api.w.org\/{rel}","templated":true}]}}