{"id":14044,"date":"2025-09-23T00:11:26","date_gmt":"2025-09-22T22:11:26","guid":{"rendered":"https:\/\/fotovol.com\/?p=14044"},"modified":"2025-11-30T23:16:39","modified_gmt":"2025-11-30T22:16:39","slug":"que-cal-fer-si-la-comunitat-de-veins-no-us-deixa-installar-un-punt-de-carrega","status":"publish","type":"post","link":"https:\/\/fotovol.com\/ca\/mobilitat-electrica\/que-cal-fer-si-la-comunitat-de-veins-no-us-deixa-installar-un-punt-de-carrega\/","title":{"rendered":"Qu\u00e8 cal fer si la comunitat de ve\u00efns no us deixa instal\u00b7lar un punt de c\u00e0rrega?"},"content":{"rendered":"\n<p>Cada cop m\u00e9s propietaris es plantegen instal\u00b7lar un punt de rec\u00e0rrega a la seva pla\u00e7a de garatge comunitari. De vegades, per\u00f2, sorgeixen dubtes o fins i tot negatius per part de la comunitat de ve\u00efns. Realment et poden prohibir la instal\u00b7laci\u00f3? Qu\u00e8 diu la llei? A Fotovol t&#8217;ho expliquem de manera clara perqu\u00e8 s\u00e0pigues com actuar i no perdis temps ni diners.    <\/p>\n\n<h2 class=\"wp-block-heading\" id=\"la-comunitat-pot-prohibir-la-installacio-dun-carregador\">La comunitat pot prohibir la instal\u00b7laci\u00f3 d&#8217;un carregador?<\/h2>\n\n<p>La resposta \u00e9s <strong>no<\/strong> . Segons l&#8217; <strong>article 17.5 de la Llei de Propietat Horitzontal (LPH)<\/strong> , nom\u00e9s cal <strong>notificar pr\u00e8viament per escrit al president o administrador<\/strong> la teva intenci\u00f3 d&#8217;instal\u00b7lar un carregador a la teva pla\u00e7a de garatge individual. <\/p>\n\n<p>La comunitat <strong>no es pot oposar<\/strong> , excepte en casos concrets en qu\u00e8:<\/p>\n\n<ul class=\"wp-block-list\">\n<li>La instal\u00b7laci\u00f3 afecti <strong>elements estructurals o comuns de l&#8217;edifici<\/strong> .<\/li>\n\n\n\n<li>No disposeu d&#8217;una pla\u00e7a <strong>individualitzada<\/strong> (ex. places rotatives o d&#8217;\u00fas com\u00fa).<\/li>\n<\/ul>\n\n<p>  En qualsevol altre cas, la decisi\u00f3 \u00e9s teva sempre que assumeixis els costos d&#8217;instal\u00b7laci\u00f3 i consum.<\/p>\n\n<h2 class=\"wp-block-heading\" id=\"passos-a-seguir-si-vols-installar-el-teu-punt-de-carrega\">Passos a seguir si vols instal\u00b7lar el teu punt de c\u00e0rrega<\/h2>\n\n<ol class=\"wp-block-list\">\n<li><strong>Comunicaci\u00f3 formal<\/strong><br\/> Envia un escrit al president o administrador de la finca informant de la teva intenci\u00f3.<br\/> No necessites autoritzaci\u00f3, nom\u00e9s notificar-ho.<\/li>\n\n\n\n<li><strong>Assumeix els costos<\/strong><br\/> Tant de la instal\u00b7laci\u00f3 com de l&#8217;energia consumida. Aquests no es reparteixen entre els ve\u00efns. <\/li>\n\n\n\n<li><strong>Contracta una empresa instal\u00b7ladora autoritzada<\/strong><br\/> A Fotovol gestionem la instal\u00b7laci\u00f3 completa i t&#8217;entreguem la documentaci\u00f3 t\u00e8cnica i els certificats perqu\u00e8 tot quedi legalitzat.<\/li>\n\n\n\n<li><strong>Evita afectar elements comuns<\/strong><br\/> Dissenyem el tra\u00e7at de manera no invasiva, respectant la normativa i evitant conflictes amb la comunitat.<\/li>\n<\/ol>\n\n<h2 class=\"wp-block-heading\" id=\"quan-es-pot-negar-la-comunitat-de-veins\">Quan es pot negar la comunitat de ve\u00efns?<\/h2>\n\n<p>Tot i que la norma general \u00e9s que no et poden impedir la instal\u00b7laci\u00f3, s\u00ed que hi ha casos on es pot requerir autoritzaci\u00f3 en junta:<\/p>\n\n<ul class=\"wp-block-list\">\n<li><strong>Obres en elements comuns<\/strong> \u2192 si cal modificar parets estructurals, quadres el\u00e8ctrics generals o canalitzacions comunit\u00e0ries.<\/li>\n\n\n\n<li><strong>Places no individuals<\/strong> \u2192 si la vostra pla\u00e7a no est\u00e0 vinculada registralment, la comunitat ha d&#8217;aprovar l&#8217;obra.<\/li>\n<\/ul>\n\n<p>En aquestes situacions, el que \u00e9s recomanable \u00e9s presentar un projecte t\u00e8cnic clar per facilitar el consens.<\/p>\n\n<h2 class=\"wp-block-heading\" id=\"que-cal-fer-si-la-comunitat-es-nega-sense-rao\">Qu\u00e8 cal fer si la comunitat es nega sense ra\u00f3?<\/h2>\n\n<p>Si, malgrat tot, la comunitat s&#8217;hi oposa sense base legal:<\/p>\n\n<ul class=\"wp-block-list\">\n<li><strong>Recorda que la llei t&#8217;empara<\/strong> \u2192 la negativa no \u00e9s v\u00e0lida si has comunicat per escrit i la teva pla\u00e7a \u00e9s individual.<\/li>\n\n\n\n<li><strong>Recolza&#8217;t en professionals<\/strong> \u2192 l&#8217;empresa instal\u00b7ladora pot aportar la documentaci\u00f3 t\u00e8cnica que acrediti que la instal\u00b7laci\u00f3 compleix normativa.<\/li>\n\n\n\n<li><strong>Assessoria legal<\/strong> \u2192 en casos extrems, un advocat especialitzat en propietat horitzontal et pot ajudar a defensar el teu dret.<\/li>\n<\/ul>\n\n<h2 class=\"wp-block-heading\" id=\"amb-fotovol-tot-mes-facil\">Amb Fotovol, tot m\u00e9s f\u00e0cil<\/h2>\n\n<p>A Fotovol <a href=\"https:\/\/fotovol.com\/ca\/servei\/punts-de-recarrega-per-a-vehicles-electrics\/\">instal\u00b7lem el punt de rec\u00e0rrega<\/a> , i ens encarreguem de tots els tr\u00e0mits legals.<\/p>\n\n<ul class=\"wp-block-list\">\n<li>Redacci\u00f3 de l&#8217;escrit de comunicaci\u00f3 per a la comunitat.<\/li>\n\n\n\n<li>Projecte t\u00e8cnic i legalitzaci\u00f3 segons la normativa.<\/li>\n\n\n\n<li>Instal\u00b7laci\u00f3 certificada i segura.<\/li>\n\n\n\n<li>Opcional: integraci\u00f3 amb la teva instal\u00b7laci\u00f3 fotovoltaica per carregar el cotxe amb energia solar.<\/li>\n<\/ul>\n\n<p>Aix\u00ed evites problemes, compleixes la normativa i gaudeixes del teu carregador des del primer dia.<\/p>\n\n<h2 class=\"wp-block-heading\" id=\"preguntes-sobre-autoritzacio-carregador-en-comunitat-de-veins\">Preguntes sobre autoritzaci\u00f3 carregador en comunitat de ve\u00efns<\/h2>\n<div id=\"rank-math-faq\" class=\"rank-math-block\">\n<div class=\"rank-math-list \">\n<div id=\"faq-question-1756073588768\" class=\"rank-math-list-item\">\n<h3 class=\"rank-math-question \" id=\"necessito-autoritzacio-de-la-comunitat-per-installar-un-carregador\"><strong>Necessito autoritzaci\u00f3 de la comunitat per instal\u00b7lar un carregador?<\/strong><\/h3>\n<div class=\"rank-math-answer \">\n\n<p>No. Nom\u00e9s cal notificar per escrit al president o administrador (art. 17.5 LPH). <\/p>\n\n<\/div>\n<\/div>\n<div id=\"faq-question-1756073600456\" class=\"rank-math-list-item\">\n<h3 class=\"rank-math-question \" id=\"i-si-afecta-elements-comuns-de-ledifici\"><strong>I si afecta elements comuns de l&#8217;edifici?<\/strong><\/h3>\n<div class=\"rank-math-answer \">\n\n<p>En aquest cas, s\u00ed que es requereix aprovaci\u00f3 en junta de propietaris.<\/p>\n\n<\/div>\n<\/div>\n<div id=\"faq-question-1756073612352\" class=\"rank-math-list-item\">\n<h3 class=\"rank-math-question \" id=\"que-passa-si-la-comunitat-es-nega-igualment\"><strong>Qu\u00e8 passa si la comunitat es nega igualment?<\/strong><\/h3>\n<div class=\"rank-math-answer \">\n\n<p>Pots seguir endavant si compleixes els requisits. Si hi ha oposici\u00f3 injustificada, el que \u00e9s recomanable \u00e9s comptar amb assessoria legal. <\/p>\n\n<\/div>\n<\/div>\n<div id=\"faq-question-1756073627978\" class=\"rank-math-list-item\">\n<h3 class=\"rank-math-question \" id=\"qui-paga-la-installacio-i-el-consum\"><strong>Qui paga la instal\u00b7laci\u00f3 i el consum?<\/strong><\/h3>\n<div class=\"rank-math-answer \">\n\n<p>El propietari que ho sol\u00b7licita. Ni la comunitat ni els ve\u00efns assumeixen cap despesa. <\/p>\n\n<\/div>\n<\/div>\n<\/div>\n<\/div>\n<p><\/p>\n","protected":false},"excerpt":{"rendered":"<p>Cada cop m\u00e9s propietaris es plantegen instal\u00b7lar un punt de rec\u00e0rrega a la seva pla\u00e7a de garatge comunitari. De vegades, per\u00f2, sorgeixen dubtes o fins i tot negatius per part de la comunitat de ve\u00efns. Realment et poden prohibir la instal\u00b7laci\u00f3? Qu\u00e8 diu la llei? A Fotovol t&#8217;ho expliquem de manera clara perqu\u00e8 s\u00e0pigues com [&hellip;]<\/p>\n","protected":false},"author":7,"featured_media":13963,"comment_status":"open","ping_status":"closed","sticky":false,"template":"","format":"standard","meta":{"_acf_changed":false,"footnotes":""},"categories":[113,55,170],"tags":[],"class_list":["post-14044","post","type-post","status-publish","format-standard","has-post-thumbnail","hentry","category-mobilitat-electrica","category-normativa-i-subvencions","category-normativa-vehicles-electrics"],"acf":[],"_links":{"self":[{"href":"https:\/\/fotovol.com\/ca\/wp-json\/wp\/v2\/posts\/14044","targetHints":{"allow":["GET"]}}],"collection":[{"href":"https:\/\/fotovol.com\/ca\/wp-json\/wp\/v2\/posts"}],"about":[{"href":"https:\/\/fotovol.com\/ca\/wp-json\/wp\/v2\/types\/post"}],"author":[{"embeddable":true,"href":"https:\/\/fotovol.com\/ca\/wp-json\/wp\/v2\/users\/7"}],"replies":[{"embeddable":true,"href":"https:\/\/fotovol.com\/ca\/wp-json\/wp\/v2\/comments?post=14044"}],"version-history":[{"count":0,"href":"https:\/\/fotovol.com\/ca\/wp-json\/wp\/v2\/posts\/14044\/revisions"}],"wp:featuredmedia":[{"embeddable":true,"href":"https:\/\/fotovol.com\/ca\/wp-json\/wp\/v2\/media\/13963"}],"wp:attachment":[{"href":"https:\/\/fotovol.com\/ca\/wp-json\/wp\/v2\/media?parent=14044"}],"wp:term":[{"taxonomy":"category","embeddable":true,"href":"https:\/\/fotovol.com\/ca\/wp-json\/wp\/v2\/categories?post=14044"},{"taxonomy":"post_tag","embeddable":true,"href":"https:\/\/fotovol.com\/ca\/wp-json\/wp\/v2\/tags?post=14044"}],"curies":[{"name":"wp","href":"https:\/\/api.w.org\/{rel}","templated":true}]}}