{"id":14118,"date":"2025-09-02T23:42:27","date_gmt":"2025-09-02T21:42:27","guid":{"rendered":"https:\/\/fotovol.com\/energies-renovables\/aerotermia-amb-fancoils-funcionament-costos-i-avantatges\/"},"modified":"2026-02-20T10:10:11","modified_gmt":"2026-02-20T09:10:11","slug":"aerotermia-amb-fancoils-funcionament-costos-i-avantatges","status":"publish","type":"post","link":"https:\/\/fotovol.com\/ca\/energies-renovables\/aerotermia-amb-fancoils-funcionament-costos-i-avantatges\/","title":{"rendered":"Aerot\u00e8rmia amb Fancoils: Funcionament, Costos i Avantatges"},"content":{"rendered":"\n<p>L&#8217;aerot\u00e8rmia amb fancoils \u00e9s una de les solucions de climatitzaci\u00f3 m\u00e9s completes i eficients que hi ha avui dia. Permet gaudir de calefacci\u00f3, refrigeraci\u00f3 i, en molts casos, aigua calenta sanit\u00e0ria (ACS) fent servir una font d&#8217;energia renovable: la calor de l&#8217;aire exterior. <\/p>\n\n<p>Aquest sistema combina una <strong>bomba de calor aerot\u00e8rmica<\/strong> amb <strong>unitats fancoils<\/strong> a l&#8217;interior, capaces de distribuir aire calent o fred en funci\u00f3 de l&#8217;estaci\u00f3. El resultat \u00e9s un confort t\u00e8rmic estable durant tot l&#8217;any, amb un consum redu\u00eft i una petjada de carboni m\u00e9s petita. <\/p>\n\n<p>Aqu\u00ed podr\u00e0s vercom funciona, quins tipus de fancoils existeixen, quant pot costar instal\u00b7lar-lo segons la mida del teu habitatge, quins s\u00f3n els seus avantatges i possibles inconvenients, i quins factors influeixen en el consum real. Tamb\u00e9 veurem exemples reals d&#8217;\u00fas a habitatges i negocis de Girona, aix\u00ed com recomanacions perqu\u00e8 la teva instal\u00b7laci\u00f3 sigui un \u00e8xit des del primer dia. <\/p>\n\n<h2 class=\"wp-block-heading\" id=\"que-es-laerotermia-amb-fancoils-i-com-funciona\"><strong>Qu\u00e8 \u00e9s l&#8217;aerot\u00e8rmia amb fancoils i com funciona<\/strong><\/h2>\n\n<p>L&#8217; <strong><a href=\"https:\/\/fotovol.com\/en\/our-services\/aerothermal\/\">aerot\u00e8rmia amb fancoils<\/a><\/strong> \u00e9s un sistema de climatitzaci\u00f3 que utilitza una <strong>bomba de calor aerot\u00e8rmica<\/strong> per captar energia de l&#8217;aire exterior i transferir-la a l&#8217;interior de l&#8217;habitatge o l&#8217;oficina.<br\/> En lloc de distribuir la calor o el fred per radiadors o terra radiant, empra <strong>fancoils<\/strong> (ventiloconvectors), que funcionen amb aigua calenta o freda i un ventilador que impulsa l&#8217;aire climatitzat a l&#8217;estan\u00e7a.<\/p>\n\n<h3 class=\"wp-block-heading\" id=\"components-principals\"><strong>Components principals<\/strong><\/h3>\n\n<ol class=\"wp-block-list\">\n<li><strong>Bomba de calor aerot\u00e8rmica<\/strong> \u2192 Captura calor de l&#8217;aire exterior (fins i tot a baixes temperatures) i transfereix-lo a l&#8217;aigua que circula pel sistema.<\/li>\n\n\n\n<li><strong>Fancoils<\/strong> \u2192 Unitats interiors que distribueixen aire calent o fred segons l&#8217;estaci\u00f3.<\/li>\n\n\n\n<li><strong>Sistema de distribuci\u00f3 hidr\u00e0ulic<\/strong> \u2192 Canonades per les quals circula aigua calenta o freda cap als fancoils.<\/li>\n\n\n\n<li><strong>Sistema de control<\/strong> \u2192 Term\u00f2stats o centraletes per regular la temperatura.<\/li>\n\n\n\n<li><strong>Dip\u00f2sit d&#8217;in\u00e8rcia<\/strong> <em>(opcional)<\/em> \u2192 Optimitza el rendiment i allarga la vida \u00fatil del sistema.<\/li>\n<\/ol>\n\n<h3 class=\"wp-block-heading\" id=\"funcionament-pas-a-pas\"><strong>Funcionament pas a pas<\/strong><\/h3>\n\n<ol class=\"wp-block-list\">\n<li>La bomba de calor pren aire exterior i extreu energia t\u00e8rmica.<\/li>\n\n\n\n<li>Aquesta energia escalfa o refreda laigua que circula per les canonades.<\/li>\n\n\n\n<li>L\u00b4aigua arriba al fancoil, on un ventilador fa passar l\u00b4aire de l\u00b4estada a trav\u00e9s d\u00b4un intercanviador.<\/li>\n\n\n\n<li>L&#8217;aire surt climatitzat (calent o fred) i es distribueix uniformement a l&#8217;habitaci\u00f3.<\/li>\n<\/ol>\n\n<h2 class=\"wp-block-heading\" id=\"tipus-de-fancoils-i-quin-triar-segons-el-teu-habitatge\"><strong>Tipus de fancoils i quin triar segons el teu habitatge<\/strong><\/h2>\n\n<p>Els <strong>fancoils<\/strong> es classifiquen principalment per la seva ubicaci\u00f3 i instal\u00b7laci\u00f3. L&#8217;elecci\u00f3 dep\u00e8n de les caracter\u00edstiques de l&#8217;espai, l&#8217;est\u00e8tica que busqueu i la facilitat d&#8217;instal\u00b7laci\u00f3. <\/p>\n\n<figure class=\"wp-block-table\"><table class=\"has-fixed-layout\"><thead><tr><th><strong>Tipus de fancoil<\/strong><\/th><th><strong>Ubicaci\u00f3<\/strong><\/th><th><strong>Avantatges<\/strong><\/th><th><strong>Inconvenients<\/strong><\/th><\/tr><\/thead><tbody><tr><td><strong>De terra<\/strong><\/td><td>Recolzats o encastats a la part baixa de la paret, com un radiador.<\/td><td>F\u00e0cil acc\u00e9s per a manteniment, distribuci\u00f3 uniforme de l&#8217;aire.<\/td><td>Ocupen espai visual, menys est\u00e8tics.<\/td><\/tr><tr><td><strong>De paret<\/strong><\/td><td>Instal\u00b7lats en al\u00e7ada a la paret (similars a splits d&#8217;aire condicionat).<\/td><td>Instal\u00b7laci\u00f3 senzilla, bona distribuci\u00f3 de l\u00b4aire.<\/td><td>Visibles, menys integrats a la decoraci\u00f3.<\/td><\/tr><tr><td><strong>De sostre \/ casset<\/strong><\/td><td>Integrats en fals sostre, expulsen aire des de dalt.<\/td><td>Est\u00e8tica neta, ideal per a oficines i comer\u00e7os.<\/td><td>Requereix obra per a fals sostre, cost una mica m\u00e9s gran.<\/td><\/tr><tr><td><strong>De conductes<\/strong><\/td><td>Ocults, distribueixen l&#8217;aire per reixetes connectades a conductes.<\/td><td>Totalment invisibles, climatitzen diverses estades.<\/td><td>Instal\u00b7laci\u00f3 m\u00e9s complexa i costosa, requereix obra.<\/td><\/tr><\/tbody><\/table><\/figure>\n\n<p><strong>Consell r\u00e0pid:<\/strong><\/p>\n\n<ul class=\"wp-block-list\">\n<li>Per <strong>a habitatges nous o reformes completes<\/strong> , el <strong>fancoil de conductes<\/strong> ofereix el millor resultat est\u00e8tic i confort.<\/li>\n\n\n\n<li>Per a <strong>reformes parcials o substituci\u00f3 d&#8217;equips<\/strong> , els <strong>de paret o terra<\/strong> s\u00f3n m\u00e9s econ\u00f2mics i r\u00e0pids d&#8217;instal\u00b7lar.<\/li>\n<\/ul>\n\n<h2 class=\"wp-block-heading\" id=\"avantatges-i-desavantatges-de-laerotermia-amb-fancoils\"><strong>Avantatges i desavantatges de l&#8217;aerot\u00e8rmia amb fancoils<\/strong><\/h2>\n\n<p>La combinaci\u00f3 <strong>aerot\u00e8rmia + fancoils<\/strong> \u00e9s molt vers\u00e0til i eficient, per\u00f2 no \u00e9s la millor opci\u00f3 per a tots els casos.<br\/> Aqu\u00ed tens un resum clar amb dades i exemples reals de la prov\u00edncia de Girona.<\/p>\n\n<figure class=\"wp-block-table\"><table class=\"has-fixed-layout\"><thead><tr><th><strong>Avantatges<\/strong><\/th><th><strong>Detall<\/strong><\/th><th><strong>Exemple a Girona<\/strong><\/th><\/tr><\/thead><tbody><tr><td><strong>Alta efici\u00e8ncia energ\u00e8tica<\/strong><\/td><td>COP de 3,5 a 5, cosa que significa que per cada kW el\u00e8ctric s&#8217;obtenen entre 3,5 i 5 kW t\u00e8rmics.<\/td><td>En un habitatge de 120 m\u00b2 a Blanes, la despesa mensual de calefacci\u00f3 amb fancoils pot rondar els <strong>60\u201370 \u20ac\/mes<\/strong> davant dels 120\u2013140 \u20ac\/mes amb resist\u00e8ncies el\u00e8ctriques.<\/td><\/tr><tr><td><strong>Climatitzaci\u00f3 tot en un<\/strong><\/td><td>Calefacci\u00f3, refrigeraci\u00f3 i, amb dip\u00f2sit, ACS.<\/td><td>Un apartament a Roses utilitza el mateix sistema per a fred a l&#8217;estiu i calor a l&#8217;hivern, amb un estalvi del 45% davant de sistemes separats.<\/td><\/tr><tr><td><strong>Instal\u00b7laci\u00f3 flexible<\/strong><\/td><td>Apte per a habitatges nous i reformes.<\/td><td>A Sant Feliu de Gu\u00edxols, es van instal\u00b7lar fancoils de paret en un pis reformat sense necessitat de grans obres.<\/td><\/tr><tr><td><strong>Baix impacte ambiental<\/strong><\/td><td>Menys emissions de CO\u2082 en fer servir energia de l&#8217;aire.<\/td><td>Comparat amb calderes de gasoil a zones fredes com Ripoll, la reducci\u00f3 d&#8217;emissions pot superar el <strong>70%<\/strong> .<\/td><\/tr><tr><td><strong>Silenci\u00f3s<\/strong><\/td><td>M\u00e9s discrets que els equips d&#8217;aire condicionat split.<\/td><td>En un hotel rural a la Garrotxa, es va triar aerot\u00e8rmia amb fancoils pel seu baix nivell sonor a les habitacions.<\/td><\/tr><\/tbody><\/table><\/figure>\n\n<figure class=\"wp-block-table\"><table class=\"has-fixed-layout\"><thead><tr><th><strong>Desavantatges<\/strong><\/th><th><strong>Detall<\/strong><\/th><th><strong>Com mitigar-ho<\/strong><\/th><\/tr><\/thead><tbody><tr><td><strong>Inversi\u00f3 inicial elevada<\/strong><\/td><td>Instal\u00b7laci\u00f3 des de 9.000 \u20ac en endavant.<\/td><td>Combinar amb ajuts p\u00fablics (a Girona hi ha subvencions de fins al 35%) i autoconsum fotovoltaic.<\/td><\/tr><tr><td><strong>Menor rendiment en climes molt freds<\/strong><\/td><td>En temperatures exteriors extremes el COP baixa.<\/td><td>Afegir resist\u00e8ncia de suport o sistema h\u00edbrid a zones com Puigcerd\u00e0.<\/td><\/tr><tr><td><strong>Requereix electricitat<\/strong><\/td><td>Tot i que \u00e9s eficient, el consum el\u00e8ctric existeix.<\/td><td>Compensar amb plaques solars per reduir la despesa real a menys de 30\u20ac\/mes.<\/td><\/tr><tr><td><strong>Unitat exterior visible<\/strong><\/td><td>Podeu afectar l&#8217;est\u00e8tica de la fa\u00e7ana.<\/td><td>Ubicar-la a zones posteriors oa coberta.<\/td><\/tr><\/tbody><\/table><\/figure>\n\n<h2 class=\"wp-block-heading\" id=\"cost-i-exemples-dinstallacio-a-habitatges-de-girona\"><strong>Cost i exemples d&#8217;instal\u00b7laci\u00f3 a habitatges de Girona<\/strong><\/h2>\n\n<p>El preu d&#8217;un sistema d&#8217; <strong>aerot\u00e8rmia amb fancoils<\/strong> dep\u00e8n principalment de:<\/p>\n\n<ul class=\"wp-block-list\">\n<li>Pot\u00e8ncia de la bomba de calor (kW).<\/li>\n\n\n\n<li>N\u00famero i tipus de fancoils.<\/li>\n\n\n\n<li>Complexitat de la instal\u00b7laci\u00f3.<\/li>\n\n\n\n<li>M\u00e0 d\u00b4obra i acabats.<\/li>\n<\/ul>\n\n<p>A continuaci\u00f3, tens una <strong>taula orientativa<\/strong> amb casos reals i simulats de la prov\u00edncia de Girona:<\/p>\n\n<figure class=\"wp-block-table\"><table class=\"has-fixed-layout\"><thead><tr><th><strong>Superf\u00edcie habitatge<\/strong><\/th><th><strong>Estades a climatitzar<\/strong><\/th><th><strong>Sistema<\/strong><\/th><th><strong>N\u00ba Fancoils<\/strong><\/th><th><strong>Preu aprox. instal\u00b7laci\u00f3<\/strong><\/th><th><strong>Estalvi anual estimat<\/strong><\/th><th><strong>Amortitzaci\u00f3 mitjana<\/strong><\/th><\/tr><\/thead><tbody><tr><td>90 m\u00b2<\/td><td>Sal\u00f3 + 2 dormitoris<\/td><td>Bomba aerot\u00e8rmica 8 kW<\/td><td>3<\/td><td><strong>9.000 \u20ac<\/strong><\/td><td>550\u2013700 \u20ac<\/td><td>12\u201314 anys<\/td><\/tr><tr><td>120 m\u00b2<\/td><td>Sal\u00f3 + 3 dormitoris + passad\u00eds<\/td><td>Bomba aerot\u00e8rmica 10 kW<\/td><td>4<\/td><td><strong>10.500 \u20ac<\/strong><\/td><td>700\u2013850 \u20ac<\/td><td>11\u201313 anys<\/td><\/tr><tr><td>150 m\u00b2<\/td><td>Sal\u00f3 + 4 dormitoris<\/td><td>Bomba aerot\u00e8rmica 12 kW<\/td><td>5<\/td><td><strong>12.000 \u20ac<\/strong><\/td><td>900\u20131.050 \u20ac<\/td><td>10\u201312 anys<\/td><\/tr><tr><td>180 m\u00b2<\/td><td>Sal\u00f3 + 4 dormitoris + sala d&#8217;estar<\/td><td>Bomba aerot\u00e8rmica 14 kW<\/td><td>6<\/td><td><strong>13.500 \u20ac<\/strong><\/td><td>1.100\u20131.300 \u20ac<\/td><td>9\u201311 anys<\/td><\/tr><tr><td>200 m\u00b2<\/td><td>Habitatge unifamiliar complet<\/td><td>Bomba aerot\u00e8rmica 16 kW<\/td><td>7<\/td><td><strong>15.000 \u20ac<\/strong><\/td><td>1.300\u20131.600 \u20ac<\/td><td>8\u201310 anys<\/td><\/tr><\/tbody><\/table><\/figure>\n\n<p>Aquests preus inclouen bomba de calor, fancoils, material dinstal\u00b7laci\u00f3 i m\u00e0 dobra. No inclou obra civil o millora d&#8217;a\u00efllament. Els estalvis s&#8217;han calculat davant de sistemes de calefacci\u00f3 el\u00e8ctrica o gasoil, considerant tarifes actuals d&#8217;electricitat a Girona (0,18-0,21 \u20ac\/kWh).  <\/p>\n\n<p><strong>Exemple real: Habitatge a Girona capital (150 m\u00b2)<\/strong><\/p>\n\n<ul class=\"wp-block-list\">\n<li><strong>Situaci\u00f3 inicial:<\/strong> Caldera de gas natural amb radiadors.<\/li>\n\n\n\n<li><strong>Reforma:<\/strong> Substituci\u00f3 per aerot\u00e8rmia + 5 fancoils de paret + dip\u00f2sit d&#8217;ACS de 150 litres.<\/li>\n\n\n\n<li><strong>Cost total:<\/strong> 11.800 \u20ac<\/li>\n\n\n\n<li><strong>Consum anterior:<\/strong> 1.300 \u20ac\/any (calefacci\u00f3 i ACS).<\/li>\n\n\n\n<li><strong>Consum actual:<\/strong> 400 \u20ac\/any (sumant aerot\u00e8rmia + electricitat restant).<\/li>\n\n\n\n<li><strong>Estalvi anual:<\/strong> ~900 \u20ac<\/li>\n\n\n\n<li><strong>Amortitzaci\u00f3:<\/strong> 10,5 anys sense ajuts, 8 anys amb subvenci\u00f3 Next Generation (2.500 \u20ac).<\/li>\n<\/ul>\n\n<h2 class=\"wp-block-heading\" id=\"preguntes-frequents-sobre-aerotermia-amb-fancoils\">Preguntes freq\u00fcents sobre Aerot\u00e8rmia amb Fancoils<\/h2>\n<div id=\"rank-math-faq\" class=\"rank-math-block\">\n<div class=\"rank-math-list \">\n<div id=\"faq-question-1754861979942\" class=\"rank-math-list-item\">\n<h3 class=\"rank-math-question \" id=\"quina-diferencia-hi-ha-entre-aerotermia-i-fancoils\">Quina difer\u00e8ncia hi ha entre aerot\u00e8rmia i fancoils?<\/h3>\n<div class=\"rank-math-answer \">\n\n<p>L&#8217;aerot\u00e8rmia \u00e9s la tecnologia que extreu energia de l&#8217;aire exterior per climatitzar i produir ACS. Els fancoils s\u00f3n les unitats interiors que distribueixen aquesta calor o fred dins les estances. Un sistema d&#8217;aerot\u00e8rmia amb fancoils combina tots dos elements.  <\/p>\n\n<\/div>\n<\/div>\n<div id=\"faq-question-1754861999605\" class=\"rank-math-list-item\">\n<h3 class=\"rank-math-question \" id=\"laerotermia-amb-fancoils-serveix-per-refrigerar-i-escalfar\">L&#8217;aerot\u00e8rmia amb fancoils serveix per refrigerar i escalfar?<\/h3>\n<div class=\"rank-math-answer \">\n\n<p>S\u00ed, \u00e9s un sistema reversible que funciona de manera calefacci\u00f3 a l&#8217;hivern i refrigeraci\u00f3 a l&#8217;estiu, a m\u00e9s de poder generar aigua calenta sanit\u00e0ria durant tot l&#8217;any.<\/p>\n\n<\/div>\n<\/div>\n<div id=\"faq-question-1754862014973\" class=\"rank-math-list-item\">\n<h3 class=\"rank-math-question \" id=\"es-eficient-aquest-sistema-en-climes-com-el-de-girona\">\u00c9s eficient aquest sistema en climes com el de Girona?<\/h3>\n<div class=\"rank-math-answer \">\n\n<p>Totalment. Girona t\u00e9 hiverns moderats i estius c\u00e0lids, condicions ideals perqu\u00e8 la bomba de calor aerot\u00e8rmica mantingui un alt rendiment (COP elevat) i generi estalvis energ\u00e8tics significatius. <\/p>\n\n<\/div>\n<\/div>\n<div id=\"faq-question-1754862046908\" class=\"rank-math-list-item\">\n<h3 class=\"rank-math-question \" id=\"quant-espai-es-necessita-per-a-la-installacio\">Quant espai es necessita per a la instal\u00b7laci\u00f3?<\/h3>\n<div class=\"rank-math-answer \">\n\n<p>Requereix un espai exterior per a la bomba de calor i espai interior per a cada fancoil. Si s&#8217;hi inclou dip\u00f2sit d&#8217;in\u00e8rcia, caldr\u00e0 una \u00e0rea addicional. <\/p>\n\n<\/div>\n<\/div>\n<div id=\"faq-question-1754862057813\" class=\"rank-math-list-item\">\n<h3 class=\"rank-math-question \" id=\"quin-es-lestalvi-real-davant-daltres-sistemes\">Quin \u00e9s l&#8217;estalvi real davant d&#8217;altres sistemes?<\/h3>\n<div class=\"rank-math-answer \">\n\n<p>En condicions \u00f2ptimes, pot reduir fins a un 70\u201375% el consum el\u00e8ctric respecte a calefacci\u00f3 el\u00e8ctrica directa o calderes de gasoil.<\/p>\n\n<\/div>\n<\/div>\n<div id=\"faq-question-1754862087508\" class=\"rank-math-list-item\">\n<h3 class=\"rank-math-question \" id=\"es-compatible-amb-sistemes-ja-existents\">\u00c9s compatible amb sistemes ja existents?<\/h3>\n<div class=\"rank-math-answer \">\n\n<p>S\u00ed, pot substituir radiadors, integrar-se amb terra radiant o combinar-se amb altres sistemes de climatitzaci\u00f3.<\/p>\n\n<\/div>\n<\/div>\n<\/div>\n<\/div>\n<p><\/p>\n","protected":false},"excerpt":{"rendered":"<p>L&#8217;aerot\u00e8rmia amb fancoils combina alta efici\u00e8ncia i versatilitat per climatitzar qualsevol espai. T&#8217;expliquem com funciona, quant costa i per qu\u00e8 \u00e9s una de les solucions m\u00e9s sostenibles del mercat. <\/p>\n","protected":false},"author":2,"featured_media":13704,"comment_status":"open","ping_status":"closed","sticky":false,"template":"","format":"standard","meta":{"_acf_changed":false,"footnotes":""},"categories":[25],"tags":[],"class_list":["post-14118","post","type-post","status-publish","format-standard","has-post-thumbnail","hentry","category-energies-renovables"],"acf":[],"_links":{"self":[{"href":"https:\/\/fotovol.com\/ca\/wp-json\/wp\/v2\/posts\/14118","targetHints":{"allow":["GET"]}}],"collection":[{"href":"https:\/\/fotovol.com\/ca\/wp-json\/wp\/v2\/posts"}],"about":[{"href":"https:\/\/fotovol.com\/ca\/wp-json\/wp\/v2\/types\/post"}],"author":[{"embeddable":true,"href":"https:\/\/fotovol.com\/ca\/wp-json\/wp\/v2\/users\/2"}],"replies":[{"embeddable":true,"href":"https:\/\/fotovol.com\/ca\/wp-json\/wp\/v2\/comments?post=14118"}],"version-history":[{"count":1,"href":"https:\/\/fotovol.com\/ca\/wp-json\/wp\/v2\/posts\/14118\/revisions"}],"predecessor-version":[{"id":17827,"href":"https:\/\/fotovol.com\/ca\/wp-json\/wp\/v2\/posts\/14118\/revisions\/17827"}],"wp:featuredmedia":[{"embeddable":true,"href":"https:\/\/fotovol.com\/ca\/wp-json\/wp\/v2\/media\/13704"}],"wp:attachment":[{"href":"https:\/\/fotovol.com\/ca\/wp-json\/wp\/v2\/media?parent=14118"}],"wp:term":[{"taxonomy":"category","embeddable":true,"href":"https:\/\/fotovol.com\/ca\/wp-json\/wp\/v2\/categories?post=14118"},{"taxonomy":"post_tag","embeddable":true,"href":"https:\/\/fotovol.com\/ca\/wp-json\/wp\/v2\/tags?post=14118"}],"curies":[{"name":"wp","href":"https:\/\/api.w.org\/{rel}","templated":true}]}}