{"id":14134,"date":"2025-08-25T19:26:45","date_gmt":"2025-08-25T17:26:45","guid":{"rendered":"https:\/\/fotovol.com\/energies-renovables\/es-rendible-posar-plaques-solars-a-una-comunitat-de-veins\/"},"modified":"2026-02-20T10:10:21","modified_gmt":"2026-02-20T09:10:21","slug":"es-rendible-posar-plaques-solars-a-una-comunitat-de-veins","status":"publish","type":"post","link":"https:\/\/fotovol.com\/ca\/energies-renovables\/es-rendible-posar-plaques-solars-a-una-comunitat-de-veins\/","title":{"rendered":"\u00c9s rendible posar plaques solars a una comunitat de ve\u00efns?"},"content":{"rendered":"\n<p>La pujada del preu de l&#8217;electricitat i la consci\u00e8ncia ambiental m\u00e9s gran han impulsat moltes comunitats de ve\u00efns a preguntar-se: <strong>val la pena instal\u00b7lar plaques solars al nostre edifici?<\/strong><\/p>\n\n<p>La resposta curta \u00e9s <strong>s\u00ed, \u00e9s rendible<\/strong> . Amb la instal\u00b7laci\u00f3 adequada, una comunitat pot reduir entre un <strong>30% i un 50% la factura el\u00e8ctrica<\/strong> , escur\u00e7ar els terminis d&#8217;amortitzaci\u00f3 a menys de 5 anys i beneficiar-se d&#8217;ajudes i bonificacions fiscals. <\/p>\n\n<p>En aquest article analitzem <strong>factors clau de rendibilitat, beneficis econ\u00f2mics, ambientals i socials<\/strong> , a m\u00e9s d&#8217;exemples reals i subvencions disponibles.<\/p>\n\n<h2 class=\"wp-block-heading\" id=\"quan-es-pot-estalviar-amb-plaques-solars-en-una-comunitat\">Quan es pot estalviar amb plaques solars en una comunitat?<\/h2>\n\n<p>Segons estudis de l&#8217;OCU i dades d&#8217;IDAE, la instal\u00b7laci\u00f3 de plaques solars a comunitats de ve\u00efns pot generar:<\/p>\n\n<ul class=\"wp-block-list\">\n<li><strong>Reducci\u00f3 del consum de xarxa:<\/strong> entre el <strong>40% i el 60%<\/strong> .<\/li>\n\n\n\n<li><strong>Estalvi en factura el\u00e8ctrica:<\/strong> entre el <strong>30% i el 50% anual<\/strong> .<\/li>\n\n\n\n<li><strong>Per\u00edode d&#8217;amortitzaci\u00f3:<\/strong> entre <strong>3 i 7 anys<\/strong> , depenent de la inversi\u00f3 inicial i els ajuts aplicats.<\/li>\n<\/ul>\n\n<p>Exemple: una comunitat de 20 ve\u00efns amb un sistema de 20 kW pot estalviar de <strong>200 a 500 \u20ac per habitatge a l&#8217;any<\/strong> , fet que suposa entre <strong>4.000 i 10.000 \u20ac anuals al conjunt de l&#8217;edifici<\/strong> .<\/p>\n\n<h2 class=\"wp-block-heading\" id=\"factors-que-influeixen-en-la-rendibilitat\">Factors que influeixen en la rendibilitat<\/h2>\n\n<p>La rendibilitat de la instal\u00b7laci\u00f3 dependr\u00e0 de:<\/p>\n\n<ol class=\"wp-block-list\">\n<li><strong>Espai disponible a la coberta<\/strong> : com m\u00e9s gran sigui la superf\u00edcie \u00fatil, m\u00e9s panells podran instal\u00b7lar-se.<\/li>\n\n\n\n<li><strong>Nombre d&#8217;habitatges i consum energ\u00e8tic<\/strong> : comunitats amb ascensors, garatges, piscines o climatitzaci\u00f3 comuna estalvien m\u00e9s.<\/li>\n\n\n\n<li><strong>Disseny t\u00e8cnic de la instal\u00b7laci\u00f3<\/strong> : orientaci\u00f3, inclinaci\u00f3, ombres i qualitat dels equips.<\/li>\n\n\n\n<li><strong>Preu de l&#8217;electricitat<\/strong> : com m\u00e9s puja el kWh, m\u00e9s rendible resulta l&#8217;autoconsum.<\/li>\n\n\n\n<li><strong>Subvencions i ajuts locals<\/strong> : poden reduir la inversi\u00f3 inicial fins a un 40-50%.<\/li>\n<\/ol>\n\n<h2 class=\"wp-block-heading\" id=\"que-passa-amb-els-excedents-denergia\">Qu\u00e8 passa amb els excedents denergia?<\/h2>\n\n<p>A comunitats de ve\u00efns \u00e9s poc com\u00fa generar grans excedents, ja que el consum agregat sol ser elevat. No obstant aix\u00f2, hi ha solucions: <\/p>\n\n<ul class=\"wp-block-list\">\n<li><strong>Compensaci\u00f3 d&#8217;excedents<\/strong> : vendre l&#8217;energia sobrant a la distribu\u00efdora (si el contracte ho permet).<\/li>\n\n\n\n<li><strong>Bateries virtuals<\/strong> : guardar l&#8217;energia excedent en forma de saldo econ\u00f2mic per compensar consums futurs (ex. hivern).<\/li>\n\n\n\n<li><strong>Emmagatzematge en bateries f\u00edsiques<\/strong> : encara cost\u00f3s, per\u00f2 cada cop m\u00e9s viable en projectes comunitaris.<\/li>\n<\/ul>\n\n<h2 class=\"wp-block-heading\" id=\"exemple-de-rendibilitat-real\">Exemple de rendibilitat real<\/h2>\n\n<p>Imaginem una comunitat que instal\u00b7la un sistema de <strong>20 kW<\/strong> amb un cost de <strong>20.000 \u20ac<\/strong> .<\/p>\n\n<ul class=\"wp-block-list\">\n<li>Subvenci\u00f3 rebuda: <strong>40%<\/strong> (8.000\u20ac).<\/li>\n\n\n\n<li>Inversi\u00f3 neta: <strong>12.000 \u20ac<\/strong> .<\/li>\n\n\n\n<li>Estalvi anual: <strong>2.400 \u20ac<\/strong> .<\/li>\n<\/ul>\n\n<p><strong>Per\u00edode d&#8217;amortitzaci\u00f3: 5 anys<\/strong> .<br\/> <strong>Estalvi total en 25 anys (vida \u00fatil): 48.000 \u20ac<\/strong> .<\/p>\n\n<h2 class=\"wp-block-heading\" id=\"avantatges-addicionals-dinstallar-plaques-solars-a-comunitats\">Avantatges addicionals d&#8217;instal\u00b7lar plaques solars a comunitats<\/h2>\n\n<p>A m\u00e9s de l&#8217;estalvi directe, instal\u00b7lar panells solars ofereix beneficis extra:<\/p>\n\n<ul class=\"wp-block-list\">\n<li><strong>Repartiment de costos<\/strong> : la inversi\u00f3 inicial es distribueix entre tots els ve\u00efns.<\/li>\n\n\n\n<li><strong>Integraci\u00f3 amb aerot\u00e8rmia<\/strong> : permet alimentar sistemes comuns de climatitzaci\u00f3 eficients.<\/li>\n\n\n\n<li><strong>Punts de rec\u00e0rrega per a vehicles el\u00e8ctrics<\/strong> : possibilitat d&#8217;instal\u00b7lar carregadors a garatges comunitaris.<\/li>\n\n\n\n<li><strong>Increment del valor de l&#8217;immoble<\/strong> : edificis m\u00e9s eficients energ\u00e8ticament s\u00f3n m\u00e9s atractius al mercat immobiliari.<\/li>\n\n\n\n<li><strong>Reducci\u00f3 d&#8217;empremta de carboni<\/strong> : contribueix a objectius clim\u00e0tics ia la sostenibilitat local.<\/li>\n<\/ul>\n\n<h2 class=\"wp-block-heading\" id=\"passos-per-posar-plaques-solars-a-una-comunitat\">Passos per posar plaques solars a una comunitat<\/h2>\n\n<ol class=\"wp-block-list\">\n<li><strong>Realitzar un estudi de viabilitat energ\u00e8tica<\/strong> (consum, coberta disponible, ombres).<\/li>\n\n\n\n<li><strong>Acordar en junta de ve\u00efns<\/strong> el projecte (majoria simple en molts casos).<\/li>\n\n\n\n<li><strong>Triar la modalitat d&#8217;autoconsum compartit<\/strong> i definir-ne el repartiment d&#8217;energia.<\/li>\n\n\n\n<li><strong>Sol\u00b7licitar subvencions<\/strong> i bonificacions fiscals.<\/li>\n\n\n\n<li><strong>Contractar una empresa instal \u00b7 ladora especialitzada<\/strong> .<\/li>\n\n\n\n<li><strong>Posar en marxa el sistema i monitoritzar resultats<\/strong> .<\/li>\n<\/ol>\n\n<p>Et pot interessar: <a href=\"https:\/\/fotovol.com\/ca\/energies-renovables\/com-inscriures-a-una-comunitat-energetica-a-espanya\/\" data-type=\"post\" data-id=\"13858\">Com inscriure&#8217;s a una comunitat energ\u00e8tica<\/a><\/p>\n\n<p>La instal\u00b7laci\u00f3 de <strong>plaques solars en comunitats de ve\u00efns \u00e9s rendible<\/strong> : permet reduir el consum el\u00e8ctric, abaratir la factura, amortitzar la inversi\u00f3 en pocs anys i generar beneficis durant d\u00e8cades. A m\u00e9s, en sumar ajuts fiscals i subvencions, la barrera econ\u00f2mica inicial \u00e9s cada vegada menor. <\/p>\n\n<p>Si voleu estudiar la viabilitat d&#8217;instal\u00b7lar plaques solars a la vostra comunitat, consulteu el nostre servei d&#8217; <a href=\"https:\/\/fotovol.com\/ca\/servei\/comunitats-energetiques\/\"><strong>instal\u00b7laci\u00f3 de comunitats energ\u00e8tiques<\/strong><\/a> . T&#8217;ajudem en tot el proc\u00e9s, des de l&#8217;estudi inicial fins a la gesti\u00f3 de subvencions i la posada en marxa. <\/p>\n\n<p><\/p>\n","protected":false},"excerpt":{"rendered":"<p>Instal\u00b7lar plaques solars a una comunitat de ve\u00efns \u00e9s una inversi\u00f3 rendible: redueix la factura el\u00e8ctrica, aprofita subvencions i s&#8217;amortitza en pocs anys.<\/p>\n","protected":false},"author":2,"featured_media":7706,"comment_status":"open","ping_status":"closed","sticky":false,"template":"","format":"standard","meta":{"_acf_changed":false,"footnotes":""},"categories":[25],"tags":[],"class_list":["post-14134","post","type-post","status-publish","format-standard","has-post-thumbnail","hentry","category-energies-renovables"],"acf":[],"_links":{"self":[{"href":"https:\/\/fotovol.com\/ca\/wp-json\/wp\/v2\/posts\/14134","targetHints":{"allow":["GET"]}}],"collection":[{"href":"https:\/\/fotovol.com\/ca\/wp-json\/wp\/v2\/posts"}],"about":[{"href":"https:\/\/fotovol.com\/ca\/wp-json\/wp\/v2\/types\/post"}],"author":[{"embeddable":true,"href":"https:\/\/fotovol.com\/ca\/wp-json\/wp\/v2\/users\/2"}],"replies":[{"embeddable":true,"href":"https:\/\/fotovol.com\/ca\/wp-json\/wp\/v2\/comments?post=14134"}],"version-history":[{"count":1,"href":"https:\/\/fotovol.com\/ca\/wp-json\/wp\/v2\/posts\/14134\/revisions"}],"predecessor-version":[{"id":17833,"href":"https:\/\/fotovol.com\/ca\/wp-json\/wp\/v2\/posts\/14134\/revisions\/17833"}],"wp:featuredmedia":[{"embeddable":true,"href":"https:\/\/fotovol.com\/ca\/wp-json\/wp\/v2\/media\/7706"}],"wp:attachment":[{"href":"https:\/\/fotovol.com\/ca\/wp-json\/wp\/v2\/media?parent=14134"}],"wp:term":[{"taxonomy":"category","embeddable":true,"href":"https:\/\/fotovol.com\/ca\/wp-json\/wp\/v2\/categories?post=14134"},{"taxonomy":"post_tag","embeddable":true,"href":"https:\/\/fotovol.com\/ca\/wp-json\/wp\/v2\/tags?post=14134"}],"curies":[{"name":"wp","href":"https:\/\/api.w.org\/{rel}","templated":true}]}}