{"id":14687,"date":"2025-10-13T23:14:34","date_gmt":"2025-10-13T21:14:34","guid":{"rendered":"https:\/\/fotovol.com\/energies-renovables\/guia-de-dimensionament-fotovoltaic-per-corba-de-carrega-industrial-residencial-i-comunitats\/"},"modified":"2026-01-27T14:42:35","modified_gmt":"2026-01-27T13:42:35","slug":"guia-de-dimensionament-fotovoltaic-per-corba-de-carrega-industrial-residencial-i-comunitats","status":"publish","type":"post","link":"https:\/\/fotovol.com\/ca\/energies-renovables\/guia-de-dimensionament-fotovoltaic-per-corba-de-carrega-industrial-residencial-i-comunitats\/","title":{"rendered":"Guia de dimensionament fotovoltaic per corba de c\u00e0rrega (industrial, residencial i comunitats)"},"content":{"rendered":"\n<p>La pregunta m\u00e9s comuna \u00e9s: <em>\u201cquantes plaques he d&#8217;instal\u00b7lar?\u201d<\/em> Sembla f\u00e0cil, per\u00f2 no es respon mirant nom\u00e9s les factures anuals. No n&#8217;hi ha prou de saber <strong>quanta<\/strong> energia uses; el que \u00e9s decisiu \u00e9s <strong>quan<\/strong> la uses. Per aix\u00f2, el dimensionat seri\u00f3s es fa <g id=\"gid_3\">per corba de c\u00e0rrega<\/g> (el teu consum hora a hora). \u00c9s l\u00b4\u00fanica manera d\u00b4evitar excedents in\u00fatils i assegurar que la teva inversi\u00f3 rendeixi al m\u00e0xim.   <\/p>\n\n\n\n<h2 class=\"wp-block-heading\" id=\"la-historia-darrere-del-teu-consum-les-dades-que-importen\">La hist\u00f2ria darrere del teu consum: les dades que importen<\/h2>\n\n\n\n<p>Per dissenyar un sistema que funcioni al m\u00f3n real, hem d&#8217;entendre la teva rutina energ\u00e8tica. No treballem amb mitjanes; treballem amb <strong>patrons<\/strong> . <\/p>\n\n\n\n<ul class=\"wp-block-list\">\n<li><strong>Corba de c\u00e0rrega hor\u00e0ria<\/strong> : el teu consum cada hora (o cada 15 min). \u00c9s la base per mesurar el solapament entre all\u00f2 que produeixes i all\u00f2 que consumeixes. <\/li>\n\n\n\n<li><strong>Entorn i muntatge<\/strong> : ubicaci\u00f3, orientaci\u00f3 i inclinaci\u00f3 de la coberta, ombres i p\u00e8rdues. Aix\u00f2 defineix la producci\u00f3 <strong>real<\/strong> del camp fotovoltaic. <\/li>\n\n\n\n<li><strong>Tarifa i estructura de costos<\/strong> : identifiquem en quins per\u00edodes el kWh \u00e9s m\u00e9s car i on es guanya m\u00e9s estalvi. Valorem inversi\u00f3 ( <strong>capex<\/strong> ) i operaci\u00f3 ( <strong>opex<\/strong> ) per calcular la rendibilitat financera. <\/li>\n\n\n\n<li><strong>Bateria (si s&#8217;aplica)<\/strong> : cost per kWh i kW, rendiment i vida \u00fatil. Clau quan hi ha consum rellevant al capvespre\/nit. <\/li>\n<\/ul>\n\n\n\n<blockquote class=\"wp-block-quote is-layout-flow wp-block-quote-is-layout-flow\">\n<p>Definicions \u00fatils:<br> <strong>ra (r\u00e0tio d&#8217;autoconsum)<\/strong> = part de l&#8217;energia solar que et menges tu mateix.<br> <strong>ga (grau d&#8217;autosufici\u00e8ncia)<\/strong> = quanta de la teva demanda cobreixes amb el teu solar.<br> <strong>van (valor actual net)<\/strong> = la m\u00e8trica financera que indica si el projecte crea valor.<\/p>\n<\/blockquote>\n\n\n\n<h2 class=\"wp-block-heading\" id=\"el-metode-fotovol-de-la-dada-a-la-mida-optima\">El m\u00e8tode Fotovol: de la dada a la mida \u00f2ptima<\/h2>\n\n\n\n<p>El nostre proc\u00e9s est\u00e0 dissenyat per trobar <strong>el punt \u00f2ptim<\/strong> : on cada euro invertit produeix el major retorn. Res de \u201csostre ple\u201d per defecte. <\/p>\n\n\n\n<ol class=\"wp-block-list\">\n<li><strong>neteja i segmentaci\u00f3<\/strong><br> separem laborables, caps de setmana i torns. traiem at\u00edpics i parades per veure el teu patr\u00f3 real. <\/li>\n\n\n\n<li><strong>simulaci\u00f3 hor\u00e0ria per kWp<\/strong><br> modelem qu\u00e8 generaria <strong>1 kWp<\/strong> a la teva coberta, hora a hora, amb p\u00e8rdues i rendiment real del sistema.<\/li>\n\n\n\n<li><strong>escombratge de mides i an\u00e0lisi d&#8217;estalvi<\/strong><br> provem m\u00faltiples pot\u00e8ncies. per a cadascuna calculem autoconsum, excedents, <strong>ra<\/strong> , <strong>ga<\/strong> i <strong>estalvi per per\u00edodes tarifaris<\/strong> . <\/li>\n\n\n\n<li><strong>impacte en pot\u00e8ncia contractada<\/strong> (industrial)<br> mesurem com la fotovoltaica aplana pics i si pots optimitzar el terme de pot\u00e8ncia.<\/li>\n\n\n\n<li><strong>validaci\u00f3 el\u00e8ctrica i normativa<\/strong><br> inversors, strings, tensions, clipping admissible i seguretat. disseny que passa auditoria. <\/li>\n\n\n\n<li><strong>decisi\u00f3 per van<\/strong><br> triem la mida on el <strong>van<\/strong> \u00e9s m\u00e0xim mantenint una <strong>ra<\/strong> alta. instal\u00b7lem <strong>el que conv\u00e9<\/strong> , no el que hi cap. <\/li>\n<\/ol>\n\n\n\n<h2 class=\"wp-block-heading\" id=\"exemple-integrat-didactic-i-realista\">Exemple integrat (did\u00e0ctic i realista)<\/h2>\n\n\n\n<p>Imagina&#8217;t una f\u00e0brica amb base nocturna de 80 kW i jornades de 8\u201318 h amb 250 kW. Els caps de setmana baixa a 60 kW. A la coberta, <strong>1 kWp rendeix ~1.650 kWh\/any<\/strong> (p\u00e8rdues i rendiment inclosos).  <\/p>\n\n\n\n<ul class=\"wp-block-list\">\n<li>Amb <strong>500 kWp<\/strong> , generaries ~825 MWh\/any. el solapament amb el consum di\u00fcrn \u00e9s alt: <strong>ra ~85%<\/strong> \u2192 ~701 MWh estalviats i ~124 MWh d&#8217;excedent. <\/li>\n\n\n\n<li>Si puges a <strong>900 kWp<\/strong> , en generes m\u00e9s, per\u00f2 el <strong>ra<\/strong> cau (~68%). tradueix en m\u00e9s excedent i tornada marginal menor. <\/li>\n<\/ul>\n\n\n\n<p>La mida guanyadora no \u00e9s la m\u00e9s gran, \u00e9s la que <strong>maximitza van<\/strong> amb <strong>ra<\/strong> encara alta.<\/p>\n\n\n\n<h2 class=\"wp-block-heading\" id=\"amb-bateria-o-sense-quan-val-la-pena\">Amb bateria o sense? Quan val la pena <\/h2>\n\n\n\n<p>Operem amb regles clares: l\u00edmits de c\u00e0rrega ( <strong>soc<\/strong> ), rendiment anada-tornada i prioritat a hores cares.<\/p>\n\n\n\n<ul class=\"wp-block-list\">\n<li><strong>Sn bateria<\/strong> : perfils principalment di\u00fcrns i caps de setmana amb baixa activitat.<\/li>\n\n\n\n<li><strong>Amb bateria<\/strong> : quan hi ha excedents al migdia i consum fort al capvespre\/nit, o quan necessites <strong>reduir pics<\/strong> (peak-shaving) per optimitzar pot\u00e8ncia contractada.<\/li>\n<\/ul>\n\n\n\n<h2 class=\"wp-block-heading\" id=\"de-kwp-a-nombre-de-plaques-sense-perdres\">De kWp a nombre de plaques (sense perdre&#8217;s)<\/h2>\n\n\n\n<ol class=\"wp-block-list\">\n<li>fixem el <strong>kWp \u00f2ptim<\/strong> de lestudi.<\/li>\n\n\n\n<li>triem el m\u00f2dul (t\u00edpic 400\u2013550 Wp).<\/li>\n\n\n\n<li><strong>n\u00ba de plaques \u2248 kWp \u00f2ptim \/ (Wp del m\u00f2dul \/ 1.000)<\/strong> .<\/li>\n\n\n\n<li>comprovem espai, passadissos de manteniment, c\u00e0rregues de coberta i ombres. zero sorpreses. <\/li>\n<\/ol>\n\n\n\n<p>Triem el m\u00f2dul (t\u00edpic 400\u2013550 Wp). Revisa les nostres solucions de <strong>\n  <a href=\"https:\/\/fotovol.com\/ca\/servei\/instalacions-fotovoltaiques-industrials\/\">m\u00f2duls fotovoltaics per a ind\u00fastria<\/a>\n<\/strong> <\/p>\n\n\n\n<h2 class=\"wp-block-heading\" id=\"advertiments-dexperts-trampes-que-evitem-per-sistema\">Advertiments d&#8217;experts: trampes que evitem per sistema<\/h2>\n\n\n\n<ul class=\"wp-block-list\">\n<li><strong>Dimensionar amb kWh\/any o hsp a seques<\/strong> : ignora el <em>quan<\/em> i dispara excedents.<\/li>\n\n\n\n<li><strong>No separar perfils<\/strong> (laboral vs cap de setmana\/torns): infla artificialment el <strong>ra<\/strong> esperat.<\/li>\n\n\n\n<li><strong>Oblidar l&#8217;opex i la degradaci\u00f3<\/strong> : el rendiment baixa amb brut\u00edcia\/temps; prometre sense aix\u00f2 \u00e9s vendre fum.<\/li>\n\n\n\n<li><strong>Ignorar pot\u00e8ncia contractada<\/strong> (industrial): perds una palanca destalvi rellevant.<\/li>\n<\/ul>\n\n\n\n<h2 class=\"wp-block-heading\" id=\"el-nostre-criteri-es-lestalvi-maxim\">El nostre criteri \u00e9s lestalvi m\u00e0xim<\/h2>\n\n\n\n<p>La clau no \u00e9s instal\u00b7lar m\u00e9s, sin\u00f3 instal\u00b7lar <strong>millor<\/strong> . En fotovol, la <g id=\"gid_1\">corba de c\u00e0rrega<\/g> i el <g id=\"gid_2\">van<\/g> s\u00f3n la nostra br\u00faixola. Aix\u00ed garantim que la teva inversi\u00f3 fotovoltaica sigui tan s\u00f2lida com les plaques que muntem.  <\/p>\n\n\n\n<blockquote class=\"wp-block-quote is-layout-flow wp-block-quote-is-layout-flow\">\n<p>vols saber <em>exactament<\/em> quantes plaques necessites i quant estalviar\u00e0s? <strong>sol\u00b7licita el teu estudi de corba de c\u00e0rrega<\/strong> i t&#8217;entreguem la mida \u00f2ptima (amb bateria o sense), l&#8217;estalvi per per\u00edodes i l&#8217;impacte en pot\u00e8ncia contractada.<\/p>\n<\/blockquote>\n","protected":false},"excerpt":{"rendered":"<p>La pregunta m\u00e9s comuna \u00e9s: \u201cquantes plaques he d&#8217;instal\u00b7lar?\u201d Sembla f\u00e0cil, per\u00f2 no es respon mirant nom\u00e9s les factures anuals. No n&#8217;hi ha prou de saber quanta energia uses; el que \u00e9s decisiu \u00e9s quan la uses. Per aix\u00f2, el dimensionat seri\u00f3s es fa per corba de c\u00e0rrega (el teu consum hora a hora). \u00c9s [&hellip;]<\/p>\n","protected":false},"author":2,"featured_media":14683,"comment_status":"closed","ping_status":"closed","sticky":false,"template":"","format":"standard","meta":{"_acf_changed":false,"footnotes":""},"categories":[25],"tags":[],"class_list":["post-14687","post","type-post","status-publish","format-standard","has-post-thumbnail","hentry","category-energies-renovables"],"acf":[],"_links":{"self":[{"href":"https:\/\/fotovol.com\/ca\/wp-json\/wp\/v2\/posts\/14687","targetHints":{"allow":["GET"]}}],"collection":[{"href":"https:\/\/fotovol.com\/ca\/wp-json\/wp\/v2\/posts"}],"about":[{"href":"https:\/\/fotovol.com\/ca\/wp-json\/wp\/v2\/types\/post"}],"author":[{"embeddable":true,"href":"https:\/\/fotovol.com\/ca\/wp-json\/wp\/v2\/users\/2"}],"replies":[{"embeddable":true,"href":"https:\/\/fotovol.com\/ca\/wp-json\/wp\/v2\/comments?post=14687"}],"version-history":[{"count":0,"href":"https:\/\/fotovol.com\/ca\/wp-json\/wp\/v2\/posts\/14687\/revisions"}],"wp:featuredmedia":[{"embeddable":true,"href":"https:\/\/fotovol.com\/ca\/wp-json\/wp\/v2\/media\/14683"}],"wp:attachment":[{"href":"https:\/\/fotovol.com\/ca\/wp-json\/wp\/v2\/media?parent=14687"}],"wp:term":[{"taxonomy":"category","embeddable":true,"href":"https:\/\/fotovol.com\/ca\/wp-json\/wp\/v2\/categories?post=14687"},{"taxonomy":"post_tag","embeddable":true,"href":"https:\/\/fotovol.com\/ca\/wp-json\/wp\/v2\/tags?post=14687"}],"curies":[{"name":"wp","href":"https:\/\/api.w.org\/{rel}","templated":true}]}}