{"id":16544,"date":"2026-02-05T13:25:06","date_gmt":"2026-02-05T12:25:06","guid":{"rendered":"https:\/\/fotovol.com\/energies-renovables\/quin-frigorific-es-millor-si-tens-energia-solar-a-casa\/"},"modified":"2026-02-20T10:08:50","modified_gmt":"2026-02-20T09:08:50","slug":"quin-frigorific-es-millor-si-tens-energia-solar-a-casa","status":"publish","type":"post","link":"https:\/\/fotovol.com\/ca\/manteniment-i-emmagatzematge\/quin-frigorific-es-millor-si-tens-energia-solar-a-casa\/","title":{"rendered":"Quin frigor\u00edfic \u00e9s millor si tens energia solar a casa?"},"content":{"rendered":"\n<p>T&#8217;has preguntat quin tipus de <strong>nevera \u00e9s millor si tens plaques solars a casa<\/strong> ? \u00c9s una consulta freq\u00fcent entre els qui aposten per l&#8217;energia solar i volen treure el m\u00e0xim rendiment a la instal\u00b7laci\u00f3.   <\/p>\n\n<p>Escollir b\u00e9 el frigor\u00edfic pot marcar una gran difer\u00e8ncia en el consum el\u00e8ctric, sobretot si est\u00e0s valorant una instal\u00b7laci\u00f3 solar o ja la tens funcionant. A Fotovol us ajudem a dimensionar el vostre sistema perqu\u00e8 s&#8217;adapti als vostres electrodom\u00e8stics, o viceversa. <\/p>\n\n<h2 class=\"wp-block-heading\" id=\"la-clau-eficiencia-compatibilitat-amb-el-teu-sistema-solar\">La clau: efici\u00e8ncia + compatibilitat amb el teu sistema solar<\/h2>\n\n<p>Abans d&#8217;escollir el teu frigor\u00edfic, \u00e9s important tenir clar <strong>quin tipus d&#8217;instal\u00b7laci\u00f3 solar tens o tindr\u00e0s<\/strong> :<\/p>\n\n<h3 class=\"wp-block-heading\" id=\"installacio-connectada-a-la-xarxa-autoconsum\">Instal\u00b7laci\u00f3 connectada a la xarxa (autoconsum)<\/h3>\n\n<p>Si teniu una instal\u00b7laci\u00f3 d&#8217;autoconsum amb connexi\u00f3 a xarxa, podeu utilitzar <strong>electrodom\u00e8stics est\u00e0ndard d&#8217;alta efici\u00e8ncia<\/strong> sense preocupar-vos massa pel consum puntual. En aquest cas, l&#8217;ideal \u00e9s optar per un frigor\u00edfic amb: <\/p>\n\n<ul class=\"wp-block-list\">\n<li><strong>Etiqueta energ\u00e8tica A++ o superior<\/strong> (nova classificaci\u00f3).<\/li>\n\n\n\n<li><strong>Tecnologia inverter<\/strong> , que redueix el nombre d&#8217;arrencada i millora l&#8217;\u00fas d&#8217;energia.<\/li>\n\n\n\n<li>Un consum anual baix, al voltant de <strong>100 \u2013 200 kWh\/any<\/strong> .<\/li>\n<\/ul>\n\n<h3 class=\"wp-block-heading\" id=\"installacio-aillada-off-grid\">Instal\u00b7laci\u00f3 a\u00efllada (off-grid)<\/h3>\n\n<p>En <a href=\"https:\/\/fotovol.com\/energias-renovables\/instalaciones-solares-aisladas\/\" data-type=\"post\" data-id=\"12970\">instal\u00b7lacions que funcionen de forma <strong>aut\u00f2noma amb bateries<\/strong><\/a> , la nevera pot ser l&#8217;electrodom\u00e8stic que consumeix m\u00e9s energia al llarg del dia. Aqu\u00ed \u00e9s fonamental: <\/p>\n\n<ul class=\"wp-block-list\">\n<li>Triar una <strong>nevera de baix consum real<\/strong> .<\/li>\n\n\n\n<li>Valorar models que funcionin a <strong>12 V o 24 V DC<\/strong> , sense necessitat d&#8217;inversors.<\/li>\n\n\n\n<li>Prioritzar <strong>capacitat ajustada<\/strong> al nombre de persones i un <strong>bon a\u00efllament t\u00e8rmic<\/strong> .<\/li>\n<\/ul>\n\n<h2 class=\"wp-block-heading\" id=\"consells-per-triar-la-nevera-amb-plaques-solars\">Consells per triar la nevera amb plaques solars<\/h2>\n\n<h3 class=\"wp-block-heading\" id=\"1-consum-electric\">1. Consum el\u00e8ctric<\/h3>\n\n<p>Revisa el consum a <strong>kWh\/any<\/strong> del model. Com m\u00e9s baix, millor. Les etiquetes energ\u00e8tiques actuals van des de A fins a G.  <\/p>\n\n<blockquote class=\"wp-block-quote is-layout-flow wp-block-quote-is-layout-flow\">\n<p>A Fotovol sempre realitzem un estudi previ per comprovar si el frigor\u00edfic que tens o adquirir\u00e0s \u00e9s compatible amb la producci\u00f3 del teu sistema solar.<\/p>\n<\/blockquote>\n\n<h3 class=\"wp-block-heading\" id=\"2-potencia-installada-i-produccio-solar\">2. Pot\u00e8ncia instal\u00b7lada i producci\u00f3 solar<\/h3>\n\n<p>Tria un frigor\u00edfic el consum diari del qual pugui ser <strong>cobert per la producci\u00f3 solar di\u00e0ria mitjana<\/strong> . No \u00e9s el mateix si nom\u00e9s vols alimentar una nevera o si el sistema donar\u00e0 servei a tota la casa. Si necessites ajuda, el nostre equip pot fer aquest c\u00e0lcul per tu. <\/p>\n\n<h3 class=\"wp-block-heading\" id=\"3-capacitat-i-us-real\">3. Capacitat i \u00fas real<\/h3>\n\n<p>Una nevera sobredimensionada pot consumir m\u00e9s energia de la necess\u00e0ria. Per exemple: <\/p>\n\n<ul class=\"wp-block-list\">\n<li>1-2 persones: 150\u2013200 L<\/li>\n\n\n\n<li>3-4 persones: 200\u2013300 L<\/li>\n\n\n\n<li>Fam\u00edlies grans: m\u00e9s de 300 L<\/li>\n<\/ul>\n\n<h3 class=\"wp-block-heading\" id=\"4-tensio-del-sistema-230-v-o-12-24-v\">4. Tensi\u00f3 del sistema: 230 V o 12\/24 V?<\/h3>\n\n<p>En sistemes a\u00efllats, l&#8217;ideal \u00e9s utilitzar neveres que treballin directament a <strong>corrent continu (DC)<\/strong> de 12 V o 24 V, per evitar p\u00e8rdues per conversi\u00f3. Hi ha models espec\u00edfics per a aquest tipus d&#8217;\u00fas, com ara: <\/p>\n\n<ul class=\"wp-block-list\">\n<li><strong>Dometic<\/strong> , <strong>Vitrifrigo<\/strong> o <strong>Beko Solar<\/strong> : marques conegudes per oferir equips compatibles amb instal\u00b7lacions solars a\u00efllades.<\/li>\n<\/ul>\n\n<h2 class=\"wp-block-heading\" id=\"i-que-passa-amb-les-neveres-solars-de-12-v\">I qu\u00e8 passa amb les neveres solars de 12 V?<\/h2>\n\n<p>Aquestes neveres estan dissenyades espec\u00edficament per a instal\u00b7lacions off-grid. Els seus avantatges: <\/p>\n\n<ul class=\"wp-block-list\">\n<li>Consum molt baix (30\u201360 W de mitjana).<\/li>\n\n\n\n<li>Funcionen directament amb bateries solars.<\/li>\n\n\n\n<li>Ideals per a habitatges a\u00efllats, refugis, autocaravanes o cases amb espai limitat de panells.<\/li>\n<\/ul>\n\n<p>S\u00f3n m\u00e9s petites i no solen tenir una gran capacitat de congelaci\u00f3, per\u00f2 poden ser la millor soluci\u00f3 en situacions concretes.<\/p>\n\n<h2 class=\"wp-block-heading\" id=\"com-saber-si-la-meva-installacio-solar-pot-amb-la-nevera\">Com saber si la meva instal\u00b7laci\u00f3 solar pot amb la nevera?<\/h2>\n\n<p>Per tenir una bona experi\u00e8ncia amb el teu frigor\u00edfic alimentat amb energia solar, t&#8217;has d&#8217;assegurar de tres coses:<\/p>\n\n<ol class=\"wp-block-list\">\n<li>Que el teu <strong>sistema estigui ben dimensionat<\/strong> .<\/li>\n\n\n\n<li>Que el consum del frigor\u00edfic <strong>sigui coherent amb la teva producci\u00f3 di\u00e0ria i capacitat de bateries<\/strong> .<\/li>\n\n\n\n<li>Que tinguis en compte les <strong>hores sense sol<\/strong> (especialment a la nit oa l&#8217;hivern).<\/li>\n<\/ol>\n\n<blockquote class=\"wp-block-quote is-layout-flow wp-block-quote-is-layout-flow\">\n<p>A Fotovol analitzem aquests factors a cada instal\u00b7laci\u00f3 per oferir-te <strong>un sistema a mida<\/strong> , adaptat als teus consums reals.<\/p>\n<\/blockquote>\n\n<p><a href=\"https:\/\/fotovol.com\/ca\/servei\/installacions-fotovoltaiques-residencials\/\">Veure el nostre servei d&#8217;instal\u00b7laci\u00f3 fotovoltaica residencial<\/a><\/p>\n\n<h2 class=\"wp-block-heading\" id=\"preguntes-frequents-faq\">Preguntes freq\u00fcents (FAQ)<\/h2>\n<div id=\"rank-math-faq\" class=\"rank-math-block\">\n<div class=\"rank-math-list \">\n<div id=\"faq-question-1770294049283\" class=\"rank-math-list-item\">\n<h3 class=\"rank-math-question \" id=\"quantes-plaques-solars-necessito-per-a-una-nevera\"><strong>Quantes plaques solars necessito per a una nevera?<\/strong><\/h3>\n<div class=\"rank-math-answer \">\n\n<p>Dep\u00e8n del consum del model. Una nevera eficient de 200 kWh\/any necessitaria uns <strong>2 panells de 450 W<\/strong> per funcionar de manera aut\u00f2noma durant tot l&#8217;any. <\/p>\n\n<\/div>\n<\/div>\n<div id=\"faq-question-1770294067748\" class=\"rank-math-list-item\">\n<h3 class=\"rank-math-question \" id=\"puc-fer-servir-qualsevol-nevera-amb-plaques-solars\"><strong>Puc fer servir qualsevol nevera amb plaques solars?<\/strong><\/h3>\n<div class=\"rank-math-answer \">\n\n<p>S\u00ed, si la instal\u00b7laci\u00f3 est\u00e0 ben dimensionada. En sistemes a\u00efllats, el recomanable \u00e9s fer servir models de 12\/24 V o molt eficients per no esgotar les bateries. <\/p>\n\n<\/div>\n<\/div>\n<div id=\"faq-question-1770294083067\" class=\"rank-math-list-item\">\n<h3 class=\"rank-math-question \" id=\"quina-es-la-nevera-que-menys-consumeix-energia\"><strong>Quina \u00e9s la nevera que menys consumeix energia?<\/strong><\/h3>\n<div class=\"rank-math-answer \">\n\n<p>Els models A++ o superiors amb tecnologia inverter. En a\u00efllades, les neveres solars de compressor a 12 V s\u00f3n les m\u00e9s eficients. <\/p>\n\n<\/div>\n<\/div>\n<div id=\"faq-question-1770294100163\" class=\"rank-math-list-item\">\n<h3 class=\"rank-math-question \" id=\"quins-electrodomestics-puc-fer-servir-amb-plaques-solars\"><strong>Quins electrodom\u00e8stics puc fer servir amb plaques solars?<\/strong><\/h3>\n<div class=\"rank-math-answer \">\n\n<p>Tothom, sempre que el sistema estigui preparat. A Fotovol t&#8217;ajudem a calcular-ho. <\/p>\n\n<\/div>\n<\/div>\n<\/div>\n<\/div>","protected":false},"excerpt":{"rendered":"<p>La millor nevera per a una casa amb plaques solars \u00e9s aquella amb alta efici\u00e8ncia energ\u00e8tica (A++ o superior) i consum adaptat al teu tipus dinstal\u00b7laci\u00f3: models est\u00e0ndard inverter si est\u00e0s connectat a xarxa, o neveres de 12\/24 V en sistemes a\u00efllats.<\/p>\n","protected":false},"author":7,"featured_media":16539,"comment_status":"closed","ping_status":"closed","sticky":false,"template":"","format":"standard","meta":{"_acf_changed":false,"footnotes":""},"categories":[116,25],"tags":[],"class_list":["post-16544","post","type-post","status-publish","format-standard","has-post-thumbnail","hentry","category-manteniment-i-emmagatzematge","category-energies-renovables"],"acf":[],"_links":{"self":[{"href":"https:\/\/fotovol.com\/ca\/wp-json\/wp\/v2\/posts\/16544","targetHints":{"allow":["GET"]}}],"collection":[{"href":"https:\/\/fotovol.com\/ca\/wp-json\/wp\/v2\/posts"}],"about":[{"href":"https:\/\/fotovol.com\/ca\/wp-json\/wp\/v2\/types\/post"}],"author":[{"embeddable":true,"href":"https:\/\/fotovol.com\/ca\/wp-json\/wp\/v2\/users\/7"}],"replies":[{"embeddable":true,"href":"https:\/\/fotovol.com\/ca\/wp-json\/wp\/v2\/comments?post=16544"}],"version-history":[{"count":1,"href":"https:\/\/fotovol.com\/ca\/wp-json\/wp\/v2\/posts\/16544\/revisions"}],"predecessor-version":[{"id":17800,"href":"https:\/\/fotovol.com\/ca\/wp-json\/wp\/v2\/posts\/16544\/revisions\/17800"}],"wp:featuredmedia":[{"embeddable":true,"href":"https:\/\/fotovol.com\/ca\/wp-json\/wp\/v2\/media\/16539"}],"wp:attachment":[{"href":"https:\/\/fotovol.com\/ca\/wp-json\/wp\/v2\/media?parent=16544"}],"wp:term":[{"taxonomy":"category","embeddable":true,"href":"https:\/\/fotovol.com\/ca\/wp-json\/wp\/v2\/categories?post=16544"},{"taxonomy":"post_tag","embeddable":true,"href":"https:\/\/fotovol.com\/ca\/wp-json\/wp\/v2\/tags?post=16544"}],"curies":[{"name":"wp","href":"https:\/\/api.w.org\/{rel}","templated":true}]}}