{"id":7452,"date":"2023-12-20T14:49:57","date_gmt":"2023-12-20T13:49:57","guid":{"rendered":"https:\/\/www.fotovol.cat\/?p=7452"},"modified":"2025-05-27T12:14:54","modified_gmt":"2025-05-27T10:14:54","slug":"energetiques","status":"publish","type":"post","link":"https:\/\/fotovol.com\/ca\/energies-renovables\/energetiques\/","title":{"rendered":"Les grans energ\u00e8tiques preveuen una pujada de preus de m\u00e9s del 20% a partir del gener 2024"},"content":{"rendered":"<p>Segons l\u2019article publicat a <a href=\"https:\/\/www.expansion.com\/empresas\/energia\/2023\/12\/11\/65763f86e5fdeacd718b462e.html\" target=\"_blank\" rel=\"noopener\">Expansi\u00f3n<\/a>, les energ\u00e8tiques Iberdrola, Endesa, Naturgy i Repsol preveuen que <strong>els preus es dispararan entre un 20% i un 30% a partir del gener de 2024.\u00a0<\/strong><\/p>\n<p>A principis d\u2019any, caduquen diverses mesures adoptades pel Govern en els \u00faltims anys per suavitzar l\u2019impacte de la pujada de preus de la llum i el gas. Algunes de les mesures van ser la reducci\u00f3 de l\u2019IVA i de l\u2019Impost El\u00e8ctric, i la implementaci\u00f3 de la denominada \u201cexcepci\u00f3 ib\u00e8rica\u201d.<\/p>\n<p>A dia d\u2019avui, el Govern encara no ha pres una decisi\u00f3 sobre la pr\u00f2rroga de les mesures adoptades en el seu moment, i en cas que no faci res, la gran majoria de la poblaci\u00f3 patir\u00e0 augments sobtats a les seves factures energ\u00e8tiques en el mes de gener.<\/p>\n<p>Nom\u00e9s amb el retorn de l\u2019IVA a la seva situaci\u00f3 pr\u00e8via, tant particulars com empreses veurien un increment de m\u00e9s del 16% a les seves factures de llum.<\/p>\n<p>Per evitar estar sempre pendents de les decisions del govern de torn o de les empreses productores d\u2019energia per saber quant pagarem a final de mes, des de <strong>Fotovol<\/strong> recomanem la independ\u00e8ncia energ\u00e8tica a trav\u00e9s de la instal\u00b7laci\u00f3 de sistemes fotovoltaics i d\u2019emmagatzematge.<\/p>\n<p>En els darrers mesos els preus dels panells fotovoltaics i de les bateries han abaixat de forma considerable, pel que \u00e9s un bon moment per <strong>apostar per la via de la independ\u00e8ncia.<\/strong><\/p>\n","protected":false},"excerpt":{"rendered":"<p>A principis d\u2019any, caduquen diverses mesures adoptades pel Govern en els \u00faltims anys per suavitzar l\u2019impacte de la pujada de preus.<\/p>\n","protected":false},"author":7,"featured_media":7453,"comment_status":"open","ping_status":"closed","sticky":false,"template":"","format":"standard","meta":{"_acf_changed":false,"footnotes":""},"categories":[25],"tags":[],"class_list":["post-7452","post","type-post","status-publish","format-standard","has-post-thumbnail","hentry","category-energies-renovables"],"acf":[],"_links":{"self":[{"href":"https:\/\/fotovol.com\/ca\/wp-json\/wp\/v2\/posts\/7452","targetHints":{"allow":["GET"]}}],"collection":[{"href":"https:\/\/fotovol.com\/ca\/wp-json\/wp\/v2\/posts"}],"about":[{"href":"https:\/\/fotovol.com\/ca\/wp-json\/wp\/v2\/types\/post"}],"author":[{"embeddable":true,"href":"https:\/\/fotovol.com\/ca\/wp-json\/wp\/v2\/users\/7"}],"replies":[{"embeddable":true,"href":"https:\/\/fotovol.com\/ca\/wp-json\/wp\/v2\/comments?post=7452"}],"version-history":[{"count":0,"href":"https:\/\/fotovol.com\/ca\/wp-json\/wp\/v2\/posts\/7452\/revisions"}],"wp:featuredmedia":[{"embeddable":true,"href":"https:\/\/fotovol.com\/ca\/wp-json\/wp\/v2\/media\/7453"}],"wp:attachment":[{"href":"https:\/\/fotovol.com\/ca\/wp-json\/wp\/v2\/media?parent=7452"}],"wp:term":[{"taxonomy":"category","embeddable":true,"href":"https:\/\/fotovol.com\/ca\/wp-json\/wp\/v2\/categories?post=7452"},{"taxonomy":"post_tag","embeddable":true,"href":"https:\/\/fotovol.com\/ca\/wp-json\/wp\/v2\/tags?post=7452"}],"curies":[{"name":"wp","href":"https:\/\/api.w.org\/{rel}","templated":true}]}}