{"id":115,"count":7,"description":"La mobilit\u00e9 \u00e9lectrique \u00e0 G\u00e9rone conna\u00eet une forte croissance, port\u00e9e par la r\u00e9glementation espagnole et catalane, les aides publiques et le d\u00e9veloppement des infrastructures de recharge pour logements, copropri\u00e9t\u00e9s, entreprises et administrations publiques. Dans cette section, nous analysons le cadre l\u00e9gal en vigueur et les exigences d\u2019installation des bornes en Catalogne.","link":"https:\/\/fotovol.com\/fr\/mobilite-electrique\/","name":"Mobilit\u00e9 \u00e9lectrique","slug":"mobilite-electrique","taxonomy":"category","parent":0,"meta":[],"acf":[],"_links":{"self":[{"href":"https:\/\/fotovol.com\/fr\/wp-json\/wp\/v2\/categories\/115","targetHints":{"allow":["GET"]}}],"collection":[{"href":"https:\/\/fotovol.com\/fr\/wp-json\/wp\/v2\/categories"}],"about":[{"href":"https:\/\/fotovol.com\/fr\/wp-json\/wp\/v2\/taxonomies\/category"}],"wp:post_type":[{"href":"https:\/\/fotovol.com\/fr\/wp-json\/wp\/v2\/posts?categories=115"}],"curies":[{"name":"wp","href":"https:\/\/api.w.org\/{rel}","templated":true}]}}