{"id":11072,"date":"2025-03-31T23:26:10","date_gmt":"2025-03-31T21:26:10","guid":{"rendered":"https:\/\/fotovol.com\/energies-renouvelables\/la-catalogne-depasse-les-100-000-voitures-electriques-quelles-sont-les-consequences-pour-les-points-de-recharge\/"},"modified":"2026-02-20T10:11:45","modified_gmt":"2026-02-20T09:11:45","slug":"la-catalogne-depasse-les-100-000-voitures-electriques-quelles-sont-les-consequences-pour-les-points-de-recharge","status":"publish","type":"post","link":"https:\/\/fotovol.com\/fr\/mobilite-electrique\/la-catalogne-depasse-les-100-000-voitures-electriques-quelles-sont-les-consequences-pour-les-points-de-recharge\/","title":{"rendered":"La Catalogne d\u00e9passe les 100 000 voitures \u00e9lectriques : quelles sont les cons\u00e9quences pour les points de recharge ?"},"content":{"rendered":"\n<p>La Catalogne a pos\u00e9 un nouveau jalon en mati\u00e8re de mobilit\u00e9 durable : plus de <strong>100 000 v\u00e9hicules \u00e9lectriques seront immatricul\u00e9s<\/strong> d&rsquo;ici 2024, selon des donn\u00e9es r\u00e9centes du gouvernement. Ce chiffre refl\u00e8te non seulement un changement de mentalit\u00e9 des utilisateurs, mais aussi une transformation qui a un impact sur la fa\u00e7on dont nous rechargeons nos v\u00e9hicules. <\/p>\n\n<h2 class=\"wp-block-heading\" id=\"la-dynamique-du-plan-illa\">La dynamique du plan illa<\/h2>\n\n<p>L&rsquo;un des facteurs cl\u00e9s de cette croissance a \u00e9t\u00e9 le <strong>plan Illa<\/strong>, une strat\u00e9gie institutionnelle visant \u00e0 promouvoir l&rsquo;\u00e9lectrification du secteur des transports. Ce plan vise non seulement \u00e0 r\u00e9duire les \u00e9missions, mais aussi \u00e0 d\u00e9velopper les <strong>infrastructures de recharge publiques et priv\u00e9es<\/strong>. <\/p>\n\n<p>L&rsquo;augmentation du nombre de voitures \u00e9lectriques s&rsquo;accompagne n\u00e9cessairement d&rsquo;un besoin accru de bornes de recharge accessibles, efficaces et bien r\u00e9parties.<\/p>\n\n<h2 class=\"wp-block-heading\" id=\"pourquoi-cela-vous-concerne-t-il-meme-si-vous-navez-pas-encore-de-voiture-electrique\">Pourquoi cela vous concerne-t-il, m\u00eame si vous n&rsquo;avez pas encore de voiture \u00e9lectrique ?<\/h2>\n\n<p>La croissance du parc de v\u00e9hicules \u00e9lectriques a un effet direct sur :<\/p>\n\n<ul class=\"wp-block-list\">\n<li><strong>la demande de chargeurs dans les maisons individuelles et les parkings communaux<\/strong><\/li>\n\n\n\n<li><strong>la pression sur les bornes de recharge publiques<\/strong>, qui commencent d\u00e9j\u00e0 \u00e0 montrer des signes de saturation.<\/li>\n\n\n\n<li><strong>l&rsquo;urgence d&rsquo;adapter les infrastructures des entreprises<\/strong> pour des flottes et des employ\u00e9s durables<\/li>\n<\/ul>\n\n<p>Ce contexte fait de l&rsquo;<strong>installation d&rsquo;une borne de recharge priv\u00e9e<\/strong> une d\u00e9cision strat\u00e9gique pour le pr\u00e9sent et l&rsquo;avenir.<\/p>\n\n<div class=\"wp-block-cover alignfull is-light wp-duotone-grayscale\"><span aria-hidden=\"true\" class=\"wp-block-cover__background has-background-dim-100 has-background-dim\" style=\"background-color:#ffffff\"><\/span><div class=\"wp-block-cover__inner-container is-layout-constrained wp-container-core-cover-is-layout-bea02a06 wp-block-cover-is-layout-constrained\">\n<div class=\"wp-block-media-text alignwide is-stacked-on-mobile is-vertically-aligned-center is-image-fill-element has-luminous-vivid-orange-color has-text-color has-link-color has-small-font-size wp-elements-fb37df894cab66ab5ec730f117085452\" style=\"border-radius:56px;border-top-color:var(--wp--preset--color--luminous-vivid-orange);border-right-color:var(--wp--preset--color--luminous-vivid-orange);border-right-width:5px;border-bottom-color:var(--wp--preset--color--luminous-vivid-orange);border-bottom-width:5px;border-left-color:var(--wp--preset--color--luminous-vivid-orange);margin-top:89;margin-right:89;margin-bottom:89;margin-left:89;padding-top:78;padding-right:78;padding-bottom:78;padding-left:78;grid-template-columns:23% auto\"><figure class=\"wp-block-media-text__media\"><img fetchpriority=\"high\" decoding=\"async\" width=\"492\" height=\"492\" src=\"https:\/\/fotovol.com\/wp-content\/uploads\/2024\/03\/punts-carrega-fotovol-serveis.png\" alt=\"\" class=\"wp-image-8221 size-full\" style=\"object-position:50% 50%\" srcset=\"https:\/\/fotovol.com\/wp-content\/uploads\/2024\/03\/punts-carrega-fotovol-serveis.png 492w, https:\/\/fotovol.com\/wp-content\/uploads\/2024\/03\/punts-carrega-fotovol-serveis-300x300.png 300w, https:\/\/fotovol.com\/wp-content\/uploads\/2024\/03\/punts-carrega-fotovol-serveis-150x150.png 150w\" sizes=\"(max-width: 492px) 100vw, 492px\" \/><\/figure><div class=\"wp-block-media-text__content\">\n<p class=\"has-text-color\" style=\"color:#000000;font-size:32px\"><strong><strong>Fotovol vous aide \u00e0 franchir le pas<\/strong><\/strong><\/p>\n\n\n\n<p class=\"has-text-color\" style=\"color:#000000;font-size:17px\">Chez Fotovol, nous installons depuis des ann\u00e9es des solutions personnalis\u00e9es pour les <strong>points de recharge dans les foyers, les communaut\u00e9s et les entreprises<\/strong>. Nous travaillons avec du mat\u00e9riel homologu\u00e9, nous nous occupons de la gestion des subventions et nous adaptons l&rsquo;installation \u00e0 votre consommation. <\/p>\n\n\n\n<div class=\"wp-block-buttons is-layout-flex wp-block-buttons-is-layout-flex\">\n<div class=\"wp-block-button is-style-fill\"><a class=\"wp-block-button__link wp-element-button\" href=\"https:\/\/fotovol.com\/fr\/services\/bornes-de-recharge-pour-vehicules-electriques\/\">Voir service de point de recharge<\/a><\/div>\n<\/div>\n<\/div><\/div>\n<\/div><\/div>\n\n<h2 class=\"wp-block-heading\" id=\"avantages-de-linstallation-de-votre-propre-point-de-recharge\">Avantages de l&rsquo;installation de votre propre point de recharge<\/h2>\n\n<ul class=\"wp-block-list\">\n<li><strong>Commodit\u00e9<\/strong>: rechargez votre v\u00e9hicule depuis votre domicile ou votre lieu de travail sans d\u00e9pendre d&rsquo;un tiers.<\/li>\n\n\n\n<li><strong>\u00c9conomies<\/strong>: profitez des tarifs de nuit ou du surplus solaire si vous avez des panneaux solaires.<\/li>\n\n\n\n<li><strong>R\u00e9\u00e9valuation<\/strong>: un lieu dot\u00e9 d&rsquo;une borne de recharge prend de la valeur sur le march\u00e9 immobilier.<\/li>\n\n\n\n<li><strong>Ind\u00e9pendance \u00e9nerg\u00e9tique<\/strong>: vous \u00e9vitez les files d&rsquo;attente dans les stations publiques.<\/li>\n\n\n\n<li><\/li>\n<\/ul>\n\n<p>Le nombre record de voitures \u00e9lectriques en Catalogne n&rsquo;est pas seulement une nouvelle positive pour l&rsquo;environnement. C&rsquo;est aussi un <strong>appel \u00e0 se pr\u00e9parer \u00e0<\/strong> un changement qui est d\u00e9j\u00e0 en cours. Si vous envisagez d&rsquo;installer une borne de recharge, c&rsquo;est le meilleur moment pour le faire.  <\/p>\n","protected":false},"excerpt":{"rendered":"<p>l&rsquo;essor de la voiture \u00e9lectrique en Catalogne stimule la demande de bornes de recharge priv\u00e9es. d\u00e9couvrez pourquoi c&rsquo;est le moment id\u00e9al pour en installer une \u00e0 votre domicile ou dans votre entreprise. <\/p>\n","protected":false},"author":7,"featured_media":11057,"comment_status":"open","ping_status":"closed","sticky":false,"template":"","format":"standard","meta":{"_acf_changed":false,"footnotes":""},"categories":[115],"tags":[],"class_list":["post-11072","post","type-post","status-publish","format-standard","has-post-thumbnail","hentry","category-mobilite-electrique"],"acf":[],"_links":{"self":[{"href":"https:\/\/fotovol.com\/fr\/wp-json\/wp\/v2\/posts\/11072","targetHints":{"allow":["GET"]}}],"collection":[{"href":"https:\/\/fotovol.com\/fr\/wp-json\/wp\/v2\/posts"}],"about":[{"href":"https:\/\/fotovol.com\/fr\/wp-json\/wp\/v2\/types\/post"}],"author":[{"embeddable":true,"href":"https:\/\/fotovol.com\/fr\/wp-json\/wp\/v2\/users\/7"}],"replies":[{"embeddable":true,"href":"https:\/\/fotovol.com\/fr\/wp-json\/wp\/v2\/comments?post=11072"}],"version-history":[{"count":1,"href":"https:\/\/fotovol.com\/fr\/wp-json\/wp\/v2\/posts\/11072\/revisions"}],"predecessor-version":[{"id":17867,"href":"https:\/\/fotovol.com\/fr\/wp-json\/wp\/v2\/posts\/11072\/revisions\/17867"}],"wp:featuredmedia":[{"embeddable":true,"href":"https:\/\/fotovol.com\/fr\/wp-json\/wp\/v2\/media\/11057"}],"wp:attachment":[{"href":"https:\/\/fotovol.com\/fr\/wp-json\/wp\/v2\/media?parent=11072"}],"wp:term":[{"taxonomy":"category","embeddable":true,"href":"https:\/\/fotovol.com\/fr\/wp-json\/wp\/v2\/categories?post=11072"},{"taxonomy":"post_tag","embeddable":true,"href":"https:\/\/fotovol.com\/fr\/wp-json\/wp\/v2\/tags?post=11072"}],"curies":[{"name":"wp","href":"https:\/\/api.w.org\/{rel}","templated":true}]}}