{"id":11076,"date":"2025-03-31T23:04:19","date_gmt":"2025-03-31T21:04:19","guid":{"rendered":"https:\/\/fotovol.com\/energies-renouvelables\/quelle-est-lautonomie-dune-voiture-electrique\/"},"modified":"2025-09-08T16:34:04","modified_gmt":"2025-09-08T14:34:04","slug":"quelle-est-lautonomie-dune-voiture-electrique","status":"publish","type":"post","link":"https:\/\/fotovol.com\/fr\/mobilite-electrique\/quelle-est-lautonomie-dune-voiture-electrique\/","title":{"rendered":"Quelle est l&rsquo;autonomie d&rsquo;une voiture \u00e9lectrique ?"},"content":{"rendered":"\n<p>L&rsquo;autonomie est l&rsquo;une des premi\u00e8res questions que l&rsquo;on se pose lorsqu&rsquo;on envisage d&rsquo;acheter une voiture \u00e9lectrique : combien de kilom\u00e8tres puis-je parcourir avec une seule charge ? La r\u00e9ponse n&rsquo;est pas unique, car elle d\u00e9pend de nombreux facteurs autres que la batterie.   <\/p>\n\n<h2 class=\"wp-block-heading\" id=\"quest-ce-que-lautonomie-dune-voiture-electrique\">Qu&rsquo;est-ce que l&rsquo;autonomie d&rsquo;une voiture \u00e9lectrique ?<\/h2>\n\n<p>L&rsquo;autonomie est la distance qu&rsquo;une voiture \u00e9lectrique peut parcourir entre le moment o\u00f9 sa batterie est compl\u00e8tement charg\u00e9e et le moment o\u00f9 elle est \u00e9puis\u00e9e. Elle se mesure en kilom\u00e8tres et peut varier consid\u00e9rablement en fonction des conditions d&rsquo;utilisation, m\u00eame pour un m\u00eame v\u00e9hicule. <\/p>\n\n<h2 class=\"wp-block-heading\" id=\"principaux-facteurs-influencant-lautonomie-reelle-dune-voiture\">Principaux facteurs influen\u00e7ant l&rsquo;autonomie r\u00e9elle d&rsquo;une voiture<\/h2>\n\n<h3 class=\"wp-block-heading\" id=\"capacite-de-la-batterie\">Capacit\u00e9 de la batterie<\/h3>\n\n<p>La batterie est le c\u0153ur de la voiture \u00e9lectrique. Plus sa capacit\u00e9 est grande &#8211; mesur\u00e9e en kilowattheures (kWh) &#8211; plus elle peut stocker d&rsquo;\u00e9nergie et donc plus l&rsquo;autonomie est grande. <\/p>\n\n<ul class=\"wp-block-list\">\n<li>les <strong>grandes batteries<\/strong>: elles offrent une plus grande autonomie, mais augmentent le poids et le co\u00fbt du v\u00e9hicule.<\/li>\n\n\n\n<li>les <strong>petites batteries<\/strong>: elles \u00e9quipent g\u00e9n\u00e9ralement les mod\u00e8les urbains ou compacts, con\u00e7us pour des trajets courts.<\/li>\n<\/ul>\n\n<h3 class=\"wp-block-heading\" id=\"efficacite-energetique-des-vehicules\">Efficacit\u00e9 \u00e9nerg\u00e9tique des v\u00e9hicules<\/h3>\n\n<p>Toutes les voitures \u00e9lectriques ne consomment pas la m\u00eame quantit\u00e9 d&rsquo;\u00e9nergie par kilom\u00e8tre. L&rsquo;efficacit\u00e9 d\u00e9pend de la conception du v\u00e9hicule, de son poids, de son a\u00e9rodynamisme et de la gestion du syst\u00e8me \u00e9lectrique. <\/p>\n\n<ul class=\"wp-block-list\">\n<li><strong>consommation moyenne<\/strong>: exprim\u00e9e en kWh\/100 km ou km\/kWh.<\/li>\n\n\n\n<li><strong>r\u00e9cup\u00e9ration d&rsquo;\u00e9nergie<\/strong>: de nombreux v\u00e9hicules \u00e9lectriques r\u00e9g\u00e9n\u00e8rent de l&rsquo;\u00e9nergie lors du freinage, ce qui permet d&rsquo;augmenter l&rsquo;autonomie.<\/li>\n<\/ul>\n\n<h3 class=\"wp-block-heading\" id=\"conditions-de-conduite\">Conditions de conduite<\/h3>\n\n<p>La fa\u00e7on dont vous conduisez influence directement l&rsquo;autonomie. Quelques exemples : <\/p>\n\n<ul class=\"wp-block-list\">\n<li><strong>vitesse constante et mod\u00e9r\u00e9e<\/strong>: maximise les performances.<\/li>\n\n\n\n<li>les <strong>acc\u00e9l\u00e9rations et les freinages brusques<\/strong>: ils augmentent la consommation de carburant.<\/li>\n\n\n\n<li><strong>conduite urbaine<\/strong>: favorise la r\u00e9g\u00e9n\u00e9ration, mais peut \u00eatre affect\u00e9e par la pr\u00e9sence de nombreux feux de signalisation et par la circulation.<\/li>\n\n\n\n<li><strong>routes ou autoroutes<\/strong>: la consommation se stabilise, mais \u00e0 grande vitesse, elle augmente sensiblement.<\/li>\n<\/ul>\n\n<h3 class=\"wp-block-heading\" id=\"temperature-ambiante\">Temp\u00e9rature ambiante<\/h3>\n\n<p>Le climat joue \u00e9galement un r\u00f4le :<\/p>\n\n<ul class=\"wp-block-list\">\n<li><strong>froid extr\u00eame<\/strong>: r\u00e9duit l&rsquo;efficacit\u00e9 de la batterie et n\u00e9cessite plus d&rsquo;\u00e9nergie pour le chauffage.<\/li>\n\n\n\n<li><strong>forte chaleur<\/strong>: peut activer des syst\u00e8mes de refroidissement qui consomment \u00e9galement l&rsquo;\u00e9nergie de la batterie.<\/li>\n\n\n\n<li><strong>temp\u00e9rature optimale<\/strong>: entre 15 \u00b0C et 25 \u00b0C, o\u00f9 les batteries fonctionnent le plus efficacement.<\/li>\n<\/ul>\n\n<h3 class=\"wp-block-heading\" id=\"chargement-et-type-de-chargeur\">Chargement et type de chargeur<\/h3>\n\n<p>Bien qu&rsquo;elle ne modifie pas directement l&rsquo;autonomie, la fa\u00e7on dont vous chargez votre voiture peut affecter ses performances \u00e0 long terme.<\/p>\n\n<ul class=\"wp-block-list\">\n<li><strong>charge lente \u00e0 domicile<\/strong>: id\u00e9ale pour pr\u00e9server la sant\u00e9 de la batterie.<\/li>\n\n\n\n<li><strong>charge rapide<\/strong>: utile pour les longs trajets, mais une utilisation continue peut d\u00e9grader la batterie plus rapidement.<\/li>\n\n\n\n<li><strong>taux de charge recommand\u00e9<\/strong>: maintenez la batterie entre 20 % et 80 % pour prolonger sa dur\u00e9e de vie.<\/li>\n<\/ul>\n\n<div class=\"wp-block-cover alignfull is-light wp-duotone-grayscale\"><span aria-hidden=\"true\" class=\"wp-block-cover__background has-background-dim-100 has-background-dim\" style=\"background-color:#ffffff\"><\/span><div class=\"wp-block-cover__inner-container is-layout-constrained wp-container-core-cover-is-layout-bea02a06 wp-block-cover-is-layout-constrained\">\n<div class=\"wp-block-media-text alignwide is-stacked-on-mobile is-vertically-aligned-center is-image-fill-element has-luminous-vivid-orange-color has-text-color has-link-color has-small-font-size wp-elements-76173c909745ee2e86e7e46d63ee45a5\" style=\"border-radius:56px;border-top-color:var(--wp--preset--color--luminous-vivid-orange);border-right-color:var(--wp--preset--color--luminous-vivid-orange);border-right-width:5px;border-bottom-color:var(--wp--preset--color--luminous-vivid-orange);border-bottom-width:5px;border-left-color:var(--wp--preset--color--luminous-vivid-orange);margin-top:89;margin-right:89;margin-bottom:89;margin-left:89;padding-top:78;padding-right:78;padding-bottom:78;padding-left:78;grid-template-columns:23% auto\"><figure class=\"wp-block-media-text__media\"><img fetchpriority=\"high\" decoding=\"async\" width=\"492\" height=\"492\" src=\"https:\/\/fotovol.com\/wp-content\/uploads\/2024\/03\/punts-carrega-fotovol-serveis.png\" alt=\"\" class=\"wp-image-8221 size-full\" style=\"object-position:50% 50%\" srcset=\"https:\/\/fotovol.com\/wp-content\/uploads\/2024\/03\/punts-carrega-fotovol-serveis.png 492w, https:\/\/fotovol.com\/wp-content\/uploads\/2024\/03\/punts-carrega-fotovol-serveis-300x300.png 300w, https:\/\/fotovol.com\/wp-content\/uploads\/2024\/03\/punts-carrega-fotovol-serveis-150x150.png 150w\" sizes=\"(max-width: 492px) 100vw, 492px\" \/><\/figure><div class=\"wp-block-media-text__content\">\n<p class=\"has-text-color\" style=\"color:#000000;font-size:32px\">Vous avez besoin d&rsquo;un point de recharge \u00e0 la maison ou dans votre entreprise ?<\/p>\n\n\n\n<p class=\"has-text-color\" style=\"color:#000000;font-size:17px\">Nous installons des chargeurs pour v\u00e9hicules \u00e9lectriques adapt\u00e9s \u00e0 vos besoins. Rapidement, en toute s\u00e9curit\u00e9 et avec des conseils personnalis\u00e9s. <\/p>\n\n\n\n<div class=\"wp-block-buttons is-layout-flex wp-block-buttons-is-layout-flex\">\n<div class=\"wp-block-button is-style-fill\"><a class=\"wp-block-button__link wp-element-button\" href=\"https:\/\/fotovol.com\/fr\/services\/bornes-de-recharge-pour-vehicules-electriques\/\">Voir service de point de recharge<\/a><\/div>\n<\/div>\n<\/div><\/div>\n<\/div><\/div>\n\n<h2 class=\"wp-block-heading\" id=\"differences-entre-lautonomie-theorique-et-lautonomie-reelle\">Diff\u00e9rences entre l&rsquo;autonomie th\u00e9orique et l&rsquo;autonomie r\u00e9elle<\/h2>\n\n<p>De nombreux conducteurs sont surpris de constater que l&rsquo;autonomie r\u00e9elle est souvent inf\u00e9rieure au chiffre indiqu\u00e9 dans le catalogue. En effet, les valeurs th\u00e9oriques sont bas\u00e9es sur des cycles de r\u00e9ception tels que le <strong>WLTP<\/strong> (Worldwide Harmonised Light Vehicles Test Procedure), qui simulent une conduite standard mais ne refl\u00e8tent pas toutes les situations de la vie r\u00e9elle. <\/p>\n\n<h2 class=\"wp-block-heading\" id=\"conseils-pour-augmenter-le-nombre-de-kilometres-parcourus-avec-une-voiture-electrique\">Conseils pour augmenter le nombre de kilom\u00e8tres parcourus avec une voiture \u00e9lectrique<\/h2>\n\n<ul class=\"wp-block-list\">\n<li>Adoptez une conduite souple et r\u00e9guli\u00e8re.<\/li>\n\n\n\n<li>Profitez de la r\u00e9g\u00e9n\u00e9ration de l&rsquo;\u00e9nergie.<\/li>\n\n\n\n<li>Maintenez la pression des pneus \u00e0 un niveau ad\u00e9quat.<\/li>\n\n\n\n<li>\u00c9vitez de transporter des objets inutiles.<\/li>\n\n\n\n<li>Planifiez vos itin\u00e9raires pour \u00e9viter les embouteillages ou les pentes abruptes.<\/li>\n<\/ul>\n","protected":false},"excerpt":{"rendered":"<p>La capacit\u00e9 de la batterie, le style de conduite et les conditions environnementales influencent la distance qu&rsquo;une voiture \u00e9lectrique peut parcourir en une seule charge.<\/p>\n","protected":false},"author":7,"featured_media":11042,"comment_status":"open","ping_status":"closed","sticky":false,"template":"","format":"standard","meta":{"_acf_changed":false,"footnotes":""},"categories":[115],"tags":[],"class_list":["post-11076","post","type-post","status-publish","format-standard","has-post-thumbnail","hentry","category-mobilite-electrique"],"acf":[],"_links":{"self":[{"href":"https:\/\/fotovol.com\/fr\/wp-json\/wp\/v2\/posts\/11076","targetHints":{"allow":["GET"]}}],"collection":[{"href":"https:\/\/fotovol.com\/fr\/wp-json\/wp\/v2\/posts"}],"about":[{"href":"https:\/\/fotovol.com\/fr\/wp-json\/wp\/v2\/types\/post"}],"author":[{"embeddable":true,"href":"https:\/\/fotovol.com\/fr\/wp-json\/wp\/v2\/users\/7"}],"replies":[{"embeddable":true,"href":"https:\/\/fotovol.com\/fr\/wp-json\/wp\/v2\/comments?post=11076"}],"version-history":[{"count":0,"href":"https:\/\/fotovol.com\/fr\/wp-json\/wp\/v2\/posts\/11076\/revisions"}],"wp:featuredmedia":[{"embeddable":true,"href":"https:\/\/fotovol.com\/fr\/wp-json\/wp\/v2\/media\/11042"}],"wp:attachment":[{"href":"https:\/\/fotovol.com\/fr\/wp-json\/wp\/v2\/media?parent=11076"}],"wp:term":[{"taxonomy":"category","embeddable":true,"href":"https:\/\/fotovol.com\/fr\/wp-json\/wp\/v2\/categories?post=11076"},{"taxonomy":"post_tag","embeddable":true,"href":"https:\/\/fotovol.com\/fr\/wp-json\/wp\/v2\/tags?post=11076"}],"curies":[{"name":"wp","href":"https:\/\/api.w.org\/{rel}","templated":true}]}}