{"id":11598,"date":"2022-12-23T11:21:11","date_gmt":"2022-12-23T10:21:11","guid":{"rendered":"https:\/\/fotovol.com\/energies-renouvelables\/beneficiaires-de-subventions-pour-le-recrutement-de-jeunes\/"},"modified":"2025-04-30T12:59:33","modified_gmt":"2025-04-30T10:59:33","slug":"beneficiaires-de-subventions-pour-le-recrutement-de-jeunes","status":"publish","type":"post","link":"https:\/\/fotovol.com\/fr\/reglementation-subventions\/beneficiaires-de-subventions-pour-le-recrutement-de-jeunes\/","title":{"rendered":"B\u00e9n\u00e9ficiaires de subventions pour le recrutement de jeunes"},"content":{"rendered":"\n<p><\/p><p><strong>Fotovol <\/strong>a b\u00e9n\u00e9fici\u00e9 de l&rsquo;aide aux jeunes pour promouvoir l&#8217;emploi et l&#8217;embauche de ch\u00f4meurs de moins de 30 ans. Tout cela a \u00e9t\u00e9 possible gr\u00e2ce \u00e0 l&rsquo;action promue et subventionn\u00e9e par ZOCO et financ\u00e9e par le Fonds social europ\u00e9en. En outre, l&rsquo;Union europ\u00e9enne a r\u00e9pondu \u00e0 la pand\u00e9mie de COVID-19. Gr\u00e2ce \u00e0 ces actions, la cr\u00e9ation d&#8217;emplois stables et de qualit\u00e9 a \u00e9t\u00e9 favoris\u00e9e. En particulier, la cr\u00e9ation d&#8217;emplois pour les personnes en situation de vuln\u00e9rabilit\u00e9. Cette subvention s&rsquo;applique aux contrats permanents et temporaires d&rsquo;au moins 12 mois. En outre, les contrats de travail et de service qui fournissent une d\u00e9claration indiquant la dur\u00e9e minimale mentionn\u00e9e ci-dessus sont \u00e9galement inclus. Les contrats doivent \u00eatre des contrats \u00e0 temps plein dans des entreprises situ\u00e9es en Catalogne, et le nombre maximum de subventions par personne ou entit\u00e9 est de 5. Il est important de savoir que ces subventions ne s&rsquo;appliquent pas aux contrats de secours, aux contrats int\u00e9rimaires, aux contrats de formation et d&rsquo;apprentissage, ni aux stages.      <\/p>\n\n<p><a href=\"https:\/\/serveiocupacio.gencat.cat\/ca\/detall\/article\/Contractacio-laboral-de-persones-de-30-i-mes-anys-SOC-CONT30IMES-anti-2022-00001\" target=\"_blank\" rel=\"noreferrer noopener\">https:\/\/serveiocupacio.gencat.cat\/ca\/detall\/article\/Contractacio-laboral-de-persones-de-30-i-mes-anys-SOC-CONT30IMES-anti-2022-00001<\/a><\/p>\n","protected":false},"excerpt":{"rendered":"<p>Fotovol a b\u00e9n\u00e9fici\u00e9 d&rsquo;une subvention pour la promotion de l&#8217;emploi et le recrutement de ch\u00f4meurs de moins de 30 ans.<\/p>\n","protected":false},"author":5,"featured_media":11601,"comment_status":"open","ping_status":"closed","sticky":false,"template":"","format":"standard","meta":{"_acf_changed":false,"footnotes":""},"categories":[100],"tags":[],"class_list":["post-11598","post","type-post","status-publish","format-standard","has-post-thumbnail","hentry","category-reglementation-subventions"],"acf":[],"_links":{"self":[{"href":"https:\/\/fotovol.com\/fr\/wp-json\/wp\/v2\/posts\/11598","targetHints":{"allow":["GET"]}}],"collection":[{"href":"https:\/\/fotovol.com\/fr\/wp-json\/wp\/v2\/posts"}],"about":[{"href":"https:\/\/fotovol.com\/fr\/wp-json\/wp\/v2\/types\/post"}],"author":[{"embeddable":true,"href":"https:\/\/fotovol.com\/fr\/wp-json\/wp\/v2\/users\/5"}],"replies":[{"embeddable":true,"href":"https:\/\/fotovol.com\/fr\/wp-json\/wp\/v2\/comments?post=11598"}],"version-history":[{"count":0,"href":"https:\/\/fotovol.com\/fr\/wp-json\/wp\/v2\/posts\/11598\/revisions"}],"wp:featuredmedia":[{"embeddable":true,"href":"https:\/\/fotovol.com\/fr\/wp-json\/wp\/v2\/media\/11601"}],"wp:attachment":[{"href":"https:\/\/fotovol.com\/fr\/wp-json\/wp\/v2\/media?parent=11598"}],"wp:term":[{"taxonomy":"category","embeddable":true,"href":"https:\/\/fotovol.com\/fr\/wp-json\/wp\/v2\/categories?post=11598"},{"taxonomy":"post_tag","embeddable":true,"href":"https:\/\/fotovol.com\/fr\/wp-json\/wp\/v2\/tags?post=11598"}],"curies":[{"name":"wp","href":"https:\/\/api.w.org\/{rel}","templated":true}]}}