{"id":11604,"date":"2022-07-19T09:01:12","date_gmt":"2022-07-19T07:01:12","guid":{"rendered":"https:\/\/fotovol.com\/energies-renouvelables\/installation-obligatoire-de-bornes-de-recharge-pour-les-vehicules-electriques-a-partir-de-janvier-2023\/"},"modified":"2026-02-16T08:58:10","modified_gmt":"2026-02-16T07:58:10","slug":"installation-obligatoire-de-bornes-de-recharge-pour-les-vehicules-electriques-a-partir-de-janvier-2023","status":"publish","type":"post","link":"https:\/\/fotovol.com\/fr\/reglementation-subventions\/installation-obligatoire-de-bornes-de-recharge-pour-les-vehicules-electriques-a-partir-de-janvier-2023\/","title":{"rendered":"Installation obligatoire de bornes de recharge pour les v\u00e9hicules \u00e9lectriques \u00e0 partir de janvier 2023"},"content":{"rendered":"\t\t<div data-elementor-type=\"wp-post\" data-elementor-id=\"11604\" class=\"elementor elementor-11604 elementor-3985\" data-elementor-post-type=\"post\">\n\t\t\t\t\t\t<section class=\"elementor-section elementor-top-section elementor-element elementor-element-5af65ecc elementor-section-boxed elementor-section-height-default elementor-section-height-default\" data-id=\"5af65ecc\" data-element_type=\"section\" data-e-type=\"section\">\n\t\t\t\t\t\t<div class=\"elementor-container elementor-column-gap-default\">\n\t\t\t\t\t<div class=\"elementor-column elementor-col-100 elementor-top-column elementor-element elementor-element-73543024\" data-id=\"73543024\" data-element_type=\"column\" data-e-type=\"column\">\n\t\t\t<div class=\"elementor-widget-wrap elementor-element-populated\">\n\t\t\t\t\t\t<div class=\"elementor-element elementor-element-b4e6482 elementor-widget elementor-widget-text-editor\" data-id=\"b4e6482\" data-element_type=\"widget\" data-e-type=\"widget\" data-widget_type=\"text-editor.default\">\n\t\t\t\t<div class=\"elementor-widget-container\">\n\t\t\t\t\t\t\t\t\t<p style=\"text-align: justify; background: white;\"><span style=\"font-size: 10.5pt; font-family: Poppins; color: #404041;\">Conform\u00e9ment au <strong style=\"box-sizing: border-box;\"><span style=\"font-family: Poppins;\"><a style=\"box-sizing: border-box; box-shadow: none;\" href=\"https:\/\/www.boe.es\/buscar\/act.php?id=BOE-A-2021-21096\" target=\"_blank\" rel=\"noopener\"><span style=\"color: #cc3366; text-decoration: none; text-underline: none;\">d\u00e9cret-loi royal 29\/2021<\/span><\/a><\/span><\/strong>de nouvelles exigences relatives aux b\u00e2timents non r\u00e9sidentiels sont int\u00e9gr\u00e9es au syst\u00e8me juridique. <strong style=\"box-sizing: border-box;\"><span style=\"font-family: Poppins;\">B\u00c2TIMENTS NON R\u00c9SIDENTIELS<\/span><\/strong>. Ceux-ci <strong><span style=\"font-family: Poppins;\">DOIVENT \u00caTRE \u00c9QUIP\u00c9S DE BORNES DE RECHARGE POUR V\u00c9HICULES \u00c9LECTRIQUES, EN FONCTION DU NOMBRE TOTAL DE PLACES DE STATIONNEMENT DANS LE B\u00c2TIMENT.<\/span><\/strong> Les b\u00e2timents non r\u00e9sidentiels doivent \u00eatre \u00e9quip\u00e9s de bornes de recharge pour les v\u00e9hicules \u00e9lectriques, en fonction du nombre total de places de stationnement dans le b\u00e2timent. <\/span><\/p><p style=\"text-align: justify; background: white;\"><span style=\"font-size: 10.5pt; font-family: Poppins; color: #404041;\">En r\u00e8gle g\u00e9n\u00e9rale, elle sera n\u00e9cessaire :<\/span><\/p><p style=\"text-align: justify; background: white; box-sizing: border-box; margin-block: 0px 0.9rem; font-variant-ligatures: normal; font-variant-caps: normal; orphans: 2; widows: 2; -webkit-text-stroke-width: 0px; text-decoration-thickness: initial; text-decoration-style: initial; text-decoration-color: initial; word-spacing: 0px;\"><strong style=\"box-sizing: border-box;\"><span style=\"font-size: 10.5pt; font-family: Poppins; color: #404041;\">A.<\/span><\/strong><span style=\"font-size: 10.5pt; font-family: Poppins; color: #404041;\"> Installer un point de recharge <strong style=\"box-sizing: border-box;\"><span style=\"font-family: Poppins;\">LORSQUE PLUS DE 20 PLACES DE STATIONNEMENT SONT DISPONIBLES<\/span><\/strong>.<br style=\"box-sizing: border-box;\" \/><strong style=\"box-sizing: border-box;\"><span style=\"font-family: Poppins;\">B.<\/span><\/strong> Installez une borne de recharge pour 40 places de stationnement. Dans le cas des b\u00e2timents publics, installez une borne de recharge pour 20 places de stationnement. <\/span><\/p><p style=\"text-align: justify; background: white;\"><span style=\"font-size: 10.5pt; font-family: Poppins; color: #404041;\">Exigences : Les bornes de recharge pour v\u00e9hicules \u00e9lectriques devront \u00eatre conformes aux dispositions de la r\u00e9glementation en mati\u00e8re de s\u00e9curit\u00e9 industrielle pour les installations \u00e0 basse tension.<\/span><\/p><p style=\"text-align: justify; background: white; box-sizing: border-box; margin-block: 0px 0.9rem; font-variant-ligatures: normal; font-variant-caps: normal; orphans: 2; widows: 2; -webkit-text-stroke-width: 0px; text-decoration-thickness: initial; text-decoration-style: initial; text-decoration-color: initial; word-spacing: 0px;\"><span style=\"font-size: 10.5pt; font-family: Poppins; color: #404041;\"><strong><a href=\"https:\/\/www.fotovol.cat\/ajudes\/\" target=\"_blank\" rel=\"noopener\">Aides publiques<\/a><\/strong>Le Plan MOVES 3 est un programme d&rsquo;aide publique en cours qui peut soutenir toute entreprise ou administration. Elles doivent pr\u00e9voir d&rsquo;investir dans l&rsquo;installation de bornes de recharge pour v\u00e9hicules \u00e9lectriques. <\/span><\/p><figure class=\"wp-block-pullquote has-border-color has-black-color has-text-color\" style=\"border-color: #fff000; border-style: solid; font-size: 1rem;\"><blockquote><p>Chez FOTOVOL, nous sommes des <strong>installateurs certifi\u00e9s<\/strong> de Wallbox, une entreprise leader dans la fabrication de bornes de recharge. Nous vous accompagnons \u00e9galement dans toutes les phases du processus de <a href=\"https:\/\/fotovol.com\/fr\/subventions-pour-lefficacite-energetique\/bornes-de-recharge-et-les-vehicules-electriques\/\"><strong>demande de subventions publiques<\/strong><\/a>.<\/p><\/blockquote><\/figure><div class=\"wp-block-spacer\" style=\"height: 20px;\" aria-hidden=\"true\">\u00a0<\/div>\t\t\t\t\t\t\t\t<\/div>\n\t\t\t\t<\/div>\n\t\t\t\t\t<\/div>\n\t\t<\/div>\n\t\t\t\t\t<\/div>\n\t\t<\/section>\n\t\t\t\t<\/div>\n\t\t","protected":false},"excerpt":{"rendered":"<p>Les b\u00e2timents non r\u00e9sidentiels doivent \u00eatre \u00e9quip\u00e9s de bornes de recharge pour les v\u00e9hicules \u00e9lectriques.  <\/p>\n","protected":false},"author":2,"featured_media":11605,"comment_status":"open","ping_status":"closed","sticky":false,"template":"","format":"standard","meta":{"_acf_changed":false,"footnotes":""},"categories":[115,100],"tags":[],"class_list":["post-11604","post","type-post","status-publish","format-standard","has-post-thumbnail","hentry","category-mobilite-electrique","category-reglementation-subventions"],"acf":[],"_links":{"self":[{"href":"https:\/\/fotovol.com\/fr\/wp-json\/wp\/v2\/posts\/11604","targetHints":{"allow":["GET"]}}],"collection":[{"href":"https:\/\/fotovol.com\/fr\/wp-json\/wp\/v2\/posts"}],"about":[{"href":"https:\/\/fotovol.com\/fr\/wp-json\/wp\/v2\/types\/post"}],"author":[{"embeddable":true,"href":"https:\/\/fotovol.com\/fr\/wp-json\/wp\/v2\/users\/2"}],"replies":[{"embeddable":true,"href":"https:\/\/fotovol.com\/fr\/wp-json\/wp\/v2\/comments?post=11604"}],"version-history":[{"count":3,"href":"https:\/\/fotovol.com\/fr\/wp-json\/wp\/v2\/posts\/11604\/revisions"}],"predecessor-version":[{"id":17290,"href":"https:\/\/fotovol.com\/fr\/wp-json\/wp\/v2\/posts\/11604\/revisions\/17290"}],"wp:featuredmedia":[{"embeddable":true,"href":"https:\/\/fotovol.com\/fr\/wp-json\/wp\/v2\/media\/11605"}],"wp:attachment":[{"href":"https:\/\/fotovol.com\/fr\/wp-json\/wp\/v2\/media?parent=11604"}],"wp:term":[{"taxonomy":"category","embeddable":true,"href":"https:\/\/fotovol.com\/fr\/wp-json\/wp\/v2\/categories?post=11604"},{"taxonomy":"post_tag","embeddable":true,"href":"https:\/\/fotovol.com\/fr\/wp-json\/wp\/v2\/tags?post=11604"}],"curies":[{"name":"wp","href":"https:\/\/api.w.org\/{rel}","templated":true}]}}