{"id":11612,"date":"2022-11-23T12:32:36","date_gmt":"2022-11-23T11:32:36","guid":{"rendered":"https:\/\/fotovol.com\/energies-renouvelables\/beneficiaires-de-laide-a-lembauche-de-personnes-de-plus-de-30-ans\/"},"modified":"2025-06-16T22:41:07","modified_gmt":"2025-06-16T20:41:07","slug":"beneficiaires-de-laide-a-lembauche-de-personnes-de-plus-de-30-ans","status":"publish","type":"post","link":"https:\/\/fotovol.com\/fr\/reglementation-subventions\/beneficiaires-de-laide-a-lembauche-de-personnes-de-plus-de-30-ans\/","title":{"rendered":"B\u00e9n\u00e9ficiaires de l&rsquo;aide \u00e0 l&#8217;embauche des +30 ans"},"content":{"rendered":"\n<p><p><\/p><p><strong>Fotovol<\/strong> a b\u00e9n\u00e9fici\u00e9 d&rsquo;une aide destin\u00e9e aux personnes de 30 ans et plus. Cette action a \u00e9t\u00e9 rendue possible gr\u00e2ce \u00e0 l&rsquo;action promue et subventionn\u00e9e par le SOC, et financ\u00e9e \u00e0 100 % par le Fonds social europ\u00e9en. Elle constitue \u00e9galement la r\u00e9ponse de l&rsquo;Union europ\u00e9enne \u00e0 la pand\u00e9mie de COVID-19.  <\/p><br><p>Ces actions encouragent la cr\u00e9ation d&#8217;emplois stables et de qualit\u00e9, notamment pour les personnes en situation de vuln\u00e9rabilit\u00e9. Cette subvention s&rsquo;applique aux contrats \u00e0 dur\u00e9e ind\u00e9termin\u00e9e et temporaire d&rsquo;au moins 12 mois. Sont \u00e9galement inclus les contrats de travail et de service assortis d&rsquo;une d\u00e9claration pr\u00e9cisant la dur\u00e9e minimale mentionn\u00e9e ci-dessus. Les contrats doivent \u00eatre \u00e0 temps plein et provenir d&rsquo;entreprises situ\u00e9es en Catalogne, et le nombre maximal de subventions par personne ou entit\u00e9 est de 5.    <\/p><br><p>Il est important de savoir que cette aide n&rsquo;est pas applicable aux contrats de secours, d&rsquo;int\u00e9rim, de formation et d&rsquo;apprentissage, ni aux stages.<\/p><\/p>\n\n\n\n<p>Plus d&rsquo;informations sur le site de la Generalitat :<\/p>\n\n\n\n<p><a href=\"https:\/\/serveiocupacio.gencat.cat\/ca\/detall\/article\/Contractacio-laboral-de-persones-de-30-i-mes-anys-SOC-CONT30IMES-anti-2022-00001\" target=\"_blank\" rel=\"noreferrer noopener\">https:\/\/serveiocupacio.gencat.cat\/ca\/detall\/article\/Contractacio-laboral-de-persones-de-30-i-mes-anys-SOC-CONT30IMES-anti-2022-00001<\/a><\/p>\n","protected":false},"excerpt":{"rendered":"<p>Fotovol a b\u00e9n\u00e9fici\u00e9 d&rsquo;aides \u00e0 l&#8217;embauche de personnes de plus de 30 ans, suite \u00e0 la pand\u00e9mie de Covid-19.<\/p>\n","protected":false},"author":5,"featured_media":11616,"comment_status":"open","ping_status":"closed","sticky":false,"template":"","format":"standard","meta":{"_acf_changed":false,"footnotes":""},"categories":[100],"tags":[],"class_list":["post-11612","post","type-post","status-publish","format-standard","has-post-thumbnail","hentry","category-reglementation-subventions"],"acf":[],"_links":{"self":[{"href":"https:\/\/fotovol.com\/fr\/wp-json\/wp\/v2\/posts\/11612","targetHints":{"allow":["GET"]}}],"collection":[{"href":"https:\/\/fotovol.com\/fr\/wp-json\/wp\/v2\/posts"}],"about":[{"href":"https:\/\/fotovol.com\/fr\/wp-json\/wp\/v2\/types\/post"}],"author":[{"embeddable":true,"href":"https:\/\/fotovol.com\/fr\/wp-json\/wp\/v2\/users\/5"}],"replies":[{"embeddable":true,"href":"https:\/\/fotovol.com\/fr\/wp-json\/wp\/v2\/comments?post=11612"}],"version-history":[{"count":0,"href":"https:\/\/fotovol.com\/fr\/wp-json\/wp\/v2\/posts\/11612\/revisions"}],"wp:featuredmedia":[{"embeddable":true,"href":"https:\/\/fotovol.com\/fr\/wp-json\/wp\/v2\/media\/11616"}],"wp:attachment":[{"href":"https:\/\/fotovol.com\/fr\/wp-json\/wp\/v2\/media?parent=11612"}],"wp:term":[{"taxonomy":"category","embeddable":true,"href":"https:\/\/fotovol.com\/fr\/wp-json\/wp\/v2\/categories?post=11612"},{"taxonomy":"post_tag","embeddable":true,"href":"https:\/\/fotovol.com\/fr\/wp-json\/wp\/v2\/tags?post=11612"}],"curies":[{"name":"wp","href":"https:\/\/api.w.org\/{rel}","templated":true}]}}