{"id":11629,"date":"2023-12-20T14:49:57","date_gmt":"2023-12-20T13:49:57","guid":{"rendered":"https:\/\/fotovol.com\/energies-renouvelables\/les-grandes-entreprises-du-secteur-de-lenergie-prevoient-des-hausses-de-prix-de-plus-de-20-a-partir-de-janvier-2024\/"},"modified":"2025-05-27T12:18:17","modified_gmt":"2025-05-27T10:18:17","slug":"les-grandes-entreprises-du-secteur-de-lenergie-prevoient-des-hausses-de-prix-de-plus-de-20-a-partir-de-janvier-2024","status":"publish","type":"post","link":"https:\/\/fotovol.com\/fr\/energies-renouvelables\/les-grandes-entreprises-du-secteur-de-lenergie-prevoient-des-hausses-de-prix-de-plus-de-20-a-partir-de-janvier-2024\/","title":{"rendered":"Les grandes entreprises du secteur de l&rsquo;\u00e9nergie pr\u00e9voient des hausses de prix de plus de 20 % \u00e0 partir de janvier 2024"},"content":{"rendered":"<p>Selon l&rsquo;article publi\u00e9 dans <a href=\"https:\/\/www.expansion.com\/empresas\/energia\/2023\/12\/11\/65763f86e5fdeacd718b462e.html\" target=\"_blank\" rel=\"noopener\">Expansi\u00f3n<\/a>, les entreprises \u00e9nerg\u00e9tiques Iberdrola, Endesa, Naturgy et Repsol pr\u00e9voient une augmentation des prix comprise entre 20 et 30 % \u00e0 partir de janvier 2024.<\/p>\n<p>Au d\u00e9but de l&rsquo;ann\u00e9e, plusieurs mesures adopt\u00e9es par le gouvernement ces derni\u00e8res ann\u00e9es pour att\u00e9nuer l&rsquo;impact de la hausse des prix de l&rsquo;\u00e9lectricit\u00e9 et du gaz arrivent \u00e0 \u00e9ch\u00e9ance. Il s&rsquo;agit notamment de la r\u00e9duction de la TVA et de la taxe sur l&rsquo;\u00e9lectricit\u00e9, ainsi que de la mise en \u0153uvre de ce que l&rsquo;on appelle \u00ab\u00a0l&rsquo;exception ib\u00e9rique\u00a0\u00bb.<\/p>\n<p>A ce jour, le gouvernement n&rsquo;a pas encore pris de d\u00e9cision sur la prolongation des mesures adopt\u00e9es \u00e0 l&rsquo;\u00e9poque, et s&rsquo;il ne fait rien, la grande majorit\u00e9 de la population subira des hausses brutales de sa facture \u00e9nerg\u00e9tique en janvier.<\/p>\n<p>Rien qu&rsquo;avec le retour de la TVA \u00e0 son niveau ant\u00e9rieur, les particuliers et les entreprises verraient leur facture d&rsquo;\u00e9lectricit\u00e9 augmenter de plus de 16 %.<\/p>\n<p>Afin d&rsquo;\u00e9viter d&rsquo;\u00eatre toujours d\u00e9pendant des d\u00e9cisions du gouvernement en place ou des entreprises de production d&rsquo;\u00e9nergie pour savoir combien nous allons payer \u00e0 la fin du mois, de <strong>Fotovol<\/strong> nous recommandons l&rsquo;ind\u00e9pendance \u00e9nerg\u00e9tique par l&rsquo;installation de syst\u00e8mes photovolta\u00efques et de stockage.<\/p>\n<p>Ces derniers mois, les prix des panneaux photovolta\u00efques et des batteries ont consid\u00e9rablement baiss\u00e9, c&rsquo;est donc le bon moment pour <strong>s&rsquo;engager sur la voie de l&rsquo;ind\u00e9pendance<\/strong>.<\/p>\n","protected":false},"excerpt":{"rendered":"<p>Au d\u00e9but de l&rsquo;ann\u00e9e, plusieurs mesures adopt\u00e9es par le gouvernement ces derni\u00e8res ann\u00e9es pour att\u00e9nuer l&rsquo;impact des augmentations de prix expirent.<\/p>\n","protected":false},"author":7,"featured_media":7455,"comment_status":"open","ping_status":"closed","sticky":false,"template":"","format":"standard","meta":{"_acf_changed":false,"footnotes":""},"categories":[103],"tags":[],"class_list":["post-11629","post","type-post","status-publish","format-standard","has-post-thumbnail","hentry","category-energies-renouvelables"],"acf":[],"_links":{"self":[{"href":"https:\/\/fotovol.com\/fr\/wp-json\/wp\/v2\/posts\/11629","targetHints":{"allow":["GET"]}}],"collection":[{"href":"https:\/\/fotovol.com\/fr\/wp-json\/wp\/v2\/posts"}],"about":[{"href":"https:\/\/fotovol.com\/fr\/wp-json\/wp\/v2\/types\/post"}],"author":[{"embeddable":true,"href":"https:\/\/fotovol.com\/fr\/wp-json\/wp\/v2\/users\/7"}],"replies":[{"embeddable":true,"href":"https:\/\/fotovol.com\/fr\/wp-json\/wp\/v2\/comments?post=11629"}],"version-history":[{"count":0,"href":"https:\/\/fotovol.com\/fr\/wp-json\/wp\/v2\/posts\/11629\/revisions"}],"wp:featuredmedia":[{"embeddable":true,"href":"https:\/\/fotovol.com\/fr\/wp-json\/wp\/v2\/media\/7455"}],"wp:attachment":[{"href":"https:\/\/fotovol.com\/fr\/wp-json\/wp\/v2\/media?parent=11629"}],"wp:term":[{"taxonomy":"category","embeddable":true,"href":"https:\/\/fotovol.com\/fr\/wp-json\/wp\/v2\/categories?post=11629"},{"taxonomy":"post_tag","embeddable":true,"href":"https:\/\/fotovol.com\/fr\/wp-json\/wp\/v2\/tags?post=11629"}],"curies":[{"name":"wp","href":"https:\/\/api.w.org\/{rel}","templated":true}]}}