{"id":12790,"date":"2025-06-16T23:02:23","date_gmt":"2025-06-16T21:02:23","guid":{"rendered":"https:\/\/fotovol.com\/energies-renouvelables\/plan-de-promotion-des-vehicules-electriques-en-catalogne-2025-2030-cles-et-opportunites\/"},"modified":"2026-02-16T16:48:23","modified_gmt":"2026-02-16T15:48:23","slug":"plan-de-promotion-des-vehicules-electriques-en-catalogne-2025-2030-cles-et-opportunites","status":"publish","type":"post","link":"https:\/\/fotovol.com\/fr\/reglementation-subventions\/plan-de-promotion-des-vehicules-electriques-en-catalogne-2025-2030-cles-et-opportunites\/","title":{"rendered":"Plan de promotion des v\u00e9hicules \u00e9lectriques en Catalogne 2025-2030 : cl\u00e9s et opportunit\u00e9s"},"content":{"rendered":"\t\t<div data-elementor-type=\"wp-post\" data-elementor-id=\"12790\" class=\"elementor elementor-12790 elementor-12764\" data-elementor-post-type=\"post\">\n\t\t\t\t\t\t<section class=\"elementor-section elementor-top-section elementor-element elementor-element-3e89e0e8 elementor-section-boxed elementor-section-height-default elementor-section-height-default\" data-id=\"3e89e0e8\" data-element_type=\"section\" data-e-type=\"section\">\n\t\t\t\t\t\t<div class=\"elementor-container elementor-column-gap-default\">\n\t\t\t\t\t<div class=\"elementor-column elementor-col-100 elementor-top-column elementor-element elementor-element-46da86c2\" data-id=\"46da86c2\" data-element_type=\"column\" data-e-type=\"column\">\n\t\t\t<div class=\"elementor-widget-wrap elementor-element-populated\">\n\t\t\t\t\t\t<div class=\"elementor-element elementor-element-3930f64c elementor-widget elementor-widget-text-editor\" data-id=\"3930f64c\" data-element_type=\"widget\" data-e-type=\"widget\" data-widget_type=\"text-editor.default\">\n\t\t\t\t<div class=\"elementor-widget-container\">\n\t\t\t\t\t\t\t\t\t\n<p>.<\/p>\n\t\t\t\t\t\t\t\t<\/div>\n\t\t\t\t<\/div>\n\t\t\t\t\t<\/div>\n\t\t<\/div>\n\t\t\t\t\t<\/div>\n\t\t<\/section>\n\t\t\t\t<section class=\"elementor-section elementor-top-section elementor-element elementor-element-0d3f3d5 elementor-section-boxed elementor-section-height-default elementor-section-height-default\" data-id=\"0d3f3d5\" data-element_type=\"section\" data-e-type=\"section\">\n\t\t\t\t\t\t<div class=\"elementor-container elementor-column-gap-default\">\n\t\t\t\t\t<div class=\"elementor-column elementor-col-100 elementor-top-column elementor-element elementor-element-744d7f4\" data-id=\"744d7f4\" data-element_type=\"column\" data-e-type=\"column\">\n\t\t\t<div class=\"elementor-widget-wrap elementor-element-populated\">\n\t\t\t\t\t\t<div class=\"elementor-element elementor-element-87484a3 elementor-widget elementor-widget-text-editor\" data-id=\"87484a3\" data-element_type=\"widget\" data-e-type=\"widget\" data-widget_type=\"text-editor.default\">\n\t\t\t\t<div class=\"elementor-widget-container\">\n\t\t\t\t\t\t\t\t\t<p>La Catalogne a lanc\u00e9 le Pla d&rsquo;Impuls del Vehicle El\u00e8ctric 2025-2030, un projet ambitieux qui mobilisera plus de 1,4 milliard d&rsquo;euros d&rsquo;investissements publics et priv\u00e9s. Son objectif est clair : acc\u00e9l\u00e9rer la transition vers une mobilit\u00e9 \u00e9lectrique, durable et accessible dans toute la Catalogne.<\/p><h2 id=\"objectifs-cles-du-plan\">Objectifs cl\u00e9s du plan<\/h2><ul><li>Doubler le d\u00e9ploiement des points de recharge<\/li><li>\u00c9lectrification \u00e0 90 % de la flotte de la Generalitat<\/li><li>Tripler la p\u00e9n\u00e9tration des VE par rapport \u00e0 la moyenne europ\u00e9enne<\/li><li>Am\u00e9liorer la perception des VE et de leurs avantages<\/li><li>Renforcer l&rsquo;industrie catalane des VE<\/li><li>Cr\u00e9er une gouvernance publique-priv\u00e9e stable<\/li><\/ul><h2 id=\"chiffres-et-objectifs-pour-2030\">Chiffres et objectifs pour 2030<\/h2><p>\u2714\ufe0f 120 000 voitures purement \u00e9lectriques immatricul\u00e9es<br \/>\u2714\ufe0f 30 000 v\u00e9hicules hybrides rechargeables<br \/>\u2714\ufe0f 30 000 motos \u00e9lectriques<br \/>\u2714\ufe0f 9 000 nouveaux points de recharge publics<br \/>\u2714\ufe0f 470 000 tonnes de CO2 \u00e9vit\u00e9es<\/p><h2 id=\"investissements-prevus-plan-de-promotion-des-vehicules-electriques\">Investissements pr\u00e9vus Plan de promotion des v\u00e9hicules \u00e9lectriques<\/h2><p>380 M\u20ac : infrastructures de recharge publiques<br \/>880 M\u20ac : incitations \u00e0 l&rsquo;achat de v\u00e9hicules \u00e9lectriques<br \/>10 M\u20ac : campagnes visant \u00e0 am\u00e9liorer la perception sociale<br \/>135 M\u20ac : industrie et innovation technologique<br \/>10 M\u20ac : am\u00e9lioration de la gouvernance et de l&rsquo;efficacit\u00e9<\/p><h2 id=\"quest-ce-que-cela-signifie-pour-vous-en-tant-quutilisateur-ou-entreprise\">Qu&rsquo;est-ce que cela signifie pour vous en tant qu&rsquo;utilisateur ou entreprise ?<\/h2><h3 id=\"pour-les-particuliers\">Pour les particuliers :<\/h3><p>Augmentation du r\u00e9seau de points de recharge dans les villes et les zones rurales<br \/>Subventions possibles pour l&rsquo;achat de votre premi\u00e8re voiture \u00e9lectrique<br \/>R\u00e9duction des co\u00fbts et des \u00e9missions li\u00e9s \u00e0 la mobilit\u00e9<\/p><h3 id=\"pour-les-entreprises\">Pour les entreprises :<\/h3><p>Possibilit\u00e9 d&rsquo;\u00e9lectrifier votre flotte gr\u00e2ce \u00e0 des subventions directes<br \/>Avantages fiscaux et subventions cumulatives<br \/>Am\u00e9lioration de l&rsquo;image de marque et de l&rsquo;engagement environnemental<\/p><h3 id=\"pour-les-municipalites\">Pour les municipalit\u00e9s :<\/h3><p>Acc\u00e8s aux fonds pour l&rsquo;installation d&rsquo;infrastructures publiques<br \/>Incitations \u00e0 inclure les VE dans les services urbains<\/p><p>Chez Fotovol, nous installons des bornes de recharge pour voitures \u00e9lectriques dans les habitations, les entreprises et les parkings publics. En tant que <a href=\"https:\/\/fotovol.com\/fr\/services\/bornes-de-recharge-pour-vehicules-electriques\/\">sp\u00e9cialistes des bornes de recharge<\/a> et des \u00e9nergies renouvelables, nous analysons les avantages que ce plan peut vous apporter et nous nous en chargeons :<\/p><ul><li>Analyse technique et faisabilit\u00e9 du point de recharge<\/li><li>Installation avec des \u00e9quipements certifi\u00e9s et s\u00fbrs<\/li><li>Traitement des subventions et des d\u00e9ductions fiscales<\/li><\/ul><p>Avec le soutien du Pla d&rsquo;Impuls 2025-2030, la voiture \u00e9lectrique n&rsquo;est plus l&rsquo;avenir, mais le pr\u00e9sent. Chez Fotovol, nous pouvons vous aider \u00e0 franchir le pas, que ce soit pour votre maison, votre communaut\u00e9 ou votre entreprise. Demandez des informations ou un devis gratuit et profitez de l&rsquo;aide active aux bornes de recharge en Catalogne.<\/p>\t\t\t\t\t\t\t\t<\/div>\n\t\t\t\t<\/div>\n\t\t\t\t\t<\/div>\n\t\t<\/div>\n\t\t\t\t\t<\/div>\n\t\t<\/section>\n\t\t\t\t<section class=\"elementor-section elementor-top-section elementor-element elementor-element-cb2467f elementor-section-boxed elementor-section-height-default elementor-section-height-default\" data-id=\"cb2467f\" data-element_type=\"section\" data-e-type=\"section\">\n\t\t\t\t\t\t<div class=\"elementor-container elementor-column-gap-default\">\n\t\t\t\t\t<div class=\"elementor-column elementor-col-100 elementor-top-column elementor-element elementor-element-2926e58\" data-id=\"2926e58\" data-element_type=\"column\" data-e-type=\"column\">\n\t\t\t<div class=\"elementor-widget-wrap elementor-element-populated\">\n\t\t\t\t\t\t<div class=\"elementor-element elementor-element-768c2a7 elementor-widget elementor-widget-text-editor\" data-id=\"768c2a7\" data-element_type=\"widget\" data-e-type=\"widget\" data-widget_type=\"text-editor.default\">\n\t\t\t\t<div class=\"elementor-widget-container\">\n\t\t\t\t\t\t\t\t\t<h2 id=\"sources-dinformation\">Sources d&rsquo;information<\/h2><ul><li>Plan de promotion du v\u00e9hicule \u00e9lectrique 2025-2030. (n. d.). gencat.cat.   https:\/\/web.gencat.cat\/es\/actualitat\/detall\/Pla-dImpuls-del-Vehicle-Electric-2025-2030<\/li><\/ul>\t\t\t\t\t\t\t\t<\/div>\n\t\t\t\t<\/div>\n\t\t\t\t\t<\/div>\n\t\t<\/div>\n\t\t\t\t\t<\/div>\n\t\t<\/section>\n\t\t\t\t<\/div>\n\t\t","protected":false},"excerpt":{"rendered":"<p>Le nouveau plan de la Catalogne mobilise plus de 1,4 milliard d&rsquo;euros pour promouvoir les voitures \u00e9lectriques. Chez Fotovol, nous vous aidons \u00e0 installer des bornes de recharge avec des subventions publiques. <\/p>\n","protected":false},"author":7,"featured_media":11057,"comment_status":"open","ping_status":"closed","sticky":false,"template":"","format":"standard","meta":{"_acf_changed":false,"footnotes":""},"categories":[100],"tags":[],"class_list":["post-12790","post","type-post","status-publish","format-standard","has-post-thumbnail","hentry","category-reglementation-subventions"],"acf":[],"_links":{"self":[{"href":"https:\/\/fotovol.com\/fr\/wp-json\/wp\/v2\/posts\/12790","targetHints":{"allow":["GET"]}}],"collection":[{"href":"https:\/\/fotovol.com\/fr\/wp-json\/wp\/v2\/posts"}],"about":[{"href":"https:\/\/fotovol.com\/fr\/wp-json\/wp\/v2\/types\/post"}],"author":[{"embeddable":true,"href":"https:\/\/fotovol.com\/fr\/wp-json\/wp\/v2\/users\/7"}],"replies":[{"embeddable":true,"href":"https:\/\/fotovol.com\/fr\/wp-json\/wp\/v2\/comments?post=12790"}],"version-history":[{"count":4,"href":"https:\/\/fotovol.com\/fr\/wp-json\/wp\/v2\/posts\/12790\/revisions"}],"predecessor-version":[{"id":17636,"href":"https:\/\/fotovol.com\/fr\/wp-json\/wp\/v2\/posts\/12790\/revisions\/17636"}],"wp:featuredmedia":[{"embeddable":true,"href":"https:\/\/fotovol.com\/fr\/wp-json\/wp\/v2\/media\/11057"}],"wp:attachment":[{"href":"https:\/\/fotovol.com\/fr\/wp-json\/wp\/v2\/media?parent=12790"}],"wp:term":[{"taxonomy":"category","embeddable":true,"href":"https:\/\/fotovol.com\/fr\/wp-json\/wp\/v2\/categories?post=12790"},{"taxonomy":"post_tag","embeddable":true,"href":"https:\/\/fotovol.com\/fr\/wp-json\/wp\/v2\/tags?post=12790"}],"curies":[{"name":"wp","href":"https:\/\/api.w.org\/{rel}","templated":true}]}}