{"id":13399,"date":"2025-07-24T00:19:56","date_gmt":"2025-07-23T22:19:56","guid":{"rendered":"https:\/\/fotovol.com\/energies-renouvelables\/success-story-90-deconomies-sur-les-factures-delectricite-grace-a-une-installation-solaire-a-sant-antoni-de-calonge\/"},"modified":"2026-02-20T10:11:19","modified_gmt":"2026-02-20T09:11:19","slug":"success-story-90-deconomies-sur-les-factures-delectricite-grace-a-une-installation-solaire-a-sant-antoni-de-calonge","status":"publish","type":"post","link":"https:\/\/fotovol.com\/fr\/histoires-de-reussite\/success-story-90-deconomies-sur-les-factures-delectricite-grace-a-une-installation-solaire-a-sant-antoni-de-calonge\/","title":{"rendered":"Success story : 90% d&rsquo;\u00e9conomies sur les factures d&rsquo;\u00e9lectricit\u00e9 gr\u00e2ce \u00e0 une installation solaire \u00e0 Sant Antoni de Calonge"},"content":{"rendered":"\n<p>Aujourd&rsquo;hui, nous partageons avec vous un cas tr\u00e8s particulier : celui de la famille Esteve-Fern\u00e1ndez, qui a d\u00e9cid\u00e9 d&rsquo;opter pour l&rsquo;autoconsommation solaire dans sa maison de Sant Antoni de Calonge. Ce qui n&rsquo;\u00e9tait au d\u00e9part qu&rsquo;une estimation prudente des \u00e9conomies r\u00e9alis\u00e9es s&rsquo;est av\u00e9r\u00e9 \u00eatre un <strong>succ\u00e8s retentissant<\/strong>: alors qu&rsquo;ils payaient environ 3 600 euros d&rsquo;\u00e9lectricit\u00e9 par an, ils n&rsquo;en payent plus que 300 ! <\/p>\n\n<h2 class=\"wp-block-heading\" id=\"situation-initiale-consommation-elevee-dans-une-maison-tout-electrique\">Situation initiale : consommation \u00e9lev\u00e9e dans une maison tout \u00e9lectrique<\/h2>\n\n<p>Deux personnes vivent dans cette maison, mais leur consommation \u00e9tait beaucoup plus \u00e9lev\u00e9e que la moyenne. Il s&rsquo;agit d&rsquo;une maison de <strong>230 m\u00b2<\/strong> avec une piscine (dont le moteur fonctionne 8 heures par jour), plusieurs climatiseurs et des appareils \u00e9lectriques fonctionnant exclusivement \u00e0 l&rsquo;\u00e9lectricit\u00e9. <\/p>\n\n<p>Comme il s&rsquo;agissait d&rsquo;une maison sans aucun autre type d&rsquo;\u00e9nergie suppl\u00e9mentaire, comme le gaz ou le diesel, <strong>toute la consommation d&rsquo;\u00e9nergie reposait sur le r\u00e9seau \u00e9lectrique<\/strong>, ce qui repr\u00e9sentait un co\u00fbt annuel d&rsquo;environ 3 600 euros.<\/p>\n\n<h2 class=\"wp-block-heading\" id=\"letude-des-previsions-prudentes-et-realistes\">L&rsquo;\u00e9tude : des pr\u00e9visions prudentes et r\u00e9alistes<\/h2>\n\n<p>Comme nous le faisons toujours, nous avons r\u00e9alis\u00e9 une \u00e9tude personnalis\u00e9e pour estimer les \u00e9conomies qu&rsquo;ils pourraient r\u00e9aliser avec une installation solaire adapt\u00e9e \u00e0 leurs besoins. Notre pr\u00e9vision initiale \u00e9tait prudente : <br\/><strong>une \u00e9conomie estim\u00e9e \u00e0 1 700 \u20ac par an<\/strong>, gr\u00e2ce \u00e0 un syst\u00e8me d&rsquo;autoconsommation de <strong>6,56 kWc<\/strong> sans batteries.<\/p>\n\n<p><strong>Donn\u00e9es techniques de l&rsquo;\u00e9tude :<\/strong><\/p>\n\n<ul class=\"wp-block-list\">\n<li>Consommation pr\u00e9c\u00e9dente : 9 060 kWh\/an<\/li>\n\n\n\n<li>Technologie : syst\u00e8me <strong>SolarEdge avec optimiseurs<\/strong>, id\u00e9al pour les zones partiellement ombrag\u00e9es (par exemple, antennes, chemin\u00e9es ou arbres proches).<\/li>\n\n\n\n<li>Subvention appliqu\u00e9e : <strong>r\u00e9duction de 30 % de l&rsquo;IBI<\/strong> pendant 3 ans<\/li>\n\n\n\n<li>Installation en novembre 2023<\/li>\n\n\n\n<li>Dur\u00e9e des travaux : <strong>3 jours seulement<\/strong><\/li>\n\n\n\n<li>Co\u00fbt total : <strong>9 994,69 \u20ac.<\/strong><\/li>\n\n\n\n<li>Amortissement estim\u00e9 : <strong>3 ans<\/strong><\/li>\n<\/ul>\n\n<figure class=\"wp-block-image size-full\"><img fetchpriority=\"high\" decoding=\"async\" width=\"768\" height=\"1024\" src=\"https:\/\/fotovol.com\/wp-content\/uploads\/2025\/07\/WhatsApp-Image-2024-06-28-at-10.21.58.jpeg\" alt=\"\" class=\"wp-image-13459\" srcset=\"https:\/\/fotovol.com\/wp-content\/uploads\/2025\/07\/WhatsApp-Image-2024-06-28-at-10.21.58.jpeg 768w, https:\/\/fotovol.com\/wp-content\/uploads\/2025\/07\/WhatsApp-Image-2024-06-28-at-10.21.58-225x300.jpeg 225w\" sizes=\"(max-width: 768px) 100vw, 768px\" \/><\/figure>\n\n<h2 class=\"wp-block-heading\" id=\"les-resultats-reels-plus-de-deux-fois-plus-que-prevu\">Les r\u00e9sultats r\u00e9els : plus de deux fois plus que pr\u00e9vu<\/h2>\n\n<p>Aujourd&rsquo;hui, un an et demi apr\u00e8s l&rsquo;installation, nous pouvons dire que l&rsquo;exp\u00e9rience a largement d\u00e9pass\u00e9 toutes les attentes :<\/p>\n\n<p>Ils sont pass\u00e9s de 3 600 \u20ac\/an \u00e0 <strong>seulement 300<\/strong> <strong>\u20ac\/an<\/strong><br\/>Les \u00e9conomies r\u00e9elles ont \u00e9t\u00e9 de <strong>3 300 \u20ac\/an<\/strong>, soit pr\u00e8s de <strong>deux fois plus<\/strong> que pr\u00e9vu<br\/>Le retour sur investissement du syst\u00e8me sera encore plus rapide que pr\u00e9vu.<\/p>\n\n<p>Et tout cela, sans piles ni complications majeures.<\/p>\n\n<blockquote class=\"wp-block-quote is-layout-flow wp-block-quote-is-layout-flow\">\n<p><em>Nos <a href=\"https:\/\/fotovol.com\/wp-content\/uploads\/2025\/07\/pressupostFranciscaFernandez_v.pdf\">\u00e9tudes sont toujours prudentes<\/a>, car chaque m\u00e9nage est diff\u00e9rent. Mais si vous adoptez des habitudes telles que la mise en route des machines \u00e0 laver aux heures les plus ensoleill\u00e9es ou la programmation du fonctionnement de certains appareils m\u00e9nagers, il est tr\u00e8s facile de <strong>d\u00e9passer les pr\u00e9visions initiales<\/strong>. <\/em><\/p>\n<\/blockquote>\n\n<h2 class=\"wp-block-heading\" id=\"avantages-supplementaires\">Avantages suppl\u00e9mentaires<\/h2>\n\n<p>Outre les \u00e9conomies consid\u00e9rables r\u00e9alis\u00e9es sur les factures d&rsquo;\u00e9lectricit\u00e9, cette installation a \u00e9galement apport\u00e9 d&rsquo;autres avantages :<\/p>\n\n<ul class=\"wp-block-list\">\n<li><strong>30 % de rabais IBI<\/strong> pendant 3 ans (environ 900 \u20ac d&rsquo;\u00e9conomies suppl\u00e9mentaires)<\/li>\n\n\n\n<li><strong>Am\u00e9lioration de l&rsquo;efficacit\u00e9 \u00e9nerg\u00e9tique<\/strong> gr\u00e2ce \u00e0 l&rsquo;utilisation d&rsquo;optimiseurs d&rsquo;\u00e9nergie<\/li>\n\n\n\n<li><strong>Plus d&rsquo;autonomie \u00e9nerg\u00e9tique<\/strong> et de s\u00e9r\u00e9nit\u00e9 face \u00e0 la hausse des prix de l&rsquo;\u00e9lectricit\u00e9<\/li>\n\n\n\n<li><strong>Impact positif sur l&rsquo;environnement<\/strong> gr\u00e2ce \u00e0 des r\u00e9ductions significatives des \u00e9missions<\/li>\n<\/ul>\n\n<h2 class=\"wp-block-heading\" id=\"un-vrai-temoignage\">Un vrai t\u00e9moignage<\/h2>\n\n<blockquote class=\"wp-block-quote is-layout-flow wp-block-quote-is-layout-flow\">\n<p><em>\u00ab\u00a0Nous avions l&rsquo;habitude de payer plus de 300 euros par mois. Aujourd&rsquo;hui, nous payons cette somme en une ann\u00e9e enti\u00e8re\u00a0\u00bb.<\/em><br\/>&#8211; <strong>Francisca Fern\u00e1ndez<\/strong>, propri\u00e9taire de la maison<\/p>\n<\/blockquote>\n\n<h2 class=\"wp-block-heading\" id=\"combien-pouvez-vous-economiser\">Combien pouvez-vous \u00e9conomiser ?<\/h2>\n\n<p>Ce n&rsquo;est qu&rsquo;un exemple r\u00e9el des nombreuses r\u00e9ussites que nous g\u00e9rons au quotidien. Chaque maison est diff\u00e9rente, mais avec une bonne \u00e9tude personnalis\u00e9e, l&rsquo;autoconsommation solaire devient un investissement rentable, durable et tr\u00e8s satisfaisant. <\/p>\n\n<p>Si vous voulez savoir combien vous pourriez \u00e9conomiser, contactez-nous et nous pr\u00e9parerons votre propre \u00e9tude gratuite et sans engagement. <\/p>\n\n<h2 class=\"wp-block-heading\" id=\"resume-de-laffaire-en-chiffres\">R\u00e9sum\u00e9 de l&rsquo;affaire en chiffres<\/h2>\n\n<figure class=\"wp-block-table\"><table class=\"has-fixed-layout\"><thead><tr><th>Datum<\/th><th>R\u00e9sultat<\/th><\/tr><\/thead><tbody><tr><td>Type d&rsquo;installation<\/td><td>Autoconsommation sans batteries (6,56 kWp)<\/td><\/tr><tr><td>Consommation pr\u00e9c\u00e9dente<\/td><td>9 060 kWh\/an<\/td><\/tr><tr><td>\u00c9conomies estim\u00e9es<\/td><td>1 700 \u20ac\/an<\/td><\/tr><tr><td>L&rsquo;\u00e9pargne r\u00e9elle<\/td><td>3.300 \u20ac\/an<\/td><\/tr><tr><td>Investissement<\/td><td>9.994,69 \u20ac (ann\u00e9e 2023)<\/td><\/tr><tr><td>D\u00e9lai de r\u00e9cup\u00e9ration estim\u00e9<\/td><td>3 ans<\/td><\/tr><tr><td>Subvention appliqu\u00e9e<\/td><td>R\u00e9duction de 30 % de l&rsquo;IBI (900 \u20ac)<\/td><\/tr><\/tbody><\/table><\/figure>\n","protected":false},"excerpt":{"rendered":"<p>La famille Esteve-Fern\u00e1ndez a opt\u00e9 pour l&rsquo;autoconsommation solaire dans sa maison \u00e0 forte consommation. Aujourd&rsquo;hui, leur facture d&rsquo;\u00e9lectricit\u00e9 a baiss\u00e9 de 90 %.   <\/p>\n","protected":false},"author":7,"featured_media":13377,"comment_status":"open","ping_status":"closed","sticky":false,"template":"","format":"standard","meta":{"_acf_changed":false,"footnotes":""},"categories":[143],"tags":[],"class_list":["post-13399","post","type-post","status-publish","format-standard","has-post-thumbnail","hentry","category-histoires-de-reussite"],"acf":[],"_links":{"self":[{"href":"https:\/\/fotovol.com\/fr\/wp-json\/wp\/v2\/posts\/13399","targetHints":{"allow":["GET"]}}],"collection":[{"href":"https:\/\/fotovol.com\/fr\/wp-json\/wp\/v2\/posts"}],"about":[{"href":"https:\/\/fotovol.com\/fr\/wp-json\/wp\/v2\/types\/post"}],"author":[{"embeddable":true,"href":"https:\/\/fotovol.com\/fr\/wp-json\/wp\/v2\/users\/7"}],"replies":[{"embeddable":true,"href":"https:\/\/fotovol.com\/fr\/wp-json\/wp\/v2\/comments?post=13399"}],"version-history":[{"count":1,"href":"https:\/\/fotovol.com\/fr\/wp-json\/wp\/v2\/posts\/13399\/revisions"}],"predecessor-version":[{"id":17861,"href":"https:\/\/fotovol.com\/fr\/wp-json\/wp\/v2\/posts\/13399\/revisions\/17861"}],"wp:featuredmedia":[{"embeddable":true,"href":"https:\/\/fotovol.com\/fr\/wp-json\/wp\/v2\/media\/13377"}],"wp:attachment":[{"href":"https:\/\/fotovol.com\/fr\/wp-json\/wp\/v2\/media?parent=13399"}],"wp:term":[{"taxonomy":"category","embeddable":true,"href":"https:\/\/fotovol.com\/fr\/wp-json\/wp\/v2\/categories?post=13399"},{"taxonomy":"post_tag","embeddable":true,"href":"https:\/\/fotovol.com\/fr\/wp-json\/wp\/v2\/tags?post=13399"}],"curies":[{"name":"wp","href":"https:\/\/api.w.org\/{rel}","templated":true}]}}