{"id":13670,"date":"2025-08-10T22:25:59","date_gmt":"2025-08-10T20:25:59","guid":{"rendered":"https:\/\/fotovol.com\/energies-renouvelables\/quelle-est-la-consommation-mensuelle-de-laerothermie-consommation-reelle-et-economies-en-2025\/"},"modified":"2025-11-30T23:18:37","modified_gmt":"2025-11-30T22:18:37","slug":"quelle-est-la-consommation-mensuelle-de-laerothermie-consommation-reelle-et-economies-en-2025","status":"publish","type":"post","link":"https:\/\/fotovol.com\/fr\/energies-renouvelables\/quelle-est-la-consommation-mensuelle-de-laerothermie-consommation-reelle-et-economies-en-2025\/","title":{"rendered":"Quelle est la consommation mensuelle de l&rsquo;a\u00e9rothermie ? Consommation r\u00e9elle et \u00e9conomies en 2025"},"content":{"rendered":"\n<p>Si vous envisagez d&rsquo;installer l&rsquo;a\u00e9rothermie ou si vous l&rsquo;avez d\u00e9j\u00e0 chez vous, vous vous posez certainement des questions : <em>\u00ab\u00a0combien consomme l&rsquo;a\u00e9rothermie\u00a0\u00bb<\/em> ou <em>\u00ab\u00a0combien consomme l&rsquo;a\u00e9rothermie par mois\u00a0\u00bb.<\/em> Bien qu&rsquo;il s&rsquo;agisse d&rsquo;un syst\u00e8me reconnu pour sa grande efficacit\u00e9 \u00e9nerg\u00e9tique, la consommation r\u00e9elle d\u00e9pend de nombreux facteurs : la puissance de la pompe \u00e0 chaleur, le COP ou SCOP de l&rsquo;\u00e9quipement, la zone climatique et l&rsquo;isolation de l&rsquo;habitation, entre autres. <\/p>\n\n<p>Dans ce guide, nous expliquons, \u00e0 l&rsquo;aide de formules simples et d&rsquo;exemples r\u00e9els dans la province de G\u00e9rone, combien l <strong>&lsquo;a\u00e9rothermie consomme r\u00e9ellement<\/strong>, comment elle se compare \u00e0 d&rsquo;autres syst\u00e8mes tels que le gaz, le p\u00e9trole, les pellets ou les radiateurs \u00e9lectriques, et ce que vous pouvez faire pour r\u00e9duire le co\u00fbt.<\/p>\n\n<p>De plus, nous vous pr\u00e9senterons des cas concrets de clients qui ont chang\u00e9 leur ancienne chaudi\u00e8re pour l&rsquo;a\u00e9rothermie, certains la combinant m\u00eame avec l&rsquo;<a href=\"https:\/\/fotovol.com\/fr\/installation-de-panneaux-solaires-girona\/\">installation de panneaux solaires pour r\u00e9duire la facture au minimum.<\/a> <\/p>\n\n<h2 class=\"wp-block-heading\" id=\"comment-calculer-la-consommation-delectricite-des-radiateurs-soufflants\"><strong>Comment calculer la consommation d&rsquo;\u00e9lectricit\u00e9 des radiateurs soufflants ?<\/strong><\/h2>\n\n<p>Pour conna\u00eetre les d\u00e9penses mensuelles de votre radiateur \u00e0 ventilateur, vous avez besoin de trois \u00e9l\u00e9ments cl\u00e9s :<\/p>\n\n<ul class=\"wp-block-list\">\n<li><strong>Puissance thermique de la pompe \u00e0 chaleur<\/strong> (kW).<\/li>\n\n\n\n<li><strong>COP ou SCOP<\/strong> (Seasonal Coefficient of Performance).<\/li>\n\n\n\n<li><strong>Heures d&rsquo;utilisation par jour<\/strong> (en fonction de la surface et de l&rsquo;isolation).<\/li>\n<\/ul>\n\n<p><strong>Formule de base :<\/strong><\/p>\n\n<pre class=\"wp-block-preformatted\"><code>Consumo el\u00e9ctrico (kWh\/d\u00eda) = Potencia t\u00e9rmica (kW) \u00d7 Horas de uso \/ COP<br\/><\/code><\/pre>\n\n<p><strong>Exemple :<\/strong><br\/>Pompe \u00e0 chaleur de 11 kW, COP de 4, 6 h\/jour :<\/p>\n\n<pre class=\"wp-block-preformatted\"><code>Consumo = 11 \u00d7 6 \/ 4 = 16,5 kWh\/d\u00eda<br\/>Mensual = 16,5 \u00d7 30 = 495 kWh\/mes<br\/>Coste mensual = 495 \u00d7 0,15 \u20ac = 74,25 \u20ac<br\/><\/code><\/pre>\n\n<h2 class=\"wp-block-heading\" id=\"tableau-des-consommations-mensuelles-et-annuelles-en-fonction-de-la-puissance\"><strong>Tableau des consommations mensuelles et annuelles en fonction de la puissance<\/strong><\/h2>\n\n<figure class=\"wp-block-table\"><table class=\"has-fixed-layout\"><thead><tr><th>Puissance de la pompe \u00e0 chaleur<\/th><th>Consommation mensuelle (kWh)<\/th><th>D\u00e9penses mensuelles (\u20ac)<\/th><th>D\u00e9penses annuelles (\u20ac)<\/th><\/tr><\/thead><tbody><tr><td>8 kW<\/td><td>364<\/td><td>54,6<\/td><td>655<\/td><\/tr><tr><td>9 kW<\/td><td>405<\/td><td>60,7<\/td><td>728<\/td><\/tr><tr><td>10 kW<\/td><td>450<\/td><td>67,5<\/td><td>810<\/td><\/tr><tr><td>11 kW<\/td><td>495<\/td><td>74,3<\/td><td>891<\/td><\/tr><tr><td>12 kW<\/td><td>540<\/td><td>81,0<\/td><td>972<\/td><\/tr><tr><td>14 kW<\/td><td>630<\/td><td>94,5<\/td><td>1.134<\/td><\/tr><tr><td>16 kW<\/td><td>720<\/td><td>108,0<\/td><td>1.296<\/td><\/tr><\/tbody><\/table><\/figure>\n\n<p><em>Valeurs calcul\u00e9es avec un COP moyen de 4, une utilisation de 6 h\/jour et un prix de l&rsquo;\u00e9lectricit\u00e9 de 0,15 \u20ac\/kWh. Dans les maisons bien isol\u00e9es \u00e9quip\u00e9es d&rsquo;un chauffage par le sol, le co\u00fbt peut \u00eatre inf\u00e9rieur. <\/em><\/p>\n\n<h2 class=\"wp-block-heading\" id=\"comparaison-de-la-consommation-annuelle-aerothermie-vs-autres-systemes\"><strong>Comparaison de la consommation annuelle : a\u00e9rothermie vs. autres syst\u00e8mes<\/strong><\/h2>\n\n<figure class=\"wp-block-table\"><table class=\"has-fixed-layout\"><thead><tr><th>Syst\u00e8me de chauffage<\/th><th>Consommation d&rsquo;\u00e9nergie finale<\/th><th>Co\u00fbt annuel (\u20ac)<\/th><th>\u00c9missions de CO\u2082 par an<\/th><\/tr><\/thead><tbody><tr><td>A\u00e9rothermie (COP 4)<\/td><td>3 000 kWh \u00e9lectriques<\/td><td><strong>450<\/strong><\/td><td>600 kg<\/td><\/tr><tr><td>Diesel<\/td><td>1 200 litres<\/td><td>1.620<\/td><td>3 100 kg<\/td><\/tr><tr><td>Gaz naturel<\/td><td>12 000 kWh de gaz<\/td><td>720<\/td><td>2 200 kg<\/td><\/tr><tr><td>Granul\u00e9s<\/td><td>4 t<\/td><td>1.200<\/td><td>800 kg<\/td><\/tr><tr><td>Radiateurs \u00e9lectriques<\/td><td>12 000 kWh<\/td><td>1.800<\/td><td>2 400 kg<\/td><\/tr><\/tbody><\/table><\/figure>\n\n<p><strong>Conclusions :<\/strong><\/p>\n\n<ul class=\"wp-block-list\">\n<li>Jusqu&rsquo;\u00e0 <strong>75 % moins cher<\/strong> que le chauffage \u00e9lectrique direct.<\/li>\n\n\n\n<li>Par rapport au diesel, les \u00e9conomies peuvent d\u00e9passer <strong>1 200 euros par an<\/strong>.<\/li>\n\n\n\n<li>Avec <a class=\"\" href=\"#\"><strong>l&rsquo;autoconsommation photovolta\u00efque<\/strong><\/a>le co\u00fbt r\u00e9el peut \u00eatre r\u00e9duit \u00e0 presque z\u00e9ro.<\/li>\n<\/ul>\n\n<h2 class=\"wp-block-heading\" id=\"cas-reels-a-girona\"><strong>Cas r\u00e9els \u00e0 Girona<\/strong><\/h2>\n\n<h3 class=\"wp-block-heading\" id=\"1-chalet-a-olot-zone-froide\"><strong>1. chalet \u00e0 Olot (zone froide)<\/strong><\/h3>\n\n<ul class=\"wp-block-list\">\n<li>180 m\u00b2, a\u00e9rothermie avec chauffage au sol + ECS.<\/li>\n\n\n\n<li>SCOP r\u00e9el : 3,8 \u2192 4 868 kWh\/an \u2192 730 \u20ac\/an.<\/li>\n\n\n\n<li>Avant : diesel (2 000 litres\/an = 2 700 euros).<\/li>\n\n\n\n<li><strong>\u00c9conomies annuelles<\/strong>: ~2 000 \u20ac + refroidissement gratuit en \u00e9t\u00e9.<\/li>\n<\/ul>\n\n<h3 class=\"wp-block-heading\" id=\"2-appartement-dans-la-ville-de-girona-nouvelle-construction-systeme-centralise\"><strong>2. Appartement dans la ville de Girona (nouvelle construction, syst\u00e8me centralis\u00e9)<\/strong><\/h3>\n\n<ul class=\"wp-block-list\">\n<li>95 m\u00b2, isolation A, compteurs individuels.<\/li>\n\n\n\n<li>SCOP r\u00e9el : 4,4 \u2192 1 863 kWh\/an \u2192 280 \u20ac\/an.<\/li>\n\n\n\n<li>Avant (r\u00e9f\u00e9rence) : gaz naturel (650 \u20ac\/an).<\/li>\n\n\n\n<li><strong>\u00c9conomies annuelles<\/strong>: ~370 \u20ac.<\/li>\n<\/ul>\n\n<h3 class=\"wp-block-heading\" id=\"3-ferme-restauree-sur-la-costa-brava-zone-temperee\"><strong>3. ferme restaur\u00e9e sur la Costa Brava (zone temp\u00e9r\u00e9e)<\/strong><\/h3>\n\n<ul class=\"wp-block-list\">\n<li>220 m\u00b2, a\u00e9rothermie + solaire thermique.<\/li>\n\n\n\n<li>SCOP r\u00e9el : 4,6 \u2192 3 478 kWh\/an \u2192 522 \u20ac\/an.<\/li>\n\n\n\n<li>Avant : propane (2 300 \u20ac\/an).<\/li>\n\n\n\n<li><strong>\u00c9conomies annuelles<\/strong>: ~1 780 euros.<\/li>\n<\/ul>\n\n<h2 class=\"wp-block-heading\" id=\"consommation-mensuelle-en-fonction-de-la-surface-et-du-climat-girona\"><strong>Consommation mensuelle en fonction de la surface et du climat (Girona)<\/strong><\/h2>\n\n<figure class=\"wp-block-table\"><table class=\"has-fixed-layout\"><thead><tr><th>Surface<\/th><th>Zone froide (\u20ac)<\/th><th>Zone temp\u00e9r\u00e9e (\u20ac)<\/th><\/tr><\/thead><tbody><tr><td>80 m\u00b2<\/td><td>57 &#8211; 63<\/td><td>38 &#8211; 44<\/td><\/tr><tr><td>100 m\u00b2<\/td><td>69 &#8211; 78<\/td><td>45 &#8211; 53<\/td><\/tr><tr><td>120 m\u00b2<\/td><td>84 &#8211; 95<\/td><td>54 &#8211; 63<\/td><\/tr><tr><td>150 m\u00b2<\/td><td>105 &#8211; 117<\/td><td>68 &#8211; 75<\/td><\/tr><tr><td>200 m\u00b2<\/td><td>138 &#8211; 157<\/td><td>90 &#8211; 102<\/td><\/tr><\/tbody><\/table><\/figure>\n\n<p><em>Exemple : \u00e0 Banyoles, une maison de 120 m\u00b2 co\u00fbte ~60 \u20ac\/mois en hiver ; \u00e0 Vall de Camprodon, ~90 \u20ac\/mois.<\/em><\/p>\n\n<h2 class=\"wp-block-heading\" id=\"les-facteurs-qui-influencent-le-plus-la-consommation\"><strong>Les facteurs qui influencent le plus la consommation<\/strong><\/h2>\n\n<ol class=\"wp-block-list\">\n<li><strong>Zone climatique et temp\u00e9rature ext\u00e9rieure<\/strong>\n<ul class=\"wp-block-list\">\n<li>Costa de Girona \u2192 baisse de la consommation.<\/li>\n\n\n\n<li>Pr\u00e9-Pyr\u00e9n\u00e9es \u2192 jusqu&rsquo;\u00e0 +40% de d\u00e9penses.<\/li>\n<\/ul>\n<\/li>\n\n\n\n<li><strong>L&rsquo;isolement<\/strong>\n<ul class=\"wp-block-list\">\n<li>Une mauvaise isolation peut augmenter les co\u00fbts de 50 %.<\/li>\n<\/ul>\n<\/li>\n\n\n\n<li><strong>Type d&rsquo;\u00e9metteur<\/strong>\n<ul class=\"wp-block-list\">\n<li>Chauffage par le sol : SCOP 4-4.8 \u2192 moins de consommation.<\/li>\n\n\n\n<li>Radiateurs plus anciens : SCOP 1,8-2,5 \u2192 plus de consommation.<\/li>\n<\/ul>\n<\/li>\n\n\n\n<li><strong>Configuration de l&rsquo;\u00e9quipement et alimentation<\/strong>\n<ul class=\"wp-block-list\">\n<li>Courbe climatique bien ajust\u00e9e = \u00e9conomies constantes.<\/li>\n<\/ul>\n<\/li>\n\n\n\n<li><strong>Habitudes d&rsquo;utilisation<\/strong>\n<ul class=\"wp-block-list\">\n<li>Chaque degr\u00e9 suppl\u00e9mentaire en hiver = +7% de d\u00e9penses.<\/li>\n<\/ul>\n<\/li>\n\n\n\n<li><strong>Maintenance<\/strong>\n<ul class=\"wp-block-list\">\n<li>Filtres propres, pression correcte et absence de fuites.<\/li>\n<\/ul>\n<\/li>\n<\/ol>\n\n<p>Dans la province de G\u00e9rone, l&rsquo;\u00e9nergie a\u00e9rothermique peut \u00eatre <strong>l&rsquo;option la plus efficace<\/strong> pour le chauffage, le refroidissement et l&rsquo;eau chaude sanitaire, avec des \u00e9conomies allant de 30 \u00e0 75 % par rapport \u00e0 d&rsquo;autres syst\u00e8mes. Et si elle est combin\u00e9e \u00e0 des <strong>panneaux solaires<\/strong>, le co\u00fbt mensuel peut \u00eatre r\u00e9duit de moiti\u00e9. <\/p>\n\n<p>Si vous voulez savoir si votre maison est un bon candidat pour ce syst\u00e8me, nous pouvons pr\u00e9parer une <a href=\"https:\/\/fotovol.com\/fr\/services\/aerothermie\/\">\u00e9tude a\u00e9rothermique gratuite adapt\u00e9e \u00e0 votre maison, \u00e0 votre consommation et \u00e0 votre emplacement<\/a>.<\/p>\n","protected":false},"excerpt":{"rendered":"<p>Quelle est la consommation d&rsquo;\u00e9nergie a\u00e9rothermique \u00e0 G\u00e9rone ? Nous analysons la consommation r\u00e9elle dans des zones froides comme Olot et des zones temp\u00e9r\u00e9es comme la Costa Brava, avec des tableaux de r\u00e9f\u00e9rence, une comparaison avec le gaz et le diesel, et des conseils pour r\u00e9duire la facture, m\u00eame avec des panneaux solaires. <\/p>\n","protected":false},"author":7,"featured_media":13658,"comment_status":"open","ping_status":"closed","sticky":false,"template":"","format":"standard","meta":{"_acf_changed":false,"footnotes":""},"categories":[103],"tags":[],"class_list":["post-13670","post","type-post","status-publish","format-standard","has-post-thumbnail","hentry","category-energies-renouvelables"],"acf":[],"_links":{"self":[{"href":"https:\/\/fotovol.com\/fr\/wp-json\/wp\/v2\/posts\/13670","targetHints":{"allow":["GET"]}}],"collection":[{"href":"https:\/\/fotovol.com\/fr\/wp-json\/wp\/v2\/posts"}],"about":[{"href":"https:\/\/fotovol.com\/fr\/wp-json\/wp\/v2\/types\/post"}],"author":[{"embeddable":true,"href":"https:\/\/fotovol.com\/fr\/wp-json\/wp\/v2\/users\/7"}],"replies":[{"embeddable":true,"href":"https:\/\/fotovol.com\/fr\/wp-json\/wp\/v2\/comments?post=13670"}],"version-history":[{"count":0,"href":"https:\/\/fotovol.com\/fr\/wp-json\/wp\/v2\/posts\/13670\/revisions"}],"wp:featuredmedia":[{"embeddable":true,"href":"https:\/\/fotovol.com\/fr\/wp-json\/wp\/v2\/media\/13658"}],"wp:attachment":[{"href":"https:\/\/fotovol.com\/fr\/wp-json\/wp\/v2\/media?parent=13670"}],"wp:term":[{"taxonomy":"category","embeddable":true,"href":"https:\/\/fotovol.com\/fr\/wp-json\/wp\/v2\/categories?post=13670"},{"taxonomy":"post_tag","embeddable":true,"href":"https:\/\/fotovol.com\/fr\/wp-json\/wp\/v2\/tags?post=13670"}],"curies":[{"name":"wp","href":"https:\/\/api.w.org\/{rel}","templated":true}]}}