{"id":13742,"date":"2025-08-24T10:28:08","date_gmt":"2025-08-24T08:28:08","guid":{"rendered":"https:\/\/fotovol.com\/energies-renouvelables\/etude-de-cas-confort-total-et-economies-denergie-grace-a-laerothermie-et-au-chauffage-par-le-sol-dans-une-maison-individuelle-a-gerone\/"},"modified":"2025-08-24T10:30:20","modified_gmt":"2025-08-24T08:30:20","slug":"etude-de-cas-confort-total-et-economies-denergie-grace-a-laerothermie-et-au-chauffage-par-le-sol-dans-une-maison-individuelle-a-gerone","status":"publish","type":"post","link":"https:\/\/fotovol.com\/fr\/histoires-de-reussite\/etude-de-cas-confort-total-et-economies-denergie-grace-a-laerothermie-et-au-chauffage-par-le-sol-dans-une-maison-individuelle-a-gerone\/","title":{"rendered":"\u00c9tude de cas : confort total et \u00e9conomies d&rsquo;\u00e9nergie gr\u00e2ce \u00e0 l&rsquo;a\u00e9rothermie et au chauffage par le sol dans une maison individuelle \u00e0 G\u00e9rone."},"content":{"rendered":"\n<p>Dans un quartier r\u00e9sidentiel de la banlieue de G\u00e9rone, la famille Puig-Mas vivait dans une maison individuelle de 210 m\u00b2 qui consommait beaucoup d&rsquo;\u00e9nergie. Le syst\u00e8me de chauffage au fioul et le syst\u00e8me de climatisation \u00e9lectrique co\u00fbtaient plus de 2 800 euros par an. Leur objectif \u00e9tait de trouver une solution permettant de r\u00e9duire les factures, d&rsquo;am\u00e9liorer le confort et d&rsquo;utiliser des sources d&rsquo;\u00e9nergie plus durables.  <\/p>\n\n<h2 class=\"wp-block-heading\" id=\"le-studio-une-solution-integrale-adaptee-a-la-maison\"><strong>Le studio : une solution int\u00e9grale adapt\u00e9e \u00e0 la maison<\/strong><\/h2>\n\n<p>Apr\u00e8s une visite technique et une analyse des besoins en climatisation, un syst\u00e8me <strong>a\u00e9rothermique \u00e0 haut rendement combin\u00e9 \u00e0 un chauffage par le sol<\/strong> pour le chauffage en hiver et le refroidissement en \u00e9t\u00e9 a \u00e9t\u00e9 propos\u00e9.<\/p>\n\n<p>La pr\u00e9vision initiale \u00e9tait estim\u00e9e :<\/p>\n\n<ul class=\"wp-block-list\">\n<li>60 % d&rsquo;\u00e9conomies sur les factures d&rsquo;\u00e9nergie<br\/><\/li>\n\n\n\n<li>Temp\u00e9rature homog\u00e8ne dans toutes les pi\u00e8ces<br\/><\/li>\n\n\n\n<li>\u00c9limination progressive des combustibles fossiles et r\u00e9duction des \u00e9missions<br\/><\/li>\n<\/ul>\n\n<h2 class=\"wp-block-heading\" id=\"linstallation-energie-aerothermique-a-haut-rendement-et-chauffage-par-le-sol\"><strong>L&rsquo;installation : \u00e9nergie a\u00e9rothermique \u00e0 haut rendement et chauffage par le sol<\/strong><\/h2>\n\n<p>Un syst\u00e8me a\u00e9rothermique <strong>Daikin Altherma<\/strong> de 8 kW a \u00e9t\u00e9 install\u00e9, ainsi qu&rsquo;un r\u00e9servoir d&rsquo;eau chaude sanitaire de 200 litres. Un chauffage par le sol a \u00e9t\u00e9 mis en place dans toute la maison, assurant une distribution uniforme de la chaleur et de la fra\u00eecheur. <\/p>\n\n<figure class=\"wp-block-image size-large\"><img fetchpriority=\"high\" decoding=\"async\" width=\"1024\" height=\"768\" src=\"https:\/\/fotovol.com\/wp-content\/uploads\/2025\/08\/sistema-de-aerotermia-Daikin-Altherma-de-8-kW-1024x768.jpg\" alt=\"\" class=\"wp-image-13733\" srcset=\"https:\/\/fotovol.com\/wp-content\/uploads\/2025\/08\/sistema-de-aerotermia-Daikin-Altherma-de-8-kW-1024x768.jpg 1024w, https:\/\/fotovol.com\/wp-content\/uploads\/2025\/08\/sistema-de-aerotermia-Daikin-Altherma-de-8-kW-300x225.jpg 300w, https:\/\/fotovol.com\/wp-content\/uploads\/2025\/08\/sistema-de-aerotermia-Daikin-Altherma-de-8-kW-768x576.jpg 768w, https:\/\/fotovol.com\/wp-content\/uploads\/2025\/08\/sistema-de-aerotermia-Daikin-Altherma-de-8-kW.jpg 1200w\" sizes=\"(max-width: 1024px) 100vw, 1024px\" \/><\/figure>\n\n<p><strong>Donn\u00e9es techniques du projet :<\/strong><\/p>\n\n<ul class=\"wp-block-list\">\n<li>Puissance a\u00e9rothermique : 8 kW<br\/><\/li>\n\n\n\n<li>Syst\u00e8me de diffusion : chauffage par le sol avec isolation thermique sous la plaque<br\/><\/li>\n\n\n\n<li>R\u00e9servoir d&rsquo;eau chaude sanitaire : 200 l<br\/><\/li>\n\n\n\n<li>Dur\u00e9e de l&rsquo;installation : 5 jours<br\/><\/li>\n\n\n\n<li>Investissement : 14 800<br\/><\/li>\n<\/ul>\n\n<h2 class=\"wp-block-heading\" id=\"des-resultats-concrets-des-economies-et-un-confort-tout-au-long-de-lannee\"><strong>Des r\u00e9sultats concrets : des \u00e9conomies et un confort tout au long de l&rsquo;ann\u00e9e<\/strong><\/h2>\n\n<p>Apr\u00e8s une ann\u00e9e compl\u00e8te d&rsquo;utilisation, les r\u00e9sultats ont d\u00e9pass\u00e9 les attentes :<\/p>\n\n<ul class=\"wp-block-list\">\n<li>R\u00e9duction des co\u00fbts \u00e9nerg\u00e9tiques annuels de 2 800 \u20ac \u00e0 980 \u20ac (65 % d&rsquo;\u00e9conomies)<br\/><\/li>\n\n\n\n<li>Temp\u00e9rature stable et confortable, uniform\u00e9ment chaude en hiver et fra\u00eeche en \u00e9t\u00e9.<br\/><\/li>\n\n\n\n<li>\u00c9limination totale des d\u00e9penses de diesel et r\u00e9duction des \u00e9missions de CO\u2082 de plus de 2,5 tonnes par an.<br\/><\/li>\n<\/ul>\n\n<h2 class=\"wp-block-heading\" id=\"avantages-supplementaires\"><strong>Avantages suppl\u00e9mentaires<\/strong><\/h2>\n\n<ul class=\"wp-block-list\">\n<li>R\u00e9duction de la maintenance et augmentation de la durabilit\u00e9 du syst\u00e8me<br\/><\/li>\n\n\n\n<li>R\u00e9duction des \u00e9missions polluantes<br\/><\/li>\n\n\n\n<li>Meilleure appr\u00e9ciation de la valeur du logement<br\/><\/li>\n\n\n\n<li>Confort silencieux et homog\u00e8ne sans courants d&rsquo;air<br\/><\/li>\n<\/ul>\n\n<h2 class=\"wp-block-heading\" id=\"un-vrai-temoignage\"><strong>Un vrai t\u00e9moignage<\/strong><\/h2>\n\n<p><em>\u00ab\u00a0Le changement a \u00e9t\u00e9 spectaculaire. Non seulement nous avons r\u00e9duit nos co\u00fbts \u00e9nerg\u00e9tiques, mais la maison est d\u00e9sormais confortable tout au long de l&rsquo;ann\u00e9e. L&rsquo;installation a \u00e9t\u00e9 rapide et l&rsquo;\u00e9quipe tr\u00e8s professionnelle\u00a0\u00bb.<\/em><em><br\/><\/em> &#8211; Marta Puig, propri\u00e9taire<\/p>\n\n<h2 class=\"wp-block-heading\" id=\"combien-pouvez-vous-economiser\"><strong>Combien pouvez-vous \u00e9conomiser<\/strong>?<\/h2>\n\n<p>Ce cas d\u00e9montre que l&rsquo;a\u00e9rothermie est un investissement rentable et durable pour les habitations de G\u00e9rone et de ses environs. Gr\u00e2ce \u00e0 une \u00e9tude personnalis\u00e9e, il est possible de trouver la solution la mieux adapt\u00e9e \u00e0 chaque habitation. <\/p>\n\n<h2 class=\"wp-block-heading\" id=\"resume-de-laffaire-en-chiffres\"><strong>R\u00e9sum\u00e9 de l&rsquo;affaire en chiffres<\/strong><\/h2>\n\n<figure class=\"wp-block-table\"><table class=\"has-fixed-layout\"><tbody><tr><td><strong>Datum<\/strong><\/td><td><strong>R\u00e9sultat<\/strong><\/td><\/tr><tr><td>Type d&rsquo;installation<\/td><td>A\u00e9rothermie + chauffage par le sol<\/td><\/tr><tr><td>\u00c9nergie a\u00e9rothermique<\/td><td>8 kW<\/td><\/tr><tr><td>Consommation pr\u00e9c\u00e9dente<\/td><td>2.800 \u20ac\/an<\/td><\/tr><tr><td>\u00c9conomies estim\u00e9es<\/td><td>60 %<\/td><\/tr><tr><td>L&rsquo;\u00e9pargne r\u00e9elle<\/td><td>65 %<\/td><\/tr><tr><td>Investissement<\/td><td>14.800 \u20ac<\/td><\/tr><tr><td>D\u00e9lai de r\u00e9cup\u00e9ration estim\u00e9<\/td><td>6 ans<\/td><\/tr><\/tbody><\/table><\/figure>\n","protected":false},"excerpt":{"rendered":"<p>La famille Puig-Mas \u00e9tait \u00e0 la recherche d&rsquo;une solution de climatisation efficace et durable qui lui offrirait un confort en toute saison. Aujourd&rsquo;hui, gr\u00e2ce \u00e0 l&rsquo;\u00e9nergie a\u00e9rothermique combin\u00e9e au chauffage par le sol, ils ont r\u00e9duit leurs co\u00fbts \u00e9nerg\u00e9tiques de 65 % et b\u00e9n\u00e9ficient d&rsquo;une temp\u00e9rature parfaite tout au long de l&rsquo;ann\u00e9e. <\/p>\n","protected":false},"author":7,"featured_media":13728,"comment_status":"open","ping_status":"closed","sticky":false,"template":"","format":"standard","meta":{"_acf_changed":false,"footnotes":""},"categories":[143],"tags":[],"class_list":["post-13742","post","type-post","status-publish","format-standard","has-post-thumbnail","hentry","category-histoires-de-reussite"],"acf":[],"_links":{"self":[{"href":"https:\/\/fotovol.com\/fr\/wp-json\/wp\/v2\/posts\/13742","targetHints":{"allow":["GET"]}}],"collection":[{"href":"https:\/\/fotovol.com\/fr\/wp-json\/wp\/v2\/posts"}],"about":[{"href":"https:\/\/fotovol.com\/fr\/wp-json\/wp\/v2\/types\/post"}],"author":[{"embeddable":true,"href":"https:\/\/fotovol.com\/fr\/wp-json\/wp\/v2\/users\/7"}],"replies":[{"embeddable":true,"href":"https:\/\/fotovol.com\/fr\/wp-json\/wp\/v2\/comments?post=13742"}],"version-history":[{"count":0,"href":"https:\/\/fotovol.com\/fr\/wp-json\/wp\/v2\/posts\/13742\/revisions"}],"wp:featuredmedia":[{"embeddable":true,"href":"https:\/\/fotovol.com\/fr\/wp-json\/wp\/v2\/media\/13728"}],"wp:attachment":[{"href":"https:\/\/fotovol.com\/fr\/wp-json\/wp\/v2\/media?parent=13742"}],"wp:term":[{"taxonomy":"category","embeddable":true,"href":"https:\/\/fotovol.com\/fr\/wp-json\/wp\/v2\/categories?post=13742"},{"taxonomy":"post_tag","embeddable":true,"href":"https:\/\/fotovol.com\/fr\/wp-json\/wp\/v2\/tags?post=13742"}],"curies":[{"name":"wp","href":"https:\/\/api.w.org\/{rel}","templated":true}]}}