{"id":13789,"date":"2025-08-24T10:58:01","date_gmt":"2025-08-24T08:58:01","guid":{"rendered":"https:\/\/fotovol.com\/energies-renouvelables\/etude-de-cas-energie-aerothermique-avec-ventilo-convecteurs-pour-la-climatisation-et-leau-chaude-sanitaire-dans-un-appartement-renove-dans-la-ville-de-gerone\/"},"modified":"2026-02-20T10:10:58","modified_gmt":"2026-02-20T09:10:58","slug":"etude-de-cas-energie-aerothermique-avec-ventilo-convecteurs-pour-la-climatisation-et-leau-chaude-sanitaire-dans-un-appartement-renove-dans-la-ville-de-gerone","status":"publish","type":"post","link":"https:\/\/fotovol.com\/fr\/histoires-de-reussite\/etude-de-cas-energie-aerothermique-avec-ventilo-convecteurs-pour-la-climatisation-et-leau-chaude-sanitaire-dans-un-appartement-renove-dans-la-ville-de-gerone\/","title":{"rendered":"\u00c9tude de cas : \u00e9nergie a\u00e9rothermique avec ventilo-convecteurs pour la climatisation et l&rsquo;eau chaude sanitaire dans un appartement r\u00e9nov\u00e9 dans la ville de G\u00e9rone."},"content":{"rendered":"\n<h2 class=\"wp-block-heading\" id=\"situation-initiale-consommation-elevee-dans-un-appartement-a-gerone\">Situation initiale : consommation \u00e9lev\u00e9e dans un appartement \u00e0 G\u00e9rone<\/h2>\n\n<p>En plein centre de <strong>G\u00e9rone<\/strong>, la famille Mart\u00ed-Clav\u00e9 vivait dans un <strong>appartement de 95 m\u00b2<\/strong> \u00e9quip\u00e9 de <strong>radiateurs \u00e9lectriques pour le chauffage<\/strong> et d&rsquo;un <strong>chauffe-eau \u00e9lectrique pour l&rsquo;eau chaude<\/strong>.<\/p>\n\n<p>Ce syst\u00e8me n&rsquo;\u00e9tait pas tr\u00e8s efficace et co\u00fbtait cher : <strong>1 400 euros par an<\/strong> en consommation d&rsquo;\u00e9lectricit\u00e9. De plus, le confort thermique \u00e9tait limit\u00e9, avec une chaleur in\u00e9gale en hiver et un climatiseur portable pour l&rsquo;\u00e9t\u00e9 qui ne couvrait pas toute la maison. <\/p>\n\n<p>L&rsquo;objectif de la r\u00e9forme \u00e9nerg\u00e9tique \u00e9tait clair : <strong>unifier le chauffage, le refroidissement et l&rsquo;eau chaude sanitaire en un seul syst\u00e8me efficace, durable et plus confortable.<\/strong><\/p>\n\n<h2 class=\"wp-block-heading\" id=\"letude-le-ventilo-convecteur-une-solution-tout-en-un\">L&rsquo;\u00e9tude : le ventilo-convecteur, une solution tout-en-un<\/h2>\n\n<p>Apr\u00e8s analyse du sol et de son niveau d&rsquo;isolation, un syst\u00e8me <strong>a\u00e9rothermique air-eau avec ventilo-convecteurs<\/strong> a \u00e9t\u00e9 recommand\u00e9. Cette technologie permet : <\/p>\n\n<ul class=\"wp-block-list\">\n<li><strong>Chauffage en hiver et refroidissement en \u00e9t\u00e9<\/strong> \u00e0 partir d&rsquo;une seule unit\u00e9.<\/li>\n\n\n\n<li><strong>Production d&rsquo;eau chaude sanitaire<\/strong> au moyen d&rsquo;un r\u00e9servoir de 150 l.<\/li>\n\n\n\n<li><strong>R\u00e9ponse rapide<\/strong> aux changements de temp\u00e9rature, parfaite pour les appartements urbains \u00e0 forte occupation.<\/li>\n\n\n\n<li>\u00c9conomies estim\u00e9es \u00e0 <strong>50 %<\/strong> par rapport \u00e0 l&rsquo;ancien syst\u00e8me \u00e9lectrique.<\/li>\n<\/ul>\n\n<p>En outre, le besoin de radiateurs traditionnels a \u00e9t\u00e9 \u00e9limin\u00e9, ce qui a permis de gagner de l&rsquo;espace utilisable dans la maison.<\/p>\n\n<figure class=\"wp-block-image size-large\"><img fetchpriority=\"high\" decoding=\"async\" width=\"1024\" height=\"768\" src=\"https:\/\/fotovol.com\/wp-content\/uploads\/2025\/08\/aerotermia-con-fan-coils-pared-1024x768.jpg\" alt=\"\" class=\"wp-image-13767\" srcset=\"https:\/\/fotovol.com\/wp-content\/uploads\/2025\/08\/aerotermia-con-fan-coils-pared-1024x768.jpg 1024w, https:\/\/fotovol.com\/wp-content\/uploads\/2025\/08\/aerotermia-con-fan-coils-pared-300x225.jpg 300w, https:\/\/fotovol.com\/wp-content\/uploads\/2025\/08\/aerotermia-con-fan-coils-pared-768x576.jpg 768w, https:\/\/fotovol.com\/wp-content\/uploads\/2025\/08\/aerotermia-con-fan-coils-pared.jpg 1200w\" sizes=\"(max-width: 1024px) 100vw, 1024px\" \/><\/figure>\n\n<h2 class=\"wp-block-heading\" id=\"installation-rapide-et-sans-travaux-complexes\">Installation : rapide et sans travaux complexes<\/h2>\n\n<p>L&rsquo;installation a \u00e9t\u00e9 r\u00e9alis\u00e9e en <strong>trois jours<\/strong> seulement :<\/p>\n\n<ul class=\"wp-block-list\">\n<li>Pompe \u00e0 <strong>chaleur air\/eau Mitsubishi Ecodan 5 kW<\/strong> \u00e0 haute efficacit\u00e9 et faible consommation.<\/li>\n\n\n\n<li><strong>R\u00e9servoir d&rsquo;eau chaude sanitaire de 150 l<\/strong>, dimensionn\u00e9 pour couvrir les besoins de 2 personnes.<\/li>\n\n\n\n<li><strong>3 ventilo-convecteurs muraux<\/strong> dans le salon et les chambres, assurant une climatisation uniforme et silencieuse.<\/li>\n\n\n\n<li>Suppression des anciens radiateurs \u00e9lectriques, lib\u00e9rant ainsi de l&rsquo;espace mural.<\/li>\n<\/ul>\n\n<p>L&rsquo;investissement total \u00e9tait de <strong>12 000 \u20ac<\/strong>, avec la possibilit\u00e9 de demander des <strong><a href=\"https:\/\/fotovol.com\/fr\/subventions-pour-lefficacite-energetique\/energie-aerothermique\/\">subventions \u00e9nerg\u00e9tiques pour l&rsquo;a\u00e9rothermie<\/a><\/strong> et d&rsquo;am\u00e9liorer l&rsquo;amortissement.<\/p>\n\n<h2 class=\"wp-block-heading\" id=\"des-resultats-concrets-des-economies-et-un-confort-immediats\">Des r\u00e9sultats concrets : des \u00e9conomies et un confort imm\u00e9diats<\/h2>\n\n<p>Apr\u00e8s un an d&rsquo;utilisation, les r\u00e9sultats \u00e9taient encore meilleurs que pr\u00e9vu :<\/p>\n\n<ul class=\"wp-block-list\">\n<li><strong>R\u00e9duction de la facture \u00e9nerg\u00e9tique \u00e0 630 \u20ac\/an<\/strong> (55 % d&rsquo;\u00e9conomies r\u00e9elles).<\/li>\n\n\n\n<li><strong>Confort imm\u00e9diat<\/strong>: chaleur uniforme en hiver et fra\u00eecheur uniforme en \u00e9t\u00e9.<\/li>\n\n\n\n<li>Un habitat plus silencieux et plus confortable gr\u00e2ce \u00e0 des <strong>ventilo-convecteurs peu bruyants<\/strong>.<\/li>\n\n\n\n<li>\u00c9limination des radiateurs, gain d&rsquo;espace dans la maison et esth\u00e9tique plus moderne.<\/li>\n<\/ul>\n\n<h2 class=\"wp-block-heading\" id=\"avantages-supplementaires\">Avantages suppl\u00e9mentaires<\/h2>\n\n<ul class=\"wp-block-list\">\n<li>Syst\u00e8me <strong>tout-en-un<\/strong>: chauffage, refroidissement et eau chaude sanitaire en une seule unit\u00e9.<\/li>\n\n\n\n<li><strong>Efficacit\u00e9 \u00e9nerg\u00e9tique sup\u00e9rieure \u00e0<\/strong> celle des radiateurs \u00e9lectriques.<\/li>\n\n\n\n<li><strong>R\u00e9duction des \u00e9missions de CO\u2082,<\/strong> contribuant \u00e0 la durabilit\u00e9 \u00e0 G\u00e9rone.<\/li>\n\n\n\n<li>Peu d&rsquo;entretien et longue dur\u00e9e de vie de la pompe \u00e0 chaleur Mitsubishi.<\/li>\n<\/ul>\n\n<h2 class=\"wp-block-heading\" id=\"un-vrai-temoignage\">Un vrai t\u00e9moignage<\/h2>\n\n<p><em>\u00ab\u00a0Le changement a \u00e9t\u00e9 imm\u00e9diat : moins de d\u00e9penses, plus de confort et aucune occupation suppl\u00e9mentaire dans la maison. Maintenant nous profitons de la chaleur en hiver et de la fra\u00eecheur en \u00e9t\u00e9 avec un seul syst\u00e8me.\u00a0\u00bb<\/em><br\/>&#8211; Laura Clav\u00e9, propri\u00e9taire d&rsquo;un appartement<\/p>\n\n<h2 class=\"wp-block-heading\" id=\"resume-de-laffaire-en-chiffres\">R\u00e9sum\u00e9 de l&rsquo;affaire en chiffres<\/h2>\n\n<figure class=\"wp-block-table\"><table class=\"has-fixed-layout\"><thead><tr><th>Datum<\/th><th>R\u00e9sultat<\/th><\/tr><\/thead><tbody><tr><td>Type d&rsquo;installation<\/td><td>A\u00e9rothermie + ventilo-convecteurs<\/td><\/tr><tr><td>\u00c9nergie a\u00e9rothermique<\/td><td>5 kW<\/td><\/tr><tr><td>Consommation pr\u00e9c\u00e9dente<\/td><td>1.400 \u20ac\/an<\/td><\/tr><tr><td>L&rsquo;\u00e9pargne r\u00e9elle<\/td><td>770 \u20ac\/an<\/td><\/tr><tr><td>Investissement<\/td><td>12.000 \u20ac<\/td><\/tr><tr><td>Amortissement<\/td><td>6 ans<\/td><\/tr><\/tbody><\/table><\/figure>\n\n<p><strong>Vous souhaitez am\u00e9liorer l&rsquo;efficacit\u00e9 de votre appartement \u00e0 G\u00e9rone ?<\/strong> Demandez une <strong>\u00e9tude \u00e9nerg\u00e9tique gratuite<\/strong> et d\u00e9couvrez si le syst\u00e8me <strong><a href=\"https:\/\/fotovol.com\/fr\/services\/aerothermie\/\">a\u00e9rothermique avec ventilo-convecteurs<\/a><\/strong> est la meilleure solution pour votre logement.<\/p>\n\n<p><\/p>\n","protected":false},"excerpt":{"rendered":"<p>Le couple Mart\u00ed-Clav\u00e9 a d\u00e9cid\u00e9 de profiter de la r\u00e9novation compl\u00e8te de son appartement pour remplacer l&rsquo;ancien syst\u00e8me de chauffage \u00e9lectrique par une solution efficace et durable.<\/p>\n","protected":false},"author":7,"featured_media":13766,"comment_status":"open","ping_status":"closed","sticky":false,"template":"","format":"standard","meta":{"_acf_changed":false,"footnotes":""},"categories":[143],"tags":[],"class_list":["post-13789","post","type-post","status-publish","format-standard","has-post-thumbnail","hentry","category-histoires-de-reussite"],"acf":[],"_links":{"self":[{"href":"https:\/\/fotovol.com\/fr\/wp-json\/wp\/v2\/posts\/13789","targetHints":{"allow":["GET"]}}],"collection":[{"href":"https:\/\/fotovol.com\/fr\/wp-json\/wp\/v2\/posts"}],"about":[{"href":"https:\/\/fotovol.com\/fr\/wp-json\/wp\/v2\/types\/post"}],"author":[{"embeddable":true,"href":"https:\/\/fotovol.com\/fr\/wp-json\/wp\/v2\/users\/7"}],"replies":[{"embeddable":true,"href":"https:\/\/fotovol.com\/fr\/wp-json\/wp\/v2\/comments?post=13789"}],"version-history":[{"count":1,"href":"https:\/\/fotovol.com\/fr\/wp-json\/wp\/v2\/posts\/13789\/revisions"}],"predecessor-version":[{"id":17852,"href":"https:\/\/fotovol.com\/fr\/wp-json\/wp\/v2\/posts\/13789\/revisions\/17852"}],"wp:featuredmedia":[{"embeddable":true,"href":"https:\/\/fotovol.com\/fr\/wp-json\/wp\/v2\/media\/13766"}],"wp:attachment":[{"href":"https:\/\/fotovol.com\/fr\/wp-json\/wp\/v2\/media?parent=13789"}],"wp:term":[{"taxonomy":"category","embeddable":true,"href":"https:\/\/fotovol.com\/fr\/wp-json\/wp\/v2\/categories?post=13789"},{"taxonomy":"post_tag","embeddable":true,"href":"https:\/\/fotovol.com\/fr\/wp-json\/wp\/v2\/tags?post=13789"}],"curies":[{"name":"wp","href":"https:\/\/api.w.org\/{rel}","templated":true}]}}