{"id":13801,"date":"2025-08-24T10:37:20","date_gmt":"2025-08-24T08:37:20","guid":{"rendered":"https:\/\/fotovol.com\/energies-renouvelables\/etude-de-cas-zero-emission-et-economies-totales-grace-a-laerothermie-et-a-lenergie-solaire-photovoltaique-dans-une-maison-individuelle-a-palafrugell-gerone\/"},"modified":"2026-02-20T10:11:05","modified_gmt":"2026-02-20T09:11:05","slug":"etude-de-cas-zero-emission-et-economies-totales-grace-a-laerothermie-et-a-lenergie-solaire-photovoltaique-dans-une-maison-individuelle-a-palafrugell-gerone","status":"publish","type":"post","link":"https:\/\/fotovol.com\/fr\/histoires-de-reussite\/etude-de-cas-zero-emission-et-economies-totales-grace-a-laerothermie-et-a-lenergie-solaire-photovoltaique-dans-une-maison-individuelle-a-palafrugell-gerone\/","title":{"rendered":"\u00c9tude de cas : z\u00e9ro \u00e9mission et \u00e9conomies totales gr\u00e2ce \u00e0 l&rsquo;a\u00e9rothermie et \u00e0 l&rsquo;\u00e9nergie solaire photovolta\u00efque dans une maison individuelle \u00e0 Palafrugell (G\u00e9rone)."},"content":{"rendered":"\n<h2 class=\"wp-block-heading\" id=\"situation-initiale-menage-dependant-de-lenergie-avec-des-factures-elevees\">Situation initiale : m\u00e9nage d\u00e9pendant de l&rsquo;\u00e9nergie avec des factures \u00e9lev\u00e9es<\/h2>\n\n<p>La famille Riera vit dans une <strong>maison individuelle de 180 m\u00b2 \u00e0 Palafrugell (G\u00e9rone)<\/strong>. Jusqu&rsquo;\u00e0 r\u00e9cemment, elle utilisait une chaudi\u00e8re \u00e0 gaz pour le chauffage et un syst\u00e8me de climatisation pour le refroidissement. Elle disposait \u00e9galement d&rsquo;une chaudi\u00e8re \u00e9lectrique pour l&rsquo;eau chaude sanitaire (ECS).  <\/p>\n\n<p>Il en r\u00e9sultait un co\u00fbt \u00e9nerg\u00e9tique annuel d&rsquo;environ <strong>2 200 euros<\/strong>, ainsi qu&rsquo;un impact environnemental important d\u00fb \u00e0 l&rsquo;utilisation du gaz. L&rsquo;objectif \u00e9tait clair : <strong>atteindre l&rsquo;autosuffisance \u00e9nerg\u00e9tique<\/strong> avec un syst\u00e8me plus durable, r\u00e9duire les co\u00fbts et am\u00e9liorer le confort de la maison. <\/p>\n\n<h2 class=\"wp-block-heading\" id=\"le-studio-une-solution-hybride-et-personnalisee\">Le studio : une solution hybride et personnalis\u00e9e<\/h2>\n\n<p>Suite \u00e0 l&rsquo;analyse \u00e9nerg\u00e9tique de la maison, un syst\u00e8me int\u00e9gr\u00e9 bas\u00e9 sur trois axes a \u00e9t\u00e9 choisi :<\/p>\n\n<ul class=\"wp-block-list\">\n<li><strong>\u00c9nergie a\u00e9rothermique air-eau<\/strong> pour le chauffage, le refroidissement et l&rsquo;eau chaude sanitaire. La pompe \u00e0 chaleur extrait l&rsquo;\u00e9nergie de l&rsquo;air ext\u00e9rieur, ce qui lui permet d&rsquo;atteindre des performances \u00e9lev\u00e9es m\u00eame dans des climats froids comme les hivers de G\u00e9rone. <\/li>\n\n\n\n<li><strong>Chauffage par le sol<\/strong> dans toute la maison, qui garantit un confort thermique tout au long de l&rsquo;ann\u00e9e avec une chaleur homog\u00e8ne en hiver et une fra\u00eecheur en \u00e9t\u00e9, sans courants d&rsquo;air.<\/li>\n\n\n\n<li><strong>Installation solaire photovolta\u00efque<\/strong> con\u00e7ue pour couvrir 80 % de la demande \u00e9nerg\u00e9tique de la maison, avec batterie de stockage pour maximiser l&rsquo;autoconsommation.<\/li>\n<\/ul>\n\n<p>La pr\u00e9vision initiale estimait les \u00e9conomies \u00e0 <strong>1 900 \u20ac\/an<\/strong>, ainsi qu&rsquo;une r\u00e9duction significative des \u00e9missions de CO\u2082 li\u00e9es \u00e0 la consommation d&rsquo;\u00e9nergie.<\/p>\n\n<h2 class=\"wp-block-heading\" id=\"linstallation-des-systemes-aerothermiques-et-photovoltaiques-de-pointe\">L&rsquo;installation : des syst\u00e8mes a\u00e9rothermiques et photovolta\u00efques de pointe<\/h2>\n\n<p>L&rsquo;installation a \u00e9t\u00e9 r\u00e9alis\u00e9e en 6 jours seulement :<\/p>\n\n<ul class=\"wp-block-list\">\n<li><strong>Chauffage ventil\u00e9 Panasonic Aquarea 7 kW<\/strong>, r\u00e9put\u00e9 pour son efficacit\u00e9 et sa fiabilit\u00e9.<\/li>\n\n\n\n<li><strong>R\u00e9servoir d&rsquo;eau chaude sanitaire de 200 l<\/strong>, suffisant pour couvrir les besoins de la famille.<\/li>\n\n\n\n<li><strong>14 panneaux solaires monocristallins (6,44 kWp)<\/strong>, id\u00e9aux pour tirer le meilleur parti du rayonnement solaire de la Costa Brava.<\/li>\n\n\n\n<li><strong>Onduleur de 6 kW avec une batterie au lithium de 5 kWh<\/strong>, qui peut stocker les exc\u00e9dents solaires et les consommer pendant les heures non ensoleill\u00e9es.<\/li>\n<\/ul>\n\n<figure class=\"wp-block-image size-large\"><img fetchpriority=\"high\" decoding=\"async\" width=\"1024\" height=\"768\" src=\"https:\/\/fotovol.com\/wp-content\/uploads\/2025\/08\/Aerotermia-Panasonic-Aquarea-de-7-kW-1024x768.jpg\" alt=\"\" class=\"wp-image-13750\" srcset=\"https:\/\/fotovol.com\/wp-content\/uploads\/2025\/08\/Aerotermia-Panasonic-Aquarea-de-7-kW-1024x768.jpg 1024w, https:\/\/fotovol.com\/wp-content\/uploads\/2025\/08\/Aerotermia-Panasonic-Aquarea-de-7-kW-300x225.jpg 300w, https:\/\/fotovol.com\/wp-content\/uploads\/2025\/08\/Aerotermia-Panasonic-Aquarea-de-7-kW-768x576.jpg 768w, https:\/\/fotovol.com\/wp-content\/uploads\/2025\/08\/Aerotermia-Panasonic-Aquarea-de-7-kW.jpg 1200w\" sizes=\"(max-width: 1024px) 100vw, 1024px\" \/><\/figure>\n\n<h2 class=\"wp-block-heading\" id=\"resultats-concrets-independance-energetique-et-economies-de-82\">R\u00e9sultats concrets : ind\u00e9pendance \u00e9nerg\u00e9tique et \u00e9conomies de 82%.<\/h2>\n\n<p>Apr\u00e8s une ann\u00e9e compl\u00e8te de fonctionnement, les r\u00e9sultats ont d\u00e9pass\u00e9 les attentes :<\/p>\n\n<ul class=\"wp-block-list\">\n<li><strong>Une facture \u00e9nerg\u00e9tique nulle pendant 9 mois de l&rsquo;ann\u00e9e<\/strong>.<\/li>\n\n\n\n<li><strong>Les d\u00e9penses annuelles ont \u00e9t\u00e9 ramen\u00e9es \u00e0 400 euros<\/strong>, soit une <strong>\u00e9conomie de 82 %<\/strong> par rapport \u00e0 la situation ant\u00e9rieure.<\/li>\n\n\n\n<li><strong>R\u00e9duction de plus de 3 tonnes de CO\u2082 par an<\/strong>, contribuant activement \u00e0 la transition \u00e9nerg\u00e9tique et \u00e0 la durabilit\u00e9 locale.<\/li>\n\n\n\n<li>Un <strong>confort total tout au long de l&rsquo;ann\u00e9e<\/strong>, avec un chauffage silencieux en hiver et un rafra\u00eechissement naturel en \u00e9t\u00e9 gr\u00e2ce au chauffage par le sol.<\/li>\n<\/ul>\n\n<h2 class=\"wp-block-heading\" id=\"avantages-supplementaires\">Avantages suppl\u00e9mentaires<\/h2>\n\n<ul class=\"wp-block-list\">\n<li>Des logements plus performants et r\u00e9\u00e9valu\u00e9s sur le march\u00e9 immobilier.<\/li>\n\n\n\n<li>L&rsquo;ind\u00e9pendance \u00e9nerg\u00e9tique face \u00e0 la hausse des prix de l&rsquo;\u00e9lectricit\u00e9 et du gaz.<\/li>\n\n\n\n<li>Moins d&rsquo;entretien que les syst\u00e8mes de chauffage et d&rsquo;ECS traditionnels.<\/li>\n\n\n\n<li>Contribution directe aux objectifs de d\u00e9carbonisation \u00e0 G\u00e9rone et en Catalogne.<\/li>\n<\/ul>\n\n<h2 class=\"wp-block-heading\" id=\"un-vrai-temoignage\">Un vrai t\u00e9moignage<\/h2>\n\n<p><em>\u00ab\u00a0Aujourd&rsquo;hui, nous avons non seulement r\u00e9duit les co\u00fbts, mais nous avons aussi le sentiment de faire quelque chose de positif pour la plan\u00e8te. La maison est plus confortable et nous avons la tranquillit\u00e9 d&rsquo;esprit de ne pas d\u00e9pendre des compagnies d&rsquo;\u00e9nergie.\u00a0\u00bb<\/em><br\/>&#8211; Joan Riera, propri\u00e9taire d&rsquo;une maison<\/p>\n\n<h2 class=\"wp-block-heading\" id=\"resume-de-laffaire-en-chiffres\">R\u00e9sum\u00e9 de l&rsquo;affaire en chiffres<\/h2>\n\n<figure class=\"wp-block-table\"><table class=\"has-fixed-layout\"><thead><tr><th>Datum<\/th><th>R\u00e9sultat<\/th><\/tr><\/thead><tbody><tr><td>Type d&rsquo;installation<\/td><td>A\u00e9rothermie + photovolta\u00efque + chauffage par le sol<\/td><\/tr><tr><td>\u00c9nergie a\u00e9rothermique<\/td><td>7 kW<\/td><\/tr><tr><td>Puissance photovolta\u00efque<\/td><td>6,44 kWp<\/td><\/tr><tr><td>Consommation pr\u00e9c\u00e9dente<\/td><td>2.200 \u20ac\/an<\/td><\/tr><tr><td>L&rsquo;\u00e9pargne r\u00e9elle<\/td><td>1.800 \u20ac\/an<\/td><\/tr><tr><td>Amortissement<\/td><td>5 ans<\/td><\/tr><tr><td>\u00c9missions \u00e9vit\u00e9es<\/td><td>3 t CO\u2082\/an<\/td><\/tr><\/tbody><\/table><\/figure>\n\n<p><strong>Combien pourriez-vous \u00e9conomiser dans votre maison \u00e0 G\u00e9rone ?<\/strong> Demandez votre <strong>\u00e9tude \u00e9nerg\u00e9tique gratuite et sans engagement<\/strong> et d\u00e9couvrez si vous pouvez combiner <a href=\"https:\/\/fotovol.com\/fr\/services\/aerothermie\/\"><strong>l&rsquo;a\u00e9rothermie et les panneaux solaires<\/strong> <\/a>pour r\u00e9duire votre facture et am\u00e9liorer le confort de votre logement.<\/p>\n\n<p><\/p>\n","protected":false},"excerpt":{"rendered":"<p>La famille Riera \u00e9tait \u00e0 la recherche d&rsquo;une solution compl\u00e8te pour \u00e9liminer sa d\u00e9pendance au gaz et \u00e0 l&rsquo;\u00e9lectricit\u00e9 du r\u00e9seau. Aujourd&rsquo;hui, gr\u00e2ce \u00e0 un syst\u00e8me hybride a\u00e9rothermique et photovolta\u00efque, ils b\u00e9n\u00e9ficient d&rsquo;un chauffage, d&rsquo;un refroidissement et d&rsquo;une eau chaude sans facture pendant la majeure partie de l&rsquo;ann\u00e9e. <\/p>\n","protected":false},"author":7,"featured_media":13758,"comment_status":"open","ping_status":"closed","sticky":false,"template":"","format":"standard","meta":{"_acf_changed":false,"footnotes":""},"categories":[143],"tags":[],"class_list":["post-13801","post","type-post","status-publish","format-standard","has-post-thumbnail","hentry","category-histoires-de-reussite"],"acf":[],"_links":{"self":[{"href":"https:\/\/fotovol.com\/fr\/wp-json\/wp\/v2\/posts\/13801","targetHints":{"allow":["GET"]}}],"collection":[{"href":"https:\/\/fotovol.com\/fr\/wp-json\/wp\/v2\/posts"}],"about":[{"href":"https:\/\/fotovol.com\/fr\/wp-json\/wp\/v2\/types\/post"}],"author":[{"embeddable":true,"href":"https:\/\/fotovol.com\/fr\/wp-json\/wp\/v2\/users\/7"}],"replies":[{"embeddable":true,"href":"https:\/\/fotovol.com\/fr\/wp-json\/wp\/v2\/comments?post=13801"}],"version-history":[{"count":1,"href":"https:\/\/fotovol.com\/fr\/wp-json\/wp\/v2\/posts\/13801\/revisions"}],"predecessor-version":[{"id":17855,"href":"https:\/\/fotovol.com\/fr\/wp-json\/wp\/v2\/posts\/13801\/revisions\/17855"}],"wp:featuredmedia":[{"embeddable":true,"href":"https:\/\/fotovol.com\/fr\/wp-json\/wp\/v2\/media\/13758"}],"wp:attachment":[{"href":"https:\/\/fotovol.com\/fr\/wp-json\/wp\/v2\/media?parent=13801"}],"wp:term":[{"taxonomy":"category","embeddable":true,"href":"https:\/\/fotovol.com\/fr\/wp-json\/wp\/v2\/categories?post=13801"},{"taxonomy":"post_tag","embeddable":true,"href":"https:\/\/fotovol.com\/fr\/wp-json\/wp\/v2\/tags?post=13801"}],"curies":[{"name":"wp","href":"https:\/\/api.w.org\/{rel}","templated":true}]}}