{"id":13824,"date":"2025-08-24T12:33:18","date_gmt":"2025-08-24T10:33:18","guid":{"rendered":"https:\/\/fotovol.com\/energies-renouvelables\/exemples-de-communautes-energetiques-a-gerone-projets-reels-et-avantages\/"},"modified":"2026-02-20T10:10:39","modified_gmt":"2026-02-20T09:10:39","slug":"exemples-de-communautes-energetiques-a-gerone-projets-reels-et-avantages","status":"publish","type":"post","link":"https:\/\/fotovol.com\/fr\/energies-renouvelables\/exemples-de-communautes-energetiques-a-gerone-projets-reels-et-avantages\/","title":{"rendered":"Exemples de communaut\u00e9s \u00e9nerg\u00e9tiques \u00e0 G\u00e9rone : projets r\u00e9els et avantages"},"content":{"rendered":"\n<p>Les communaut\u00e9s \u00e9nerg\u00e9tiques sont devenues l&rsquo;une des solutions les plus efficaces pour \u00e9voluer vers un mod\u00e8le \u00e9nerg\u00e9tique plus propre, plus \u00e9quitable et plus durable. \u00c0 G\u00e9rone, de nombreuses municipalit\u00e9s ont d\u00e9j\u00e0 mis en place des projets qui permettent aux habitants, aux entreprises et aux conseils locaux de partager de l&rsquo;\u00e9lectricit\u00e9 renouvelable, de r\u00e9duire leur facture d&rsquo;\u00e9lectricit\u00e9 et de contribuer \u00e0 la lutte contre le changement climatique. <\/p>\n\n<p>Dans cet article, nous vous pr\u00e9sentons des <strong>exemples r\u00e9els de communaut\u00e9s \u00e9nerg\u00e9tiques \u00e0 G\u00e9rone<\/strong>, avec des donn\u00e9es sp\u00e9cifiques sur la puissance install\u00e9e, les \u00e9conomies environnementales et l&rsquo;impact positif qu&rsquo;elles g\u00e9n\u00e8rent dans chaque localit\u00e9.<\/p>\n\n<h2 class=\"wp-block-heading\" id=\"quest-ce-quune-communaute-de-lenergie\">Qu&rsquo;est-ce qu&rsquo;une communaut\u00e9 de l&rsquo;\u00e9nergie ?<\/h2>\n\n<p>Une <strong>communaut\u00e9 \u00e9nerg\u00e9tique<\/strong> est une organisation compos\u00e9e de voisins, d&rsquo;administrations ou de petites entreprises qui d\u00e9cident de partager une installation d&rsquo;<strong>\u00e9nergie renouvelable<\/strong>, g\u00e9n\u00e9ralement solaire photovolta\u00efque. Son objectif n&rsquo;est pas d&rsquo;obtenir un b\u00e9n\u00e9fice \u00e9conomique, mais de g\u00e9n\u00e9rer des \u00e9conomies, de l&rsquo;efficacit\u00e9 \u00e9nerg\u00e9tique et de la durabilit\u00e9 pour tous les participants. <\/p>\n\n<p>Les principaux avantages sont les suivants :<\/p>\n\n<ul class=\"wp-block-list\">\n<li><strong>\u00c9conomies<\/strong> sur les factures d&rsquo;\u00e9lectricit\u00e9.<\/li>\n\n\n\n<li><strong>R\u00e9duction des \u00e9missions de CO\u2082.<\/strong><\/li>\n\n\n\n<li><strong>Ind\u00e9pendance \u00e9nerg\u00e9tique locale<\/strong> vis-\u00e0-vis des grandes entreprises.<\/li>\n\n\n\n<li><strong>Coh\u00e9sion sociale<\/strong>, car tous les membres participent sur un pied d&rsquo;\u00e9galit\u00e9.<\/li>\n<\/ul>\n\n<p>\u00c0 G\u00e9rone, ce mod\u00e8le se d\u00e9veloppe fortement dans les municipalit\u00e9s rurales et urbaines.<\/p>\n\n<h2 class=\"wp-block-heading\" id=\"exemples-de-communautes-energetiques-a-gerone\">Exemples de communaut\u00e9s \u00e9nerg\u00e9tiques \u00e0 G\u00e9rone<\/h2>\n\n<h3 class=\"wp-block-heading\" id=\"sant-miquel-de-campmajor\">Sant Miquel de Campmajor<\/h3>\n\n<p>La communaut\u00e9 \u00e9nerg\u00e9tique de Sant Miquel de Campmajor dispose d&rsquo;une installation de <strong>3,5 kWc<\/strong>, dont l&rsquo;impact sur l&rsquo;environnement \u00e9quivaut \u00e0 l&rsquo;absorption de <strong>10 arbres adultes<\/strong> par an. Le projet alimente les r\u00e9sidents et les installations municipales en \u00e9nergie propre et constitue un excellent exemple de durabilit\u00e9 dans un environnement rural. <\/p>\n\n<figure class=\"wp-block-image size-large\"><img fetchpriority=\"high\" decoding=\"async\" width=\"1024\" height=\"1024\" src=\"https:\/\/fotovol.com\/wp-content\/uploads\/2023\/05\/Sant-Miquel-de-Campmajor-35-kWp-10-ARBRES-1024x1024.jpg\" alt=\"\" class=\"wp-image-5962\" srcset=\"https:\/\/fotovol.com\/wp-content\/uploads\/2023\/05\/Sant-Miquel-de-Campmajor-35-kWp-10-ARBRES-1024x1024.jpg 1024w, https:\/\/fotovol.com\/wp-content\/uploads\/2023\/05\/Sant-Miquel-de-Campmajor-35-kWp-10-ARBRES-300x300.jpg 300w, https:\/\/fotovol.com\/wp-content\/uploads\/2023\/05\/Sant-Miquel-de-Campmajor-35-kWp-10-ARBRES-150x150.jpg 150w, https:\/\/fotovol.com\/wp-content\/uploads\/2023\/05\/Sant-Miquel-de-Campmajor-35-kWp-10-ARBRES-768x768.jpg 768w, https:\/\/fotovol.com\/wp-content\/uploads\/2023\/05\/Sant-Miquel-de-Campmajor-35-kWp-10-ARBRES-1536x1536.jpg 1536w, https:\/\/fotovol.com\/wp-content\/uploads\/2023\/05\/Sant-Miquel-de-Campmajor-35-kWp-10-ARBRES-2048x2048.jpg 2048w\" sizes=\"(max-width: 1024px) 100vw, 1024px\" \/><\/figure>\n\n<h3 class=\"wp-block-heading\" id=\"figueres\">Figueres<\/h3>\n\n<p>En plein centre-ville, Figueres a mis en place une communaut\u00e9 \u00e9nerg\u00e9tique d&rsquo;une capacit\u00e9 install\u00e9e de <strong>3,7 kWp<\/strong>, soit l&rsquo;\u00e9quivalent de <strong>11 arbres adultes<\/strong>. Ce projet r\u00e9duit les \u00e9missions dans la ville et montre comment l&rsquo;\u00e9nergie solaire peut \u00eatre int\u00e9gr\u00e9e dans les zones urbaines pour am\u00e9liorer la qualit\u00e9 de l&rsquo;air et g\u00e9n\u00e9rer des \u00e9conomies. <\/p>\n\n<figure class=\"wp-block-image size-large\"><img decoding=\"async\" width=\"1024\" height=\"1024\" src=\"https:\/\/fotovol.com\/wp-content\/uploads\/2023\/05\/FIGUERES-37-kWp-11-ARBRES-1024x1024.jpeg\" alt=\"\" class=\"wp-image-5862\" srcset=\"https:\/\/fotovol.com\/wp-content\/uploads\/2023\/05\/FIGUERES-37-kWp-11-ARBRES-1024x1024.jpeg 1024w, https:\/\/fotovol.com\/wp-content\/uploads\/2023\/05\/FIGUERES-37-kWp-11-ARBRES-300x300.jpeg 300w, https:\/\/fotovol.com\/wp-content\/uploads\/2023\/05\/FIGUERES-37-kWp-11-ARBRES-150x150.jpeg 150w, https:\/\/fotovol.com\/wp-content\/uploads\/2023\/05\/FIGUERES-37-kWp-11-ARBRES-768x768.jpeg 768w, https:\/\/fotovol.com\/wp-content\/uploads\/2023\/05\/FIGUERES-37-kWp-11-ARBRES.jpeg 1400w\" sizes=\"(max-width: 1024px) 100vw, 1024px\" \/><\/figure>\n\n<h3 class=\"wp-block-heading\" id=\"cornella-del-terri\">Cornell\u00e0 del Terri<\/h3>\n\n<p>Avec une installation de <strong>3,8 kWc<\/strong> (11 arbres \u00e9quivalents), Cornell\u00e0 del Terri s&rsquo;est engag\u00e9e dans l&rsquo;autoconsommation collective pour les r\u00e9sidents et les services municipaux. La communaut\u00e9 \u00e9nerg\u00e9tique est devenue une r\u00e9f\u00e9rence locale en mati\u00e8re de durabilit\u00e9 et de participation citoyenne. <\/p>\n\n<figure class=\"wp-block-image size-full\"><img decoding=\"async\" width=\"800\" height=\"600\" src=\"https:\/\/fotovol.com\/wp-content\/uploads\/2023\/05\/Cornella-del-Terri-38-KWp-11-ARBRES-5.jpg\" alt=\"\" class=\"wp-image-5979\" srcset=\"https:\/\/fotovol.com\/wp-content\/uploads\/2023\/05\/Cornella-del-Terri-38-KWp-11-ARBRES-5.jpg 800w, https:\/\/fotovol.com\/wp-content\/uploads\/2023\/05\/Cornella-del-Terri-38-KWp-11-ARBRES-5-300x225.jpg 300w, https:\/\/fotovol.com\/wp-content\/uploads\/2023\/05\/Cornella-del-Terri-38-KWp-11-ARBRES-5-768x576.jpg 768w\" sizes=\"(max-width: 800px) 100vw, 800px\" \/><\/figure>\n\n<h3 class=\"wp-block-heading\" id=\"tossa-de-mar\">Tossa de Mar<\/h3>\n\n<p>Une installation de <strong>4,3 kWc<\/strong>, \u00e9quivalant \u00e0 <strong>13 arbres adultes<\/strong>, a \u00e9t\u00e9 encourag\u00e9e dans cette municipalit\u00e9 c\u00f4ti\u00e8re. La communaut\u00e9 \u00e9nerg\u00e9tique de Tossa de Mar alimente les b\u00e2timents municipaux et les voisins, renfor\u00e7ant ainsi l&rsquo;engagement de la municipalit\u00e9 en faveur de la durabilit\u00e9 et du tourisme responsable. <\/p>\n\n<figure class=\"wp-block-image size-full\"><img loading=\"lazy\" decoding=\"async\" width=\"800\" height=\"602\" src=\"https:\/\/fotovol.com\/wp-content\/uploads\/2023\/05\/Tossa-de-Mar-43-KW-13-ARBRES-8.jpg\" alt=\"\" class=\"wp-image-6019\" srcset=\"https:\/\/fotovol.com\/wp-content\/uploads\/2023\/05\/Tossa-de-Mar-43-KW-13-ARBRES-8.jpg 800w, https:\/\/fotovol.com\/wp-content\/uploads\/2023\/05\/Tossa-de-Mar-43-KW-13-ARBRES-8-300x226.jpg 300w, https:\/\/fotovol.com\/wp-content\/uploads\/2023\/05\/Tossa-de-Mar-43-KW-13-ARBRES-8-768x578.jpg 768w\" sizes=\"(max-width: 800px) 100vw, 800px\" \/><\/figure>\n\n<h3 class=\"wp-block-heading\" id=\"montagut\">Montagut<\/h3>\n\n<p>Montagut poss\u00e8de l&rsquo;une des communaut\u00e9s \u00e9nerg\u00e9tiques les plus remarquables de la zone rurale, avec une puissance de <strong>5,5 kWp<\/strong> et un b\u00e9n\u00e9fice environnemental \u00e9quivalent \u00e0 <strong>38 arbres adultes<\/strong>. Ce projet montre que les petites villes peuvent aussi mener la transition \u00e9nerg\u00e9tique. <\/p>\n\n<figure class=\"wp-block-image size-full\"><img loading=\"lazy\" decoding=\"async\" width=\"800\" height=\"600\" src=\"https:\/\/fotovol.com\/wp-content\/uploads\/2023\/05\/Montagut-125-KW-38-ARBRES-6.jpg\" alt=\"\" class=\"wp-image-5986\" srcset=\"https:\/\/fotovol.com\/wp-content\/uploads\/2023\/05\/Montagut-125-KW-38-ARBRES-6.jpg 800w, https:\/\/fotovol.com\/wp-content\/uploads\/2023\/05\/Montagut-125-KW-38-ARBRES-6-300x225.jpg 300w, https:\/\/fotovol.com\/wp-content\/uploads\/2023\/05\/Montagut-125-KW-38-ARBRES-6-768x576.jpg 768w\" sizes=\"(max-width: 800px) 100vw, 800px\" \/><\/figure>\n\n<h3 class=\"wp-block-heading\" id=\"oix\">Oix<\/h3>\n\n<p>Dans cet environnement montagneux, Oix a d\u00e9velopp\u00e9 une communaut\u00e9 \u00e9nerg\u00e9tique de <strong>5,5 kWc<\/strong>, avec une \u00e9conomie environnementale similaire \u00e0 <strong>17 arbres matures<\/strong>. Un exemple d&rsquo;int\u00e9gration des \u00e9nergies renouvelables dans des espaces naturels avec un faible impact visuel. <\/p>\n\n<figure class=\"wp-block-image size-large\"><img loading=\"lazy\" decoding=\"async\" width=\"1024\" height=\"471\" src=\"https:\/\/fotovol.com\/wp-content\/uploads\/2023\/05\/Oix-55-kWp-17-ARBRES-1024x471.jpg\" alt=\"\" class=\"wp-image-5996\" srcset=\"https:\/\/fotovol.com\/wp-content\/uploads\/2023\/05\/Oix-55-kWp-17-ARBRES-1024x471.jpg 1024w, https:\/\/fotovol.com\/wp-content\/uploads\/2023\/05\/Oix-55-kWp-17-ARBRES-300x138.jpg 300w, https:\/\/fotovol.com\/wp-content\/uploads\/2023\/05\/Oix-55-kWp-17-ARBRES-768x353.jpg 768w, https:\/\/fotovol.com\/wp-content\/uploads\/2023\/05\/Oix-55-kWp-17-ARBRES-1536x707.jpg 1536w, https:\/\/fotovol.com\/wp-content\/uploads\/2023\/05\/Oix-55-kWp-17-ARBRES.jpg 2000w\" sizes=\"(max-width: 1024px) 100vw, 1024px\" \/><\/figure>\n\n<h3 class=\"wp-block-heading\" id=\"pals\">Pals<\/h3>\n\n<p>La municipalit\u00e9 de Pals dispose d&rsquo;une installation de <strong>6,2 kWc<\/strong>, ce qui repr\u00e9sente une r\u00e9duction des \u00e9missions \u00e9quivalente \u00e0 <strong>36 arbres adultes<\/strong>. Le projet alimente \u00e0 la fois les installations publiques et les r\u00e9sidents, consolidant ainsi un mod\u00e8le de durabilit\u00e9 locale. <\/p>\n\n<figure class=\"wp-block-image size-large\"><img loading=\"lazy\" decoding=\"async\" width=\"1024\" height=\"614\" src=\"https:\/\/fotovol.com\/wp-content\/uploads\/2023\/05\/PALS-115-kWp-36-ARBRES-2-1024x614.jpg\" alt=\"\" class=\"wp-image-5857\" srcset=\"https:\/\/fotovol.com\/wp-content\/uploads\/2023\/05\/PALS-115-kWp-36-ARBRES-2-1024x614.jpg 1024w, https:\/\/fotovol.com\/wp-content\/uploads\/2023\/05\/PALS-115-kWp-36-ARBRES-2-300x180.jpg 300w, https:\/\/fotovol.com\/wp-content\/uploads\/2023\/05\/PALS-115-kWp-36-ARBRES-2-768x461.jpg 768w, https:\/\/fotovol.com\/wp-content\/uploads\/2023\/05\/PALS-115-kWp-36-ARBRES-2.jpg 1500w\" sizes=\"(max-width: 1024px) 100vw, 1024px\" \/><\/figure>\n\n<h3 class=\"wp-block-heading\" id=\"sant-julia-de-ramis\">Sant Juli\u00e0 de Ramis<\/h3>\n\n<p>Avec une installation de <strong>13,5 kWp<\/strong>, cette communaut\u00e9 \u00e9nerg\u00e9tique est la plus puissante parmi les cas de G\u00e9rone. Son impact \u00e9quivaut \u00e0 <strong>42 arbres adultes<\/strong> et renforce le r\u00f4le du conseil municipal en tant que moteur de la transition \u00e9nerg\u00e9tique dans la r\u00e9gion. <\/p>\n\n<figure class=\"wp-block-image size-large\"><img loading=\"lazy\" decoding=\"async\" width=\"1024\" height=\"576\" src=\"https:\/\/fotovol.com\/wp-content\/uploads\/2023\/05\/Sant-Julia-de-Ramis-135-KWp-42-ARBRES-3-1024x576.jpg\" alt=\"\" class=\"wp-image-5970\" srcset=\"https:\/\/fotovol.com\/wp-content\/uploads\/2023\/05\/Sant-Julia-de-Ramis-135-KWp-42-ARBRES-3-1024x576.jpg 1024w, https:\/\/fotovol.com\/wp-content\/uploads\/2023\/05\/Sant-Julia-de-Ramis-135-KWp-42-ARBRES-3-300x169.jpg 300w, https:\/\/fotovol.com\/wp-content\/uploads\/2023\/05\/Sant-Julia-de-Ramis-135-KWp-42-ARBRES-3-768x432.jpg 768w, https:\/\/fotovol.com\/wp-content\/uploads\/2023\/05\/Sant-Julia-de-Ramis-135-KWp-42-ARBRES-3-1536x864.jpg 1536w, https:\/\/fotovol.com\/wp-content\/uploads\/2023\/05\/elementor\/thumbs\/Sant-Julia-de-Ramis-135-KWp-42-ARBRES-3-rkaluywmfpmphup5472xryv5zud9obpcyyvezhri8k.jpg 515w, https:\/\/fotovol.com\/wp-content\/uploads\/2023\/05\/Sant-Julia-de-Ramis-135-KWp-42-ARBRES-3.jpg 2000w\" sizes=\"(max-width: 1024px) 100vw, 1024px\" \/><\/figure>\n\n<h2 class=\"wp-block-heading\" id=\"avantages-communs-a-toutes-ces-communautes-energetiques\">Avantages communs \u00e0 toutes ces communaut\u00e9s \u00e9nerg\u00e9tiques<\/h2>\n\n<p>Bien que chaque municipalit\u00e9 pr\u00e9sente des caract\u00e9ristiques diff\u00e9rentes, tous les projets partagent un certain nombre d&rsquo;avantages cl\u00e9s :<\/p>\n\n<ul class=\"wp-block-list\">\n<li><strong>Economies collectives : les<\/strong> habitants et les administrations r\u00e9duisent directement leurs factures d&rsquo;\u00e9lectricit\u00e9.<\/li>\n\n\n\n<li><strong>R\u00e9duction des \u00e9missions :<\/strong> des centaines de kilos de CO\u2082 en moins dans l&rsquo;atmosph\u00e8re chaque ann\u00e9e.<\/li>\n\n\n\n<li><strong>Durabilit\u00e9 locale : les<\/strong> municipalit\u00e9s deviennent des r\u00e9f\u00e9rences en mati\u00e8re de transition \u00e9nerg\u00e9tique.<\/li>\n\n\n\n<li><strong>Ind\u00e9pendance \u00e9nerg\u00e9tique :<\/strong> moins de d\u00e9pendance \u00e0 l&rsquo;\u00e9gard des grandes entreprises et plus de contr\u00f4le local sur l&rsquo;\u00e9nergie.<\/li>\n\n\n\n<li><strong>Impact social positif :<\/strong> les communaut\u00e9s renforcent la collaboration et la coh\u00e9sion entre voisins.<\/li>\n<\/ul>\n\n<h2 class=\"wp-block-heading\" id=\"comment-creer-votre-propre-communaute-energetique-a-gerone\">Comment cr\u00e9er votre propre communaut\u00e9 \u00e9nerg\u00e9tique \u00e0 G\u00e9rone ?<\/h2>\n\n<p>Les exemples ci-dessus montrent qu&rsquo;il est possible de mettre en \u0153uvre des projets d&rsquo;autoconsommation collective dans les grandes, moyennes et petites municipalit\u00e9s.<\/p>\n\n<p>\ud83d\udc49 Si vous envisagez de cr\u00e9er une communaut\u00e9 \u00e9nerg\u00e9tique dans votre municipalit\u00e9, votre quartier ou votre communaut\u00e9 de voisins, nous pouvons vous aider \u00e0 toutes les \u00e9tapes :<\/p>\n\n<ul class=\"wp-block-list\">\n<li>\u00c9tude de faisabilit\u00e9.<\/li>\n\n\n\n<li>Conception et installation de la centrale solaire.<\/li>\n\n\n\n<li>Gestion et conseils techniques.<\/li>\n\n\n\n<li>Mise en \u0153uvre du mod\u00e8le de communaut\u00e9 \u00e9nerg\u00e9tique.<\/li>\n<\/ul>\n\n<p>Consultez notre service de <a href=\"https:\/\/fotovol.com\/fr\/services\/communautes-energetiques\/\" data-type=\"link\" data-id=\"https:\/\/fotovol.com\/servicio\/comunidades-energeticas\/\"><strong>installation de communaut\u00e9s \u00e9nerg\u00e9tiques<\/strong><\/a> et d\u00e9couvrez comment nous pouvons vous aider \u00e0 \u00e9conomiser, \u00e0 produire de l&rsquo;\u00e9nergie renouvelable et \u00e0 construire un avenir plus durable \u00e0 G\u00e9rone.<\/p>\n","protected":false},"excerpt":{"rendered":"<p>Br\u00e8ve explication de ce qu&rsquo;est une communaut\u00e9 \u00e9nerg\u00e9tique et pourquoi G\u00e9rone devient une r\u00e9f\u00e9rence en mati\u00e8re d&rsquo;autoconsommation collective.<\/p>\n","protected":false},"author":7,"featured_media":11906,"comment_status":"open","ping_status":"closed","sticky":false,"template":"","format":"standard","meta":{"_acf_changed":false,"footnotes":""},"categories":[103],"tags":[],"class_list":["post-13824","post","type-post","status-publish","format-standard","has-post-thumbnail","hentry","category-energies-renouvelables"],"acf":[],"_links":{"self":[{"href":"https:\/\/fotovol.com\/fr\/wp-json\/wp\/v2\/posts\/13824","targetHints":{"allow":["GET"]}}],"collection":[{"href":"https:\/\/fotovol.com\/fr\/wp-json\/wp\/v2\/posts"}],"about":[{"href":"https:\/\/fotovol.com\/fr\/wp-json\/wp\/v2\/types\/post"}],"author":[{"embeddable":true,"href":"https:\/\/fotovol.com\/fr\/wp-json\/wp\/v2\/users\/7"}],"replies":[{"embeddable":true,"href":"https:\/\/fotovol.com\/fr\/wp-json\/wp\/v2\/comments?post=13824"}],"version-history":[{"count":1,"href":"https:\/\/fotovol.com\/fr\/wp-json\/wp\/v2\/posts\/13824\/revisions"}],"predecessor-version":[{"id":17846,"href":"https:\/\/fotovol.com\/fr\/wp-json\/wp\/v2\/posts\/13824\/revisions\/17846"}],"wp:featuredmedia":[{"embeddable":true,"href":"https:\/\/fotovol.com\/fr\/wp-json\/wp\/v2\/media\/11906"}],"wp:attachment":[{"href":"https:\/\/fotovol.com\/fr\/wp-json\/wp\/v2\/media?parent=13824"}],"wp:term":[{"taxonomy":"category","embeddable":true,"href":"https:\/\/fotovol.com\/fr\/wp-json\/wp\/v2\/categories?post=13824"},{"taxonomy":"post_tag","embeddable":true,"href":"https:\/\/fotovol.com\/fr\/wp-json\/wp\/v2\/tags?post=13824"}],"curies":[{"name":"wp","href":"https:\/\/api.w.org\/{rel}","templated":true}]}}