{"id":13836,"date":"2025-08-24T12:52:51","date_gmt":"2025-08-24T10:52:51","guid":{"rendered":"https:\/\/fotovol.com\/energies-renouvelables\/communautes-energetiques-en-espagne-2025-croissance-reglementation-et-avenir\/"},"modified":"2025-08-24T12:54:07","modified_gmt":"2025-08-24T10:54:07","slug":"communautes-energetiques-en-espagne-2025-croissance-reglementation-et-avenir","status":"publish","type":"post","link":"https:\/\/fotovol.com\/fr\/energies-renouvelables\/communautes-energetiques-en-espagne-2025-croissance-reglementation-et-avenir\/","title":{"rendered":"Communaut\u00e9s \u00e9nerg\u00e9tiques en Espagne 2025 : croissance, r\u00e9glementation et avenir"},"content":{"rendered":"\n<p>Les communaut\u00e9s \u00e9nerg\u00e9tiques se sont impos\u00e9es comme un pilier essentiel de la <strong>transition vers un mod\u00e8le \u00e9nerg\u00e9tique durable et d\u00e9centralis\u00e9<\/strong> en Espagne. Ces initiatives permettent aux <strong>citoyens, aux entreprises et aux administrations de<\/strong> participer activement \u00e0 la production et \u00e0 la consommation d&rsquo;\u00e9nergie renouvelable, ce qui favorise non seulement les \u00e9conomies et l&rsquo;efficacit\u00e9, mais aussi la coh\u00e9sion sociale et la lutte contre le changement climatique. <\/p>\n\n<p>Selon le <a href=\"https:\/\/www.eseficiencia.es\/biblioteca\/2-informe-indicadores-comunidades-energeticas-observatorio-energia-comun\" target=\"_blank\" rel=\"noopener\"><em>II Rapport sur les indicateurs d&rsquo;efficacit\u00e9 \u00e9nerg\u00e9tique Communaut\u00e9s d&rsquo;\u00e9nergie<\/em><\/a>(Observatoire commun de l&rsquo;\u00e9nergie, Ecodes, Redeia et MITECO), l&rsquo;Espagne comptera <strong>659 communaut\u00e9s \u00e9nerg\u00e9tiques<\/strong> \u00e0 la fin de l&rsquo;ann\u00e9e 2024, soit une croissance de <strong>44 % par rapport \u00e0 l&rsquo;ann\u00e9e pr\u00e9c\u00e9dente<\/strong>.<\/p>\n\n<h2 class=\"wp-block-heading\" id=\"situation-actuelle-des-communautes-de-lenergie-en-espagne\">Situation actuelle des communaut\u00e9s de l&rsquo;\u00e9nergie en Espagne<\/h2>\n\n<figure class=\"wp-block-table\"><table class=\"has-fixed-layout\"><thead><tr><th>Ann\u00e9e<\/th><th>Nombre de communaut\u00e9s \u00e9nerg\u00e9tiques<\/th><th>% de municipalit\u00e9s avec CE<\/th><\/tr><\/thead><tbody><tr><td>2023<\/td><td>479<\/td><td>4,0 %<\/td><\/tr><tr><td>2024<\/td><td>659<\/td><td>8,1 %<\/td><\/tr><\/tbody><\/table><\/figure>\n\n<p>\u27a1\ufe0f <strong>200 nouvelles communaut\u00e9s \u00e9nerg\u00e9tiques en un an.<\/strong><br\/>\u27a1\ufe0f <strong>Deux fois plus de municipalit\u00e9s impliqu\u00e9es par<\/strong> rapport \u00e0 2023.<\/p>\n\n<p>De plus, depuis 2018, la capacit\u00e9 install\u00e9e d&rsquo;autoconsommation en Espagne a \u00e9t\u00e9 <strong>multipli\u00e9e par 20<\/strong>, atteignant plus de <strong>5 GW.<\/strong><\/p>\n\n<h2 class=\"wp-block-heading\" id=\"facteurs-expliquant-la-croissance\">Facteurs expliquant la croissance<\/h2>\n\n<ol class=\"wp-block-list\">\n<li><strong>Soutien institutionnel<\/strong>\n<ul class=\"wp-block-list\">\n<li><em>Plan de relance, de transformation et de r\u00e9silience<\/em>: plus de <strong>100 millions d&rsquo;euros<\/strong> pour les communaut\u00e9s \u00e9nerg\u00e9tiques.<\/li>\n\n\n\n<li><em>Programme Implementa de la CE<\/em>: 129 projets soutenus dans le cadre de quatre appels \u00e0 propositions, avec <strong>71,79 millions d&rsquo;euros<\/strong> mobilis\u00e9s.<\/li>\n\n\n\n<li><em>IDAE<\/em>: publication de la <strong>carte interactive<\/strong> avec plus de 40 projets remarquables dans toute l&rsquo;Espagne.<\/li>\n<\/ul>\n<\/li>\n\n\n\n<li><strong>Expansion territoriale<\/strong>\n<ul class=\"wp-block-list\">\n<li><strong>8,1 % des municipalit\u00e9s espagnoles<\/strong> disposent d\u00e9j\u00e0 d&rsquo;au moins une communaut\u00e9 \u00e9nerg\u00e9tique.<\/li>\n\n\n\n<li>Croissance dans les zones urbaines et rurales.<\/li>\n<\/ul>\n<\/li>\n\n\n\n<li><strong>Innovation et num\u00e9risation<\/strong>\n<ul class=\"wp-block-list\">\n<li>Int\u00e9gration de <strong>r\u00e9seaux intelligents<\/strong>, de syst\u00e8mes de <strong>stockage de l&rsquo;\u00e9nergie<\/strong> et de projets de <strong>mobilit\u00e9 durable<\/strong>.<\/li>\n<\/ul>\n<\/li>\n<\/ol>\n\n<h2 class=\"wp-block-heading\" id=\"cadre-reglementaire-en-espagne\">Cadre r\u00e9glementaire en Espagne<\/h2>\n\n<p>La croissance ne serait pas possible sans un cadre juridique favorable :<\/p>\n\n<ul class=\"wp-block-list\">\n<li><strong>D\u00e9cret-loi royal 23\/2020<\/strong>: reconna\u00eet le droit des citoyens et des entit\u00e9s \u00e0 <strong>produire, consommer, stocker et partager<\/strong> collectivement de l <strong>&lsquo;\u00e9nergie renouvelable<\/strong>.<\/li>\n\n\n\n<li><strong>D\u00e9cret royal en cours de consultation (avril 2023, MITECO)<\/strong>: cr\u00e9e un <strong>cadre r\u00e9glementaire flexible<\/strong> et attribue des <strong>quotas sp\u00e9cifiques<\/strong> dans les ench\u00e8res renouvelables pour les communaut\u00e9s \u00e9nerg\u00e9tiques.<\/li>\n\n\n\n<li>Les directives europ\u00e9ennes : elles renforcent le r\u00f4le de ces acteurs dans la transition \u00e9nerg\u00e9tique.<\/li>\n<\/ul>\n\n<p>\ud83d\udc49 Gr\u00e2ce \u00e0 ces r\u00e9glementations, les consommateurs deviennent des <strong>\u00ab\u00a0prosommateurs\u00a0\u00bb,<\/strong> c&rsquo;est-\u00e0-dire des producteurs et des consommateurs \u00e0 la fois.<\/p>\n\n<h2 class=\"wp-block-heading\" id=\"la-catalogne-une-reference-en-matiere-de-communautes-energetiques\">La Catalogne : une r\u00e9f\u00e9rence en mati\u00e8re de communaut\u00e9s \u00e9nerg\u00e9tiques<\/h2>\n\n<p>Le rapport souligne que les communaut\u00e9s autonomes o\u00f9 ce mod\u00e8le est le plus d\u00e9velopp\u00e9 sont la <strong>Catalogne, la Communaut\u00e9 valencienne, le Pays basque et la Navarre<\/strong>.<\/p>\n\n<p>Dans le cas de la <strong>Catalogne<\/strong>, les facteurs diff\u00e9rentiels sont les suivants :<\/p>\n\n<ul class=\"wp-block-list\">\n<li>Une <strong>forte tradition coop\u00e9rative et municipaliste<\/strong>, avec des conseils locaux qui dirigent les projets.<\/li>\n\n\n\n<li><strong>Soutien institutionnel<\/strong> de la Generalitat et acc\u00e8s aux programmes europ\u00e9ens.<\/li>\n\n\n\n<li>Diversit\u00e9 des mod\u00e8les : des petits villages de montagne aux projets urbains \u00e0 <strong>G\u00e9rone, Barcelone ou Figueres.<\/strong><\/li>\n\n\n\n<li><strong>Impact social<\/strong>: plusieurs projets comprennent des mesures de lutte contre la <strong>pauvret\u00e9 \u00e9nerg\u00e9tique<\/strong> et renforcent la <strong>participation des femmes<\/strong> dans les organes de direction.<\/li>\n<\/ul>\n\n<p>Des exemples dans la province de G\u00e9rone comme <strong>Sant Miquel de Campmajor, Tossa de Mar, Pals et Sant Juli\u00e0 de Ramis<\/strong> montrent que l&rsquo;autoconsommation collective est d\u00e9j\u00e0 une r\u00e9alit\u00e9 qui allie \u00e9conomies, durabilit\u00e9 et coh\u00e9sion de la communaut\u00e9.<\/p>\n\n<h2 class=\"wp-block-heading\" id=\"avantages-des-communautes-de-lenergie\">Avantages des communaut\u00e9s de l&rsquo;\u00e9nergie<\/h2>\n\n<ol class=\"wp-block-list\">\n<li><strong>Economies d&rsquo;\u00e9nergie<\/strong>\n<ul class=\"wp-block-list\">\n<li>Des factures d&rsquo;\u00e9lectricit\u00e9 moins \u00e9lev\u00e9es.<\/li>\n\n\n\n<li>Stabilit\u00e9 face \u00e0 la volatilit\u00e9 des prix de l&rsquo;\u00e9nergie.<\/li>\n<\/ul>\n<\/li>\n\n\n\n<li><strong>Impact sur l&rsquo;environnement<\/strong>\n<ul class=\"wp-block-list\">\n<li>Empreinte carbone r\u00e9duite.<\/li>\n\n\n\n<li>R\u00e9duire la d\u00e9pendance \u00e0 l&rsquo;\u00e9gard des combustibles fossiles.<\/li>\n<\/ul>\n<\/li>\n\n\n\n<li><strong>Impact social<\/strong>\n<ul class=\"wp-block-list\">\n<li>D\u00e9mocratisation de l&rsquo;acc\u00e8s \u00e0 l&rsquo;\u00e9nergie.<\/li>\n\n\n\n<li>Participation des citoyens \u00e0 la prise de d\u00e9cision.<\/li>\n\n\n\n<li>Inclusion \u00e9nerg\u00e9tique des groupes vuln\u00e9rables.<\/li>\n<\/ul>\n<\/li>\n<\/ol>\n\n<h2 class=\"wp-block-heading\" id=\"defis\">D\u00e9fis<\/h2>\n\n<ul class=\"wp-block-list\">\n<li><strong>Financement<\/strong>: difficult\u00e9 d&rsquo;acc\u00e8s \u00e0 l&rsquo;investissement initial.<\/li>\n\n\n\n<li><strong>Bureaucratie et r\u00e9glementation complexe<\/strong>.<\/li>\n\n\n\n<li><strong>Infrastructures limit\u00e9es<\/strong> dans les zones rurales (r\u00e9seaux intelligents, connectivit\u00e9).<\/li>\n\n\n\n<li><strong>Diffusion insuffisante<\/strong> aupr\u00e8s des citoyens et des PME.<\/li>\n<\/ul>\n\n<h2 class=\"wp-block-heading\" id=\"comparaison-avec-leurope\">Comparaison avec l&rsquo;Europe<\/h2>\n\n<figure class=\"wp-block-table\"><table class=\"has-fixed-layout\"><thead><tr><th>Pays<\/th><th>Nombre de communaut\u00e9s \u00e9nerg\u00e9tiques (2025)<\/th><\/tr><\/thead><tbody><tr><td>Allemagne<\/td><td>1.750<\/td><\/tr><tr><td>Espagne<\/td><td>659<\/td><\/tr><tr><td>Danemark<\/td><td>450<\/td><\/tr><tr><td>Les Pays-Bas<\/td><td>400<\/td><\/tr><\/tbody><\/table><\/figure>\n\n<p>  L&rsquo;Espagne progresse rapidement, mais a encore une marge de croissance par rapport \u00e0 des pays leaders comme l&rsquo;Allemagne.<\/p>\n\n<h2 class=\"wp-block-heading\" id=\"avenir-et-tendances\">Avenir et tendances<\/h2>\n\n<ul class=\"wp-block-list\">\n<li>Acc\u00e9l\u00e9ration de la croissance gr\u00e2ce \u00e0 des <strong>mod\u00e8les de crowdfunding<\/strong>.<\/li>\n\n\n\n<li>Int\u00e9gration des <strong>batteries de stockage<\/strong> et des <strong>v\u00e9hicules \u00e9lectriques<\/strong>.<\/li>\n\n\n\n<li>Expansion dans les <strong>petites municipalit\u00e9s<\/strong> avec soutien public.<\/li>\n\n\n\n<li>Renforcer le <strong>leadership des conseils locaux et des coop\u00e9ratives<\/strong>.<\/li>\n<\/ul>\n\n<p>Les <strong>659 communaut\u00e9s de l&rsquo;\u00e9nergie en Espagne<\/strong> montrent que le mod\u00e8le a cess\u00e9 d&rsquo;\u00eatre exp\u00e9rimental et est devenu <strong>une r\u00e9alit\u00e9 consolid\u00e9e<\/strong>. Malgr\u00e9 les d\u00e9fis, sa croissance est soutenue par un cadre juridique favorable, l&rsquo;innovation technologique et la prise de conscience sociale de la n\u00e9cessit\u00e9 d&rsquo;un syst\u00e8me \u00e9nerg\u00e9tique plus propre, plus d\u00e9mocratique et plus durable. <\/p>\n\n<p>Si vous souhaitez en savoir plus sur la mani\u00e8re de cr\u00e9er une communaut\u00e9 \u00e9nerg\u00e9tique dans votre commune ou votre quartier, consultez notre service de <strong><a href=\"https:\/\/fotovol.com\/fr\/services\/communautes-energetiques\/\">installation de communaut\u00e9s d&rsquo;\u00e9nergie<\/a><\/strong>. Nous vous accompagnons dans la conception, la gestion et la mise en \u0153uvre du projet afin que vous puissiez participer activement \u00e0 la transition \u00e9nerg\u00e9tique. <\/p>\n","protected":false},"excerpt":{"rendered":"<p>En 2025, l&rsquo;Espagne comptera 659 communaut\u00e9s \u00e9nerg\u00e9tiques. Nous vous expliquons leur croissance, leurs avantages et leur avenir dans la transition \u00e9nerg\u00e9tique. <\/p>\n","protected":false},"author":7,"featured_media":11920,"comment_status":"open","ping_status":"closed","sticky":false,"template":"","format":"standard","meta":{"_acf_changed":false,"footnotes":""},"categories":[103],"tags":[],"class_list":["post-13836","post","type-post","status-publish","format-standard","has-post-thumbnail","hentry","category-energies-renouvelables"],"acf":[],"_links":{"self":[{"href":"https:\/\/fotovol.com\/fr\/wp-json\/wp\/v2\/posts\/13836","targetHints":{"allow":["GET"]}}],"collection":[{"href":"https:\/\/fotovol.com\/fr\/wp-json\/wp\/v2\/posts"}],"about":[{"href":"https:\/\/fotovol.com\/fr\/wp-json\/wp\/v2\/types\/post"}],"author":[{"embeddable":true,"href":"https:\/\/fotovol.com\/fr\/wp-json\/wp\/v2\/users\/7"}],"replies":[{"embeddable":true,"href":"https:\/\/fotovol.com\/fr\/wp-json\/wp\/v2\/comments?post=13836"}],"version-history":[{"count":0,"href":"https:\/\/fotovol.com\/fr\/wp-json\/wp\/v2\/posts\/13836\/revisions"}],"wp:featuredmedia":[{"embeddable":true,"href":"https:\/\/fotovol.com\/fr\/wp-json\/wp\/v2\/media\/11920"}],"wp:attachment":[{"href":"https:\/\/fotovol.com\/fr\/wp-json\/wp\/v2\/media?parent=13836"}],"wp:term":[{"taxonomy":"category","embeddable":true,"href":"https:\/\/fotovol.com\/fr\/wp-json\/wp\/v2\/categories?post=13836"},{"taxonomy":"post_tag","embeddable":true,"href":"https:\/\/fotovol.com\/fr\/wp-json\/wp\/v2\/tags?post=13836"}],"curies":[{"name":"wp","href":"https:\/\/api.w.org\/{rel}","templated":true}]}}