{"id":13851,"date":"2025-08-24T18:34:35","date_gmt":"2025-08-24T16:34:35","guid":{"rendered":"https:\/\/fotovol.com\/energies-renouvelables\/reglements-sur-les-communautes-de-lenergie\/"},"modified":"2025-11-30T23:18:05","modified_gmt":"2025-11-30T22:18:05","slug":"reglements-sur-les-communautes-de-lenergie","status":"publish","type":"post","link":"https:\/\/fotovol.com\/fr\/reglementation-subventions\/reglements-sur-les-communautes-de-lenergie\/","title":{"rendered":"R\u00e8glements sur les Communaut\u00e9s de l&rsquo;\u00e9nergie"},"content":{"rendered":"\n<p>Les <strong>communaut\u00e9s \u00e9nerg\u00e9tiques<\/strong> sont essentielles \u00e0 la transition vers un mod\u00e8le \u00e9nerg\u00e9tique <strong>d\u00e9centralis\u00e9, durable et participatif<\/strong>. Gr\u00e2ce aux changements r\u00e9glementaires intervenus dans l&rsquo;Union europ\u00e9enne et \u00e0 leur transposition en Espagne, les citoyens peuvent d\u00e9sormais produire, partager et consommer collectivement de l&rsquo;\u00e9nergie renouvelable. <\/p>\n\n<h3 class=\"wp-block-heading\" id=\"legislation-europeenne-les-deux-chiffres-cles\">L\u00e9gislation europ\u00e9enne : les deux chiffres cl\u00e9s<\/h3>\n\n<p>En Europe, le <strong>paquet \u00ab\u00a0\u00e9nergie propre\u00a0\u00bb<\/strong> distingue deux mod\u00e8les :<\/p>\n\n<figure class=\"wp-block-table\"><table class=\"has-fixed-layout\"><thead><tr><th>Chiffre<\/th><th>Directive<\/th><th>En quoi consiste-t-il ?<\/th><th>Qui peut participer ?<\/th><\/tr><\/thead><tbody><tr><td><strong>Communaut\u00e9s d&rsquo;\u00e9nergie renouvelable (CER)<\/strong><\/td><td>UE 2018\/2001<\/td><td>Production et consommation d&rsquo;\u00e9nergies renouvelables (solaire, \u00e9olienne, biomasse).<\/td><td>Particuliers, PME et autorit\u00e9s locales proches du projet.<\/td><\/tr><tr><td><strong>Communaut\u00e9s \u00e9nerg\u00e9tiques de citoyens (CEC)<\/strong><\/td><td>UE 2019\/944<\/td><td>Gestion \u00e9largie : production, consommation, stockage et vente d&rsquo;\u00e9nergie.<\/td><td>Les citoyens, les municipalit\u00e9s et les petites entreprises.<\/td><\/tr><\/tbody><\/table><\/figure>\n\n<p><strong>Les REC<\/strong> se concentrent sur les \u00e9nergies renouvelables, tandis que les <strong>PCCE<\/strong> englobent un \u00e9ventail plus large d&rsquo;activit\u00e9s.<\/p>\n\n<h3 class=\"wp-block-heading\" id=\"legislation-espagnole-mise-a-jour-du-cadre-juridique\">L\u00e9gislation espagnole : mise \u00e0 jour du cadre juridique<\/h3>\n\n<p>L&rsquo;Espagne a adapt\u00e9 les directives europ\u00e9ennes \u00e0 sa l\u00e9gislation. Voici les principales \u00e9tapes : <\/p>\n\n<figure class=\"wp-block-table\"><table class=\"has-fixed-layout\"><thead><tr><th>Standard<\/th><th>Ann\u00e9e<\/th><th>Qu&rsquo;apporte-t-il ?<\/th><\/tr><\/thead><tbody><tr><td><strong>RD 244\/2019<\/strong><\/td><td>2019<\/td><td>Il r\u00e9glemente l&rsquo;<strong>autoconsommation partag\u00e9e<\/strong>: des voisins ou des entreprises peuvent partager une installation solaire.<\/td><\/tr><tr><td><strong>RD-Law 23\/2020<\/strong><\/td><td>2020<\/td><td>Elle introduit la notion de <strong>REC<\/strong> dans la loi sur le secteur de l&rsquo;\u00e9lectricit\u00e9.<\/td><\/tr><tr><td><strong>Loi RD 20\/2022<\/strong><\/td><td>2022<\/td><td>La distance maximale entre l&rsquo;installation et les consommateurs associ\u00e9s est port\u00e9e \u00e0 <strong>2 km.<\/strong> <\/td><\/tr><tr><td><strong>Ordonnance TED\/1446\/2021<\/strong><\/td><td>2021<\/td><td>Cr\u00e9e la base pour les subventions <strong>Implementa de la CE<\/strong> pour les projets pilotes.<\/td><\/tr><tr><td><strong>Projet MITECO RD (2023)<\/strong><\/td><td>2023<\/td><td>En consultation publique : cadre flexible pour les REC et les AAE.<\/td><\/tr><tr><td><strong>RD-Law 5\/2023<\/strong><\/td><td>2023<\/td><td>Il reconna\u00eet juridiquement le chiffre des <strong>AAE<\/strong>.<\/td><\/tr><tr><td><strong>Ordonnance TED\/764\/2024<\/strong><\/td><td>2024<\/td><td>Nouvelles subventions Implementa de la CE (5e et 6e appels \u00e0 propositions).<\/td><\/tr><\/tbody><\/table><\/figure>\n\n<h3 class=\"wp-block-heading\" id=\"quest-ce-que-cela-signifie-pour-vous-en-tant-quutilisateur\">Qu&rsquo;est-ce que cela signifie pour vous en tant qu&rsquo;utilisateur ?<\/h3>\n\n<ul class=\"wp-block-list\">\n<li>Vous pouvez <strong>partager l&rsquo;\u00e9nergie<\/strong> d&rsquo;une centrale solaire communautaire m\u00eame si elle n&rsquo;est pas situ\u00e9e sur votre toit.<\/li>\n\n\n\n<li>Vous pouvez rejoindre une communaut\u00e9 compos\u00e9e de <strong>voisins, de votre conseil municipal ou d&rsquo;une PME locale.<\/strong><\/li>\n\n\n\n<li>Les \u00e9conomies de facture et les <strong>r\u00e9ductions d&rsquo;\u00e9missions<\/strong> sont les principaux avantages, et non la rentabilit\u00e9 financi\u00e8re.<\/li>\n\n\n\n<li>Gr\u00e2ce \u00e0 la distance \u00e9tendue (2 km), il est plus facile d&rsquo;associer votre domicile \u00e0 des installations situ\u00e9es dans des zones industrielles ou sur des toits publics.<\/li>\n\n\n\n<li>Des <strong>subventions sp\u00e9cifiques<\/strong> sont disponibles pour les projets pilotes dans le cadre du programme Implementa de la CE.<\/li>\n<\/ul>\n\n<h3 class=\"wp-block-heading\" id=\"exigences-de-base-pour-la-creation-dune-communaute-de-lenergie\">Exigences de base pour la cr\u00e9ation d&rsquo;une communaut\u00e9 de l&rsquo;\u00e9nergie<\/h3>\n\n<ul class=\"wp-block-list\">\n<li>Avoir une <strong>personnalit\u00e9 juridique<\/strong> (coop\u00e9rative, association, soci\u00e9t\u00e9 anonyme, etc.).<\/li>\n\n\n\n<li><strong>Participation ouverte et volontaire<\/strong> des voisins, des PME et des administrations.<\/li>\n\n\n\n<li><strong>Contr\u00f4le effectif<\/strong> exerc\u00e9 par les actionnaires (d\u00e9cisions et distribution des b\u00e9n\u00e9fices).<\/li>\n\n\n\n<li>Objectif <strong>social, environnemental et \u00e9conomique<\/strong> pour la communaut\u00e9, et pas seulement financier.<\/li>\n<\/ul>\n\n<p>La r\u00e9glementation des communaut\u00e9s \u00e9nerg\u00e9tiques en Espagne est encore en cours d&rsquo;<strong>\u00e9laboration<\/strong>, mais elle permet d\u00e9j\u00e0 aux citoyens, aux entreprises et aux municipalit\u00e9s de <strong>cr\u00e9er et de g\u00e9rer des projets d&rsquo;autoconsommation collective<\/strong> avec un soutien juridique.<\/p>\n\n<p>\ud83d\udc49 Dans<strong><a href=\"https:\/\/fotovol.com\/fr\/services\/communautes-energetiques\/\"> notre service d&rsquo;installation de communaut\u00e9s \u00e9nerg\u00e9tiques<\/a><\/strong> nous vous conseillons sur le cadre r\u00e9glementaire en vigueur et sur la mani\u00e8re d&rsquo;en tirer parti pour promouvoir un projet dans votre commune ou votre communaut\u00e9 de voisins.<\/p>\n","protected":false},"excerpt":{"rendered":"<p>la r\u00e9glementation sur les communaut\u00e9s \u00e9nerg\u00e9tiques en Espagne et en Europe : quelles sont les lois qui les r\u00e9gissent, quels chiffres existent (RECs et PPAs) et comment ils profitent aux citoyens et aux municipalit\u00e9s.<\/p>\n","protected":false},"author":7,"featured_media":7728,"comment_status":"open","ping_status":"closed","sticky":false,"template":"","format":"standard","meta":{"_acf_changed":false,"footnotes":""},"categories":[100],"tags":[],"class_list":["post-13851","post","type-post","status-publish","format-standard","has-post-thumbnail","hentry","category-reglementation-subventions"],"acf":[],"_links":{"self":[{"href":"https:\/\/fotovol.com\/fr\/wp-json\/wp\/v2\/posts\/13851","targetHints":{"allow":["GET"]}}],"collection":[{"href":"https:\/\/fotovol.com\/fr\/wp-json\/wp\/v2\/posts"}],"about":[{"href":"https:\/\/fotovol.com\/fr\/wp-json\/wp\/v2\/types\/post"}],"author":[{"embeddable":true,"href":"https:\/\/fotovol.com\/fr\/wp-json\/wp\/v2\/users\/7"}],"replies":[{"embeddable":true,"href":"https:\/\/fotovol.com\/fr\/wp-json\/wp\/v2\/comments?post=13851"}],"version-history":[{"count":0,"href":"https:\/\/fotovol.com\/fr\/wp-json\/wp\/v2\/posts\/13851\/revisions"}],"wp:featuredmedia":[{"embeddable":true,"href":"https:\/\/fotovol.com\/fr\/wp-json\/wp\/v2\/media\/7728"}],"wp:attachment":[{"href":"https:\/\/fotovol.com\/fr\/wp-json\/wp\/v2\/media?parent=13851"}],"wp:term":[{"taxonomy":"category","embeddable":true,"href":"https:\/\/fotovol.com\/fr\/wp-json\/wp\/v2\/categories?post=13851"},{"taxonomy":"post_tag","embeddable":true,"href":"https:\/\/fotovol.com\/fr\/wp-json\/wp\/v2\/tags?post=13851"}],"curies":[{"name":"wp","href":"https:\/\/api.w.org\/{rel}","templated":true}]}}