{"id":13871,"date":"2025-08-24T18:46:21","date_gmt":"2025-08-24T16:46:21","guid":{"rendered":"https:\/\/fotovol.com\/energies-renouvelables\/quest-ce-quune-communaute-denergie-renouvelable-cer-et-en-quoi-differe-t-elle-de-la-cogeneration\/"},"modified":"2026-02-20T10:10:35","modified_gmt":"2026-02-20T09:10:35","slug":"quest-ce-quune-communaute-denergie-renouvelable-cer-et-en-quoi-differe-t-elle-de-la-cogeneration","status":"publish","type":"post","link":"https:\/\/fotovol.com\/fr\/energies-renouvelables\/quest-ce-quune-communaute-denergie-renouvelable-cer-et-en-quoi-differe-t-elle-de-la-cogeneration\/","title":{"rendered":"Qu&rsquo;est-ce qu&rsquo;une communaut\u00e9 d&rsquo;\u00e9nergie renouvelable (CER) et en quoi diff\u00e8re-t-elle de la cog\u00e9n\u00e9ration ?"},"content":{"rendered":"\n<p>es <strong>communaut\u00e9s \u00e9nerg\u00e9tiques<\/strong> sont un acteur cl\u00e9 de la <strong>transition vers un mod\u00e8le \u00e9nerg\u00e9tique durable, d\u00e9centralis\u00e9 et participatif<\/strong>. Gr\u00e2ce au <em>paquet \u00ab\u00a0\u00e9nergie propre\u00a0\u00bb de<\/em> l&rsquo;Union europ\u00e9enne, des cadres juridiques ont \u00e9t\u00e9 cr\u00e9\u00e9s pour permettre aux citoyens, aux PME et aux municipalit\u00e9s de devenir des acteurs cl\u00e9s de la transition \u00e9nerg\u00e9tique. <\/p>\n\n<p>Dans ce cadre, il y a deux figures principales :<\/p>\n\n<ul class=\"wp-block-list\">\n<li><strong>Communaut\u00e9s d&rsquo;\u00e9nergie renouvelable (REC) (<\/strong> directive europ\u00e9enne 2018\/2001).<\/li>\n\n\n\n<li><strong>Communaut\u00e9s \u00e9nerg\u00e9tiques de citoyens (CEM) (<\/strong> directive europ\u00e9enne 2019\/944).<\/li>\n<\/ul>\n\n<p>Bien qu&rsquo;ils partagent un objectif commun &#8211; promouvoir l&rsquo;\u00e9nergie propre et la participation des citoyens &#8211; ils pr\u00e9sentent des <strong>diff\u00e9rences majeures en ce qui concerne leur champ d&rsquo;application et leur mode de fonctionnement<\/strong>.<\/p>\n\n<p>Dans cet article, nous verrons ce qu&rsquo;est un <strong>ERC<\/strong>, ses principales caract\u00e9ristiques, en quoi il diff\u00e8re d&rsquo;un <strong>AAE<\/strong> et des exemples pratiques en Espagne.<\/p>\n\n<h2 class=\"wp-block-heading\" id=\"quest-ce-quune-communaute-denergie-renouvelable-cer\">Qu&rsquo;est-ce qu&rsquo;une communaut\u00e9 d&rsquo;\u00e9nergie renouvelable (CER) ?<\/h2>\n\n<p>Une <strong>communaut\u00e9 d&rsquo;\u00e9nergie renouvelable (CER)<\/strong> est une entit\u00e9 juridique compos\u00e9e de <strong>particuliers, de PME ou d&rsquo;autorit\u00e9s locales<\/strong> qui s&rsquo;associent de mani\u00e8re <strong>ouverte et volontaire<\/strong> pour d\u00e9velopper des projets <strong>locaux<\/strong> d&rsquo;<strong>\u00e9nergie renouvelable<\/strong> (photovolta\u00efque, \u00e9olienne, biomasse, etc.).<\/p>\n\n<h3 class=\"wp-block-heading\" id=\"principales-caracteristiques-des-cer\">Principales caract\u00e9ristiques des CER<\/h3>\n\n<ul class=\"wp-block-list\">\n<li><strong>Participation ouverte et volontaire<\/strong>: tout citoyen ou PME locale peut y adh\u00e9rer.<\/li>\n\n\n\n<li><strong>Contr\u00f4le d\u00e9mocratique<\/strong>: les d\u00e9cisions sont prises par les membres de la communaut\u00e9.<\/li>\n\n\n\n<li><strong>Proximit\u00e9 territoriale<\/strong>: les installations doivent \u00eatre proches des partenaires ou de la municipalit\u00e9.<\/li>\n\n\n\n<li><strong>Se concentrer sur les avantages locaux<\/strong>: ils ne recherchent pas des avantages financiers, mais un <strong>impact environnemental, social et \u00e9conomique positif<\/strong> pour la communaut\u00e9.<\/li>\n<\/ul>\n\n<h3 class=\"wp-block-heading\" id=\"objectifs-des-cer\">Objectifs des CER<\/h3>\n\n<ul class=\"wp-block-list\">\n<li>Favoriser la <strong>transition \u00e9nerg\u00e9tique<\/strong> en r\u00e9duisant les \u00e9missions.<\/li>\n\n\n\n<li>D\u00e9mocratiser l&rsquo;acc\u00e8s \u00e0 l&rsquo;\u00e9nergie : les citoyens cessent d&rsquo;\u00eatre de simples consommateurs et deviennent des <strong>prosommateurs<\/strong> (producteurs et consommateurs).<\/li>\n\n\n\n<li>R\u00e9alisez <strong>des \u00e9conomies<\/strong> sur vos factures d&rsquo;\u00e9lectricit\u00e9.<\/li>\n\n\n\n<li>Renforcer le d\u00e9veloppement local gr\u00e2ce \u00e0 des projets durables.<\/li>\n<\/ul>\n\n<p>Exemple : une coop\u00e9rative de quartier installe des panneaux solaires sur le toit d&rsquo;un centre sportif municipal pour alimenter 50 familles de la municipalit\u00e9.<\/p>\n\n<h2 class=\"wp-block-heading\" id=\"differences-entre-les-rec-et-les-aae\">Diff\u00e9rences entre les REC et les AAE<\/h2>\n\n<p>Bien qu&rsquo;ils partagent un esprit communautaire et durable, ils pr\u00e9sentent d&rsquo;importantes diff\u00e9rences :<\/p>\n\n<figure class=\"wp-block-table\"><table class=\"has-fixed-layout\"><thead><tr><th>Aspect<\/th><th>CER<\/th><th>CEC<\/th><\/tr><\/thead><tbody><tr><td><strong>R\u00e8glements<\/strong><\/td><td>Directive europ\u00e9enne 2018\/2001 (\u00e9nergies renouvelables)<\/td><td>Directive europ\u00e9enne 2019\/944 (\u00e9lectricit\u00e9)<\/td><\/tr><tr><td><strong>Champ d&rsquo;application<\/strong><\/td><td>\u00c9nergies renouvelables uniquement (solaire, \u00e9olienne, biomasse&#8230;)<\/td><td>Plus large : production, consommation, stockage, vente d&rsquo;\u00e9lectricit\u00e9<\/td><\/tr><tr><td><strong>Les participants<\/strong><\/td><td>Particuliers, PME et collectivit\u00e9s locales \u00e0 proximit\u00e9<\/td><td>Particuliers, PME, municipalit\u00e9s et petites entreprises<\/td><\/tr><tr><td><strong>Proximit\u00e9<\/strong><\/td><td>Oui, les projets doivent \u00eatre proches des membres.<\/td><td>La proximit\u00e9 territoriale n&rsquo;est pas toujours n\u00e9cessaire<\/td><\/tr><tr><td><strong>Objectif<\/strong><\/td><td>Impact local (social, environnemental, \u00e9conomique)<\/td><td>Impact social, environnemental et \u00e9conomique, mais avec une plus grande flexibilit\u00e9 dans la port\u00e9e.<\/td><\/tr><\/tbody><\/table><\/figure>\n\n<p>\ud83d\udc49 En bref :<\/p>\n\n<ul class=\"wp-block-list\">\n<li>Une <strong>REC<\/strong> est <strong>locale et se concentre sur les \u00e9nergies renouvelables<\/strong>.<\/li>\n\n\n\n<li>L&rsquo;<strong>AAE<\/strong> est <strong>plus large et plus souple<\/strong>, et couvre une gamme d&rsquo;activit\u00e9s \u00e9nerg\u00e9tiques allant au-del\u00e0 des \u00e9nergies renouvelables.<\/li>\n<\/ul>\n\n<h2 class=\"wp-block-heading\" id=\"reglementations-erc-et-ppa-en-espagne\">R\u00e9glementations ERC et PPA en Espagne<\/h2>\n\n<p>L&rsquo;Espagne est en train d&rsquo;adapter les directives europ\u00e9ennes \u00e0 sa <a href=\"https:\/\/fotovol.com\/fr\/reglementation-subventions\/reglements-sur-les-communautes-de-lenergie\/\" data-type=\"post\" data-id=\"13845\">l\u00e9gislation sur les communaut\u00e9s \u00e9nerg\u00e9tiques<\/a>. Voici les principales \u00e9tapes : <\/p>\n\n<ul class=\"wp-block-list\">\n<li><strong>RD 244\/2019<\/strong> \u2192 r\u00e9glemente l&rsquo;<strong>autoconsommation partag\u00e9e<\/strong> (base de nombreux CRE).<\/li>\n\n\n\n<li><strong>RD-Law 23\/2020<\/strong> \u2192 introduit la figure des RECs dans la loi sur le secteur de l&rsquo;\u00e9lectricit\u00e9.<\/li>\n\n\n\n<li>La <strong>loi RD 20\/2022<\/strong> \u2192 \u00e9tend la distance maximale entre l&rsquo;installation et les consommateurs \u00e0 <strong>2 km.<\/strong> <\/li>\n\n\n\n<li><strong>RD-Law 5\/2023<\/strong> \u2192 incorpore la d\u00e9finition de l&rsquo;<strong>APP<\/strong> dans la l\u00e9gislation espagnole.<\/li>\n\n\n\n<li>Les <strong>ordonnances TED\/1446\/2021 et TED\/764\/2024<\/strong> \u2192 CE Implementa \u2192 CE Implementa accordent des bases pour des projets pilotes.<\/li>\n<\/ul>\n\n<p>Cela signifie qu&rsquo;un cadre juridique est d\u00e9sormais en place pour permettre aux <strong>habitants, aux PME et aux municipalit\u00e9s de cr\u00e9er leurs propres communaut\u00e9s \u00e9nerg\u00e9tiques<\/strong> en b\u00e9n\u00e9ficiant d&rsquo;une s\u00e9curit\u00e9 juridique et d&rsquo;un soutien institutionnel.<\/p>\n\n<h2 class=\"wp-block-heading\" id=\"exemples-de-rec-et-daae-en-espagne\">Exemples de REC et d&rsquo;AAE en Espagne<\/h2>\n\n<ul class=\"wp-block-list\">\n<li><strong>CER (Communaut\u00e9s d&rsquo;\u00e9nergie renouvelable) :<\/strong>\n<ul class=\"wp-block-list\">\n<li><em>Sant Miquel de Campmajor (Girona<\/em>) : installation photovolta\u00efque de 3,5 kWp pour les r\u00e9sidents et les installations municipales.<\/li>\n\n\n\n<li><em>Tossa de Mar<\/em>: communaut\u00e9 avec 4,3 kWp alimentant des b\u00e2timents publics et des logements locaux.<\/li>\n<\/ul>\n<\/li>\n\n\n\n<li><strong>CCE (Communaut\u00e9s d&rsquo;\u00e9nergie citoyenne) :<\/strong>\n<ul class=\"wp-block-list\">\n<li><em>Barcelona Energ\u00eda<\/em>: entreprise publique municipale qui permet aux citoyens de consommer de l&rsquo;\u00e9lectricit\u00e9 100 % renouvelable.<\/li>\n\n\n\n<li><em>Pampelune<\/em>: projets pilotes combinant l&rsquo;autoconsommation, le stockage et la mobilit\u00e9 \u00e9lectrique partag\u00e9e.<\/li>\n<\/ul>\n<\/li>\n<\/ul>\n\n<h2 class=\"wp-block-heading\" id=\"avantages-des-rec\">Avantages des REC<\/h2>\n\n<ol class=\"wp-block-list\">\n<li><strong>\u00c9conomies \u00e9conomiques<\/strong>: r\u00e9duction directe des factures d&rsquo;\u00e9lectricit\u00e9.<\/li>\n\n\n\n<li><strong>Impact environnemental<\/strong>: moins de CO\u2082 et de d\u00e9pendance \u00e0 l&rsquo;\u00e9gard des combustibles fossiles.<\/li>\n\n\n\n<li><strong>Impact social<\/strong>: d\u00e9mocratisation de l&rsquo;acc\u00e8s \u00e0 l&rsquo;\u00e9nergie.<\/li>\n\n\n\n<li><strong>D\u00e9veloppement local<\/strong>: les b\u00e9n\u00e9fices sont r\u00e9investis dans la communaut\u00e9.<\/li>\n<\/ol>\n\n<h2 class=\"wp-block-heading\" id=\"lavenir-des-cer-et-des-csc-en-espagne\">L&rsquo;avenir des CER et des CSC en Espagne<\/h2>\n\n<ul class=\"wp-block-list\">\n<li>Une croissance acc\u00e9l\u00e9r\u00e9e est attendue gr\u00e2ce \u00e0 des programmes tels que <strong>CE Implementa.<\/strong><\/li>\n\n\n\n<li>Les municipalit\u00e9s joueront un r\u00f4le central en tant que moteurs des communaut\u00e9s \u00e9nerg\u00e9tiques locales.<\/li>\n\n\n\n<li>Le d\u00e9veloppement du <strong>stockage par batterie et des r\u00e9seaux intelligents<\/strong> permettra d&rsquo;accro\u00eetre la flexibilit\u00e9 et la stabilit\u00e9.<\/li>\n\n\n\n<li><\/li>\n<\/ul>\n\n<p><strong>Les communaut\u00e9s d&rsquo;\u00e9nergie renouvelable (CER)<\/strong> sont un outil essentiel pour responsabiliser les citoyens et acc\u00e9l\u00e9rer la transition \u00e9nerg\u00e9tique. Leur caract\u00e8re local, participatif et ax\u00e9 sur les \u00e9nergies renouvelables les diff\u00e9rencie des <strong>communaut\u00e9s de citoyens pour l&rsquo;\u00e9nergie (CCE)<\/strong>, qui offrent un cadre plus large et plus souple. <\/p>\n\n<p>Si vous voulez savoir comment mettre en place un <strong>REC ou une cog\u00e9n\u00e9ration<\/strong> dans votre commune, consultez notre service de <a href=\"https:\/\/fotovol.com\/fr\/services\/communautes-energetiques\/\"><strong>installation de communaut\u00e9s \u00e9nerg\u00e9tiques<\/strong><\/a>.<\/p>\n\n<p><\/p>\n","protected":false},"excerpt":{"rendered":"<p>Une communaut\u00e9 d&rsquo;\u00e9nergie renouvelable (REC) promeut des projets locaux d&rsquo;\u00e9nergie propre pr\u00e9sentant des avantages sociaux et environnementaux. D\u00e9couvrez en quoi elles diff\u00e8rent des CER. <\/p>\n","protected":false},"author":7,"featured_media":11909,"comment_status":"open","ping_status":"closed","sticky":false,"template":"","format":"standard","meta":{"_acf_changed":false,"footnotes":""},"categories":[103],"tags":[],"class_list":["post-13871","post","type-post","status-publish","format-standard","has-post-thumbnail","hentry","category-energies-renouvelables"],"acf":[],"_links":{"self":[{"href":"https:\/\/fotovol.com\/fr\/wp-json\/wp\/v2\/posts\/13871","targetHints":{"allow":["GET"]}}],"collection":[{"href":"https:\/\/fotovol.com\/fr\/wp-json\/wp\/v2\/posts"}],"about":[{"href":"https:\/\/fotovol.com\/fr\/wp-json\/wp\/v2\/types\/post"}],"author":[{"embeddable":true,"href":"https:\/\/fotovol.com\/fr\/wp-json\/wp\/v2\/users\/7"}],"replies":[{"embeddable":true,"href":"https:\/\/fotovol.com\/fr\/wp-json\/wp\/v2\/comments?post=13871"}],"version-history":[{"count":1,"href":"https:\/\/fotovol.com\/fr\/wp-json\/wp\/v2\/posts\/13871\/revisions"}],"predecessor-version":[{"id":17843,"href":"https:\/\/fotovol.com\/fr\/wp-json\/wp\/v2\/posts\/13871\/revisions\/17843"}],"wp:featuredmedia":[{"embeddable":true,"href":"https:\/\/fotovol.com\/fr\/wp-json\/wp\/v2\/media\/11909"}],"wp:attachment":[{"href":"https:\/\/fotovol.com\/fr\/wp-json\/wp\/v2\/media?parent=13871"}],"wp:term":[{"taxonomy":"category","embeddable":true,"href":"https:\/\/fotovol.com\/fr\/wp-json\/wp\/v2\/categories?post=13871"},{"taxonomy":"post_tag","embeddable":true,"href":"https:\/\/fotovol.com\/fr\/wp-json\/wp\/v2\/tags?post=13871"}],"curies":[{"name":"wp","href":"https:\/\/api.w.org\/{rel}","templated":true}]}}