{"id":14002,"date":"2025-09-08T12:59:29","date_gmt":"2025-09-08T10:59:29","guid":{"rendered":"https:\/\/fotovol.com\/energies-renouvelables\/puis-je-installer-une-borne-de-recharge-dans-la-rue\/"},"modified":"2026-02-16T17:00:34","modified_gmt":"2026-02-16T16:00:34","slug":"puis-je-installer-une-borne-de-recharge-dans-la-rue","status":"publish","type":"post","link":"https:\/\/fotovol.com\/fr\/mobilite-electrique\/puis-je-installer-une-borne-de-recharge-dans-la-rue\/","title":{"rendered":"Puis-je installer une borne de recharge dans la rue ?"},"content":{"rendered":"\n<p>La mobilit\u00e9 \u00e9lectrique se d\u00e9veloppe rapidement et de plus en plus de conducteurs se demandent comment et o\u00f9 recharger leur voiture. L&rsquo;une des questions les plus fr\u00e9quentes est la suivante : <em>puis-je installer une borne de recharge dans la rue devant mon domicile ou mon entreprise ?<\/em> <\/p>\n\n\n\n<p>La r\u00e9ponse courte est <strong>non, un particulier ne peut pas installer lui-m\u00eame une borne de recharge sur la voie publique.<\/strong> Ces points d\u00e9pendent de permis municipaux et sont normalement g\u00e9r\u00e9s par les conseils locaux ou les soci\u00e9t\u00e9s concessionnaires. Toutefois, il existe des alternatives et des subventions permettant d&rsquo;avoir son propre chargeur ou de demander l&rsquo;installation d&rsquo;un point de recharge dans sa r\u00e9gion.  <\/p>\n\n\n\n<p>Dans cet article, nous vous expliquons tout ce que vous devez savoir : les r\u00e9glementations, les permis, les co\u00fbts, les subventions et les options disponibles.<\/p>\n\n\n\n<hr class=\"wp-block-separator has-alpha-channel-opacity\"\/>\n\n\n\n<h2 class=\"wp-block-heading\" id=\"ce-que-dit-la-reglementation-sur-linstallation-dune-borne-de-recharge-dans-la-rue\">Ce que dit la r\u00e9glementation sur l&rsquo;installation d&rsquo;une borne de recharge dans la rue<\/h2>\n\n\n\n<p>En Espagne, l&rsquo;installation de bornes de recharge sur la voie publique est r\u00e9gie par diff\u00e9rentes r\u00e9glementations :<\/p>\n\n\n\n<ul class=\"wp-block-list\">\n<li><strong>R\u00e8glement \u00e9lectrotechnique basse tension (REBT)<\/strong> et son <strong>ITC BT-52<\/strong>, qui \u00e9tablissent les exigences techniques et de s\u00e9curit\u00e9.<\/li>\n\n\n\n<li><strong>La loi 7\/2021 sur le changement climatique et la transition \u00e9nerg\u00e9tique<\/strong>, qui oblige \u00e0 d\u00e9velopper l&rsquo;infrastructure de recharge dans les stations-service et les b\u00e2timents dot\u00e9s d&rsquo;un parking.<\/li>\n\n\n\n<li><strong>D\u00e9cret-loi royal 29\/2021<\/strong>, qui introduit des mesures urgentes pour promouvoir la mobilit\u00e9 \u00e9lectrique.<\/li>\n<\/ul>\n\n\n\n<p>Chaque municipalit\u00e9 applique \u00e9galement ses <strong>propres r\u00e8glements<\/strong>, qui pr\u00e9voient des autorisations d&rsquo;occupation de la route et des redevances sp\u00e9cifiques.<\/p>\n\n\n\n<hr class=\"wp-block-separator has-alpha-channel-opacity\"\/>\n\n\n\n<h2 class=\"wp-block-heading\" id=\"qui-peut-installer-des-bornes-de-recharge-sur-la-voie-publique\">Qui peut installer des bornes de recharge sur la voie publique ?<\/h2>\n\n\n\n<p>Un particulier ne peut pas placer un chargeur sur le trottoir devant sa maison, car la rue fait partie du domaine public. Les responsables de ce type d&rsquo;installation sont <\/p>\n\n\n\n<ul class=\"wp-block-list\">\n<li>Les <strong>municipalit\u00e9s<\/strong>, directement ou par le biais de concessions.<\/li>\n\n\n\n<li><strong>Entreprises d&rsquo;installation agr\u00e9\u00e9es<\/strong>, qui r\u00e9alisent des projets municipaux.<\/li>\n\n\n\n<li>Les <strong>partenariats public-priv\u00e9<\/strong>, dans lesquels une entreprise fournit l&rsquo;infrastructure et la municipalit\u00e9 l&rsquo;espace.<\/li>\n<\/ul>\n\n\n\n<hr class=\"wp-block-separator has-alpha-channel-opacity\"\/>\n\n\n\n<h2 class=\"wp-block-heading\" id=\"exigences-et-formalites-necessaires\">Exigences et formalit\u00e9s n\u00e9cessaires<\/h2>\n\n\n\n<p>Si une entreprise ou une administration souhaite installer une borne de recharge sur la voie publique, elle doit se conformer aux dispositions suivantes :<\/p>\n\n\n\n<ol class=\"wp-block-list\">\n<li><strong>Permis d&rsquo;occuper les voies publiques<\/strong> accord\u00e9 par le conseil municipal.<\/li>\n\n\n\n<li><strong>Raccordement au r\u00e9seau \u00e9lectrique<\/strong> et coordination avec la soci\u00e9t\u00e9 de distribution.<\/li>\n\n\n\n<li><strong>\u00c9tude de faisabilit\u00e9 technique<\/strong>, afin de garantir une puissance et une s\u00e9curit\u00e9 suffisantes.<\/li>\n\n\n\n<li><strong>Conformit\u00e9 r\u00e9glementaire<\/strong> (REBT, ITC BT-52, CTE, etc.).<\/li>\n\n\n\n<li><strong>Signalisation et accessibilit\u00e9<\/strong>, afin que le point ne g\u00eane pas les pi\u00e9tons et les personnes \u00e0 mobilit\u00e9 r\u00e9duite.<\/li>\n<\/ol>\n\n\n\n<hr class=\"wp-block-separator has-alpha-channel-opacity\"\/>\n\n\n\n<h2 class=\"wp-block-heading\" id=\"autres-solutions-si-vous-souhaitez-un-chargeur-pour-votre-voiture-electrique\">Autres solutions si vous souhaitez un chargeur pour votre voiture \u00e9lectrique<\/h2>\n\n\n\n<p>Si vous n&rsquo;\u00eates pas en mesure d&rsquo;installer un point dans la rue, plusieurs options s&rsquo;offrent \u00e0 vous :<\/p>\n\n\n\n<ul class=\"wp-block-list\">\n<li><strong>Garage priv\u00e9 (maison individuelle)<\/strong>: la solution la plus simple et la plus \u00e9conomique.<\/li>\n\n\n\n<li><strong>Garage communautaire<\/strong>: la loi sur la propri\u00e9t\u00e9 horizontale permet de l&rsquo;installer sans vote, en informant uniquement la communaut\u00e9.  <\/li>\n\n\n\n<li><strong>Parkings publics ou conc\u00e9d\u00e9s<\/strong>: certains parkings proposent l&rsquo;installation d&rsquo;une borne de recharge priv\u00e9e pour les abonn\u00e9s.<\/li>\n\n\n\n<li><strong>S&rsquo;adresser \u00e0 la municipalit\u00e9<\/strong>: certaines municipalit\u00e9s autorisent les habitants \u00e0 proposer des emplacements pour de nouveaux chargeurs publics.<\/li>\n<\/ul>\n\n\n\n<blockquote class=\"wp-block-quote is-layout-flow wp-block-quote-is-layout-flow\">\n<p><strong>Vous pourriez \u00eatre int\u00e9ress\u00e9 par<\/strong>: <a href=\"https:\/\/fotovol.com\/fr\/mobilite-electrique\/reglement-relatif-a-linstallation-dun-chargeur-de-voiture-electrique-dans-un-garage-communal\/\">R\u00e9glementation pour l&rsquo;installation d&rsquo;un chargeur de voiture \u00e9lectrique dans un garage collectif<\/a><\/p>\n<\/blockquote>\n\n\n\n<hr class=\"wp-block-separator has-alpha-channel-opacity\"\/>\n\n\n\n<h2 class=\"wp-block-heading\" id=\"couts-et-aides-disponibles\">Co\u00fbts et aides disponibles<\/h2>\n\n\n\n<p>Les prix varient en fonction de la puissance, du type de chargeur et de l&#8217;emplacement. A titre indicatif : <\/p>\n\n\n\n<ul class=\"wp-block-list\">\n<li><strong>Installation dans une maison individuelle<\/strong>: de 800 \u00e0 1 500 euros.<\/li>\n\n\n\n<li><strong>Installation dans un garage communal<\/strong>: entre 1 000 et 2 500 euros, en fonction de la distance par rapport \u00e0 la centrale.<\/li>\n\n\n\n<li><strong>Point sur la voie publique<\/strong>: peut d\u00e9passer 10 000 euros, car il n\u00e9cessite des travaux de g\u00e9nie civil, une signalisation et une connexion directe au r\u00e9seau.<\/li>\n<\/ul>\n\n\n\n<h3 class=\"wp-block-heading\" id=\"aides-et-subventions\">Aides et subventions<\/h3>\n\n\n\n<p>Le <strong>plan MOVES III<\/strong> est actuellement en vigueur :<\/p>\n\n\n\n<ul class=\"wp-block-list\">\n<li>Jusqu&rsquo;\u00e0 <strong>70 % de subvention<\/strong> pour les particuliers (80 % dans les communes de moins de 5 000 habitants).<\/li>\n\n\n\n<li>Entre <strong>30 % et 55 % pour les entreprises<\/strong>, en fonction de leur taille et de leur localisation.<\/li>\n<\/ul>\n\n\n\n<p>En outre, certaines municipalit\u00e9s et communaut\u00e9s autonomes disposent d&rsquo;aides compl\u00e9mentaires.<\/p>\n\n\n\n<hr class=\"wp-block-separator has-alpha-channel-opacity\"\/>\n\n\n\n<h2 class=\"wp-block-heading\" id=\"questions-frequemment-posees\">Questions fr\u00e9quemment pos\u00e9es<\/h2>\n\n\n<div id=\"rank-math-faq\" class=\"rank-math-block\">\n<div class=\"rank-math-list \">\n<div id=\"faq-question-1757328332611\" class=\"rank-math-list-item\">\n<h3 class=\"rank-math-question \" id=\"puis-je-demander-a-la-municipalite-dinstaller-une-borne-de-recharge-dans-mon-quartier\">Puis-je demander \u00e0 la municipalit\u00e9 d&rsquo;installer une borne de recharge dans mon quartier ?<\/h3>\n<div class=\"rank-math-answer \">\n\n<p>Oui, de nombreuses municipalit\u00e9s disposent de programmes de mobilit\u00e9 \u00e9lectrique et prennent en compte les demandes des quartiers lorsqu&rsquo;elles d\u00e9cident de nouveaux emplacements.<\/p>\n\n<\/div>\n<\/div>\n<div id=\"faq-question-1757328345573\" class=\"rank-math-list-item\">\n<h3 class=\"rank-math-question \" id=\"est-il-legal-de-placer-un-chargeur-sur-le-trottoir-devant-ma-maison\">Est-il l\u00e9gal de placer un chargeur sur le trottoir devant ma maison ?<\/h3>\n<div class=\"rank-math-answer \">\n\n<p>Non. La voie publique est d&rsquo;usage commun et seule l&rsquo;administration peut autoriser ce type d&rsquo;installation. <\/p>\n\n<\/div>\n<\/div>\n<div id=\"faq-question-1757328359490\" class=\"rank-math-list-item\">\n<h3 class=\"rank-math-question \" id=\"quelle-est-la-reglementation-applicable-aux-points-de-recharge-en-espagne\">Quelle est la r\u00e9glementation applicable aux points de recharge en Espagne ?<\/h3>\n<div class=\"rank-math-answer \">\n\n<p>Principalement l&rsquo;<strong>ITC BT-52 du REBT<\/strong>, le <strong>Code technique de la construction (CTE)<\/strong>, la <strong>loi sur le changement climatique<\/strong> et le <strong>d\u00e9cret-loi royal 29\/2021<\/strong>.<\/p>\n\n<\/div>\n<\/div>\n<div id=\"faq-question-1757328375019\" class=\"rank-math-list-item\">\n<h3 class=\"rank-math-question \" id=\"combien-coute-la-mise-en-place-dun-chargeur-electrique-dans-la-rue\">Combien co\u00fbte la mise en place d&rsquo;un chargeur \u00e9lectrique dans la rue ?<\/h3>\n<div class=\"rank-math-answer \">\n\n<p>Une borne de recharge publique peut co\u00fbter plus de <strong>10 000 euros<\/strong>, y compris les travaux de g\u00e9nie civil, les permis et le raccordement.<\/p>\n\n<\/div>\n<\/div>\n<div id=\"faq-question-1757328392163\" class=\"rank-math-list-item\">\n<h3 class=\"rank-math-question \" id=\"quelles-sont-les-autres-possibilites-si-je-ne-peux-pas-installer-mon-vehicule-dans-la-rue\">Quelles sont les autres possibilit\u00e9s si je ne peux pas installer mon v\u00e9hicule dans la rue ?<\/h3>\n<div class=\"rank-math-answer \">\n\n<p>Installez-les dans un garage priv\u00e9 ou collectif, utilisez les chargeurs publics existants ou demandez \u00e0 votre municipalit\u00e9 d&rsquo;en installer un dans votre r\u00e9gion.<\/p>\n\n<\/div>\n<\/div>\n<\/div>\n<\/div>\n\n\n<p>Un particulier <strong>ne peut pas installer lui-m\u00eame une borne de recharge dans la rue<\/strong>, car cela n\u00e9cessite des autorisations municipales et est g\u00e9n\u00e9ralement g\u00e9r\u00e9 par des concessions publiques.<\/p>\n\n\n\n<p>La bonne nouvelle, c&rsquo;est qu&rsquo;il existe des alternatives plus accessibles (garages ou parkings priv\u00e9s ou communaux) et des subventions comme le <strong>plan MOVES III<\/strong> qui facilitent <a href=\"https:\/\/fotovol.com\/fr\/services\/bornes-de-recharge-pour-vehicules-electriques\/\">l\u00b4installation de votre propre chargeur<\/a>.<\/p>\n\n\n\n<p>La mobilit\u00e9 \u00e9lectrique progresse et de plus en plus d&rsquo;options de recharge seront disponibles dans nos villes.<\/p>\n\n\n\n<p><\/p>\n","protected":false},"excerpt":{"rendered":"<p>Non, un particulier ne peut pas installer lui-m\u00eame une borne de recharge sur la voie publique. Ces points d\u00e9pendent de permis municipaux et sont normalement g\u00e9r\u00e9s par les conseils locaux ou les soci\u00e9t\u00e9s concessionnaires. Cependant, il existe des alternatives et des subventions pour avoir votre propre chargeur ou demander une installation dans votre r\u00e9gion.  <\/p>\n","protected":false},"author":7,"featured_media":13996,"comment_status":"open","ping_status":"closed","sticky":false,"template":"","format":"standard","meta":{"_acf_changed":false,"footnotes":""},"categories":[115],"tags":[],"class_list":["post-14002","post","type-post","status-publish","format-standard","has-post-thumbnail","hentry","category-mobilite-electrique"],"acf":[],"_links":{"self":[{"href":"https:\/\/fotovol.com\/fr\/wp-json\/wp\/v2\/posts\/14002","targetHints":{"allow":["GET"]}}],"collection":[{"href":"https:\/\/fotovol.com\/fr\/wp-json\/wp\/v2\/posts"}],"about":[{"href":"https:\/\/fotovol.com\/fr\/wp-json\/wp\/v2\/types\/post"}],"author":[{"embeddable":true,"href":"https:\/\/fotovol.com\/fr\/wp-json\/wp\/v2\/users\/7"}],"replies":[{"embeddable":true,"href":"https:\/\/fotovol.com\/fr\/wp-json\/wp\/v2\/comments?post=14002"}],"version-history":[{"count":4,"href":"https:\/\/fotovol.com\/fr\/wp-json\/wp\/v2\/posts\/14002\/revisions"}],"predecessor-version":[{"id":17641,"href":"https:\/\/fotovol.com\/fr\/wp-json\/wp\/v2\/posts\/14002\/revisions\/17641"}],"wp:featuredmedia":[{"embeddable":true,"href":"https:\/\/fotovol.com\/fr\/wp-json\/wp\/v2\/media\/13996"}],"wp:attachment":[{"href":"https:\/\/fotovol.com\/fr\/wp-json\/wp\/v2\/media?parent=14002"}],"wp:term":[{"taxonomy":"category","embeddable":true,"href":"https:\/\/fotovol.com\/fr\/wp-json\/wp\/v2\/categories?post=14002"},{"taxonomy":"post_tag","embeddable":true,"href":"https:\/\/fotovol.com\/fr\/wp-json\/wp\/v2\/tags?post=14002"}],"curies":[{"name":"wp","href":"https:\/\/api.w.org\/{rel}","templated":true}]}}